{"id":636983,"date":"2023-09-25T09:08:12","date_gmt":"2023-09-25T05:08:12","guid":{"rendered":"https:\/\/arantv.az\/?p=636983"},"modified":"2023-09-25T09:08:12","modified_gmt":"2023-09-25T05:08:12","slug":"susa-%c9%99trafinda-erm%c9%99nistan-silahli-birl%c9%99sm%c9%99l%c9%99rin%c9%99-m%c9%99xsus-kvadrokopter-musadir%c9%99-edilib-foto-video","status":"publish","type":"post","link":"https:\/\/arantv.az\/?p=636983","title":{"rendered":"\u015eu\u015fa \u0259traf\u0131nda Erm\u0259nistan silahl\u0131 birl\u0259\u015fm\u0259l\u0259rin\u0259 m\u0259xsus kvadrokopter m\u00fcsadir\u0259 edilib &#8211; FOTO\/V\u0130DEO"},"content":{"rendered":"<p>Az\u0259rbaycan\u0131n Qaraba\u011f b\u00f6lg\u0259sind\u0259 ke\u00e7iril\u0259n lokal xarakterli antiterror t\u0259dbirl\u0259rind\u0259n sonra \u015eu\u015fa \u0259traf\u0131nda olan \u0259razid\u0259 Erm\u0259nistan silahl\u0131 q\u00fcvv\u0259l\u0259ri birl\u0259\u015fm\u0259l\u0259rin\u0259 m\u0259xsus kvadrokopter m\u00fcsadir\u0259 edilib.<\/p>\n<p>Bu bar\u0259d\u0259 \u201cReport\u201dun \u015eu\u015faya ezam olunmu\u015f \u0259m\u0259kda\u015f\u0131 x\u0259b\u0259r verir.<\/p>\n<p>Bel\u0259 ki, \u00f6t\u0259n g\u00fcn &#8211; sentyabr\u0131n 23-d\u0259 kvadrokopter kustar \u00fcsulla haz\u0131rlanm\u0131\u015f m\u0259rmil\u0259ri il\u0259 birg\u0259 \u015eu\u015fada s\u0259f\u0259rd\u0259 olan Az\u0259rbaycanda akkredit\u0259 olunmu\u015f xarici d\u00f6vl\u0259tl\u0259rin h\u0259rbi atte\u015fel\u0259rin\u0259 g\u00f6st\u0259rilib.<\/p>\n<p>Az\u0259rbaycan Ordusunun general-leytenant\u0131 Mais B\u0259rxudarov onlar\u0131 h\u0259rbi atte\u015fel\u0259r\u0259 t\u0259qdim edib.<\/p>\n<p>O bildirib ki, kvadrokopter kustar \u00fcsulla haz\u0131rlanm\u0131\u015f m\u0259rmil\u0259ri il\u0259 birg\u0259 \u015eu\u015fa \u0259traf\u0131nda olan b\u00f6lg\u0259l\u0259rd\u0259 Erm\u0259nistan silahl\u0131 q\u00fcvv\u0259l\u0259ri birl\u0259\u015fm\u0259l\u0259rind\u0259n m\u00fcsadir\u0259 edilib:<\/p>\n<p>\u201cM\u0259hz bu tip kvadrokopterl\u0259r\u0259 qura\u015fd\u0131r\u0131lm\u0131\u015f m\u0259rmil\u0259r vasit\u0259sil\u0259 m\u00f6vqel\u0259rimiz at\u0259\u015f\u0259 m\u0259ruz qal\u0131rd\u0131\u201d.<\/p>\n<div><iframe loading=\"lazy\" title=\"YouTube video player\" src=\"https:\/\/www.youtube.com\/embed\/FTU3JdFap2Y?si=fHQobWP1BNQdHcFB\" width=\"560\" height=\"315\" frameborder=\"0\" allowfullscreen=\"allowfullscreen\" data-mce-fragment=\"1\"><\/iframe><\/div>\n<p><img src=\"https:\/\/cdn.oxu.az\/uploads\/W1siZiIsIjIwMjMvMDkvMjQvMjEvMDkvNDgvMjQyNzEwYmItODdkNy00OWE3LWJhYzYtNGRmYTc3NmU5MjEwLzQuanBnIl0sWyJwIiwiZW5jb2RlIiwianBnIiwiLXF1YWxpdHkgODAiXSxbInAiLCJ0aHVtYiIsIjU5MHg1OTBcdTAwM2UiXV0?sha=cc9153945f7b4e81\" alt=\"\" \/><img src=\"https:\/\/cdn.oxu.az\/uploads\/W1siZiIsIjIwMjMvMDkvMjQvMjEvMDkvNDgvZTI1ZDdmNmMtNWUxNi00ZTYzLWJiMTItYWUyODc2ZWJlMTQ1LzUuanBnIl0sWyJwIiwiZW5jb2RlIiwianBnIiwiLXF1YWxpdHkgODAiXSxbInAiLCJ0aHVtYiIsIjU5MHg1OTBcdTAwM2UiXV0?sha=f661523118ec9882\" alt=\"\" \/><\/p>\n","protected":false},"excerpt":{"rendered":"<p>Az\u0259rbaycan\u0131n Qaraba\u011f b\u00f6lg\u0259sind\u0259 ke\u00e7iril\u0259n lokal xarakterli antiterror t\u0259dbirl\u0259rind\u0259n sonra \u015eu\u015fa \u0259traf\u0131nda olan \u0259razid\u0259 Erm\u0259nistan silahl\u0131 q\u00fcvv\u0259l\u0259ri birl\u0259\u015fm\u0259l\u0259rin\u0259 m\u0259xsus kvadrokopter m\u00fcsadir\u0259 edilib. Bu bar\u0259d\u0259 \u201cReport\u201dun \u015eu\u015faya ezam olunmu\u015f \u0259m\u0259kda\u015f\u0131 x\u0259b\u0259r verir. Bel\u0259 ki, \u00f6t\u0259n g\u00fcn &#8211; sentyabr\u0131n 23-d\u0259 kvadrokopter kustar \u00fcsulla haz\u0131rlanm\u0131\u015f m\u0259rmil\u0259ri il\u0259 birg\u0259 \u015eu\u015fada s\u0259f\u0259rd\u0259 olan Az\u0259rbaycanda akkredit\u0259 olunmu\u015f xarici d\u00f6vl\u0259tl\u0259rin h\u0259rbi atte\u015fel\u0259rin\u0259 g\u00f6st\u0259rilib. Az\u0259rbaycan Ordusunun general-leytenant\u0131 Mais B\u0259rxudarov onlar\u0131 h\u0259rbi atte\u015fel\u0259r\u0259 t\u0259qdim edib. O bildirib ki, kvadrokopter kustar \u00fcsulla haz\u0131rlanm\u0131\u015f m\u0259rmil\u0259ri il\u0259 birg\u0259 \u015eu\u015fa \u0259traf\u0131nda olan b\u00f6lg\u0259l\u0259rd\u0259 Erm\u0259nistan silahl\u0131 q\u00fcvv\u0259l\u0259ri birl\u0259\u015fm\u0259l\u0259rind\u0259n m\u00fcsadir\u0259 edilib: \u201cM\u0259hz bu tip kvadrokopterl\u0259r\u0259 qura\u015fd\u0131r\u0131lm\u0131\u015f&hellip;<\/p>\n","protected":false},"author":2,"featured_media":636986,"comment_status":"closed","ping_status":"closed","sticky":false,"template":"","format":"standard","meta":{"om_disable_all_campaigns":false,"_monsterinsights_skip_tracking":false,"_monsterinsights_sitenote_active":false,"_monsterinsights_sitenote_note":"","_monsterinsights_sitenote_category":0},"categories":[1],"tags":[],"aioseo_notices":[],"gutentor_comment":0,"rttpg_featured_image_url":{"full":["https:\/\/arantv.az\/wp-content\/uploads\/2023\/09\/dddd.jpg",620,413,false],"landscape":["https:\/\/arantv.az\/wp-content\/uploads\/2023\/09\/dddd.jpg",620,413,false],"portraits":["https:\/\/arantv.az\/wp-content\/uploads\/2023\/09\/dddd.jpg",620,413,false],"thumbnail":["https:\/\/arantv.az\/wp-content\/uploads\/2023\/09\/dddd-500x280.jpg",500,280,true],"medium":["https:\/\/arantv.az\/wp-content\/uploads\/2023\/09\/dddd-548x365.jpg",548,365,true],"large":["https:\/\/arantv.az\/wp-content\/uploads\/2023\/09\/dddd.jpg",620,413,false],"1536x1536":["https:\/\/arantv.az\/wp-content\/uploads\/2023\/09\/dddd.jpg",620,413,false],"2048x2048":["https:\/\/arantv.az\/wp-content\/uploads\/2023\/09\/dddd.jpg",620,413,false],"post-thumbnail":["https:\/\/arantv.az\/wp-content\/uploads\/2023\/09\/dddd-240x172.jpg",240,172,true],"advps-thumb-one":["https:\/\/arantv.az\/wp-content\/uploads\/2023\/09\/dddd.jpg",620,413,false]},"rttpg_author":{"display_name":"V\u00fcsal Rafiqo\u011flu","author_link":"https:\/\/arantv.az\/?author=2"},"rttpg_comment":0,"rttpg_category":"<a href=\"https:\/\/arantv.az\/?cat=1\" rel=\"category\">C\u0259miyy\u0259t<\/a>","rttpg_excerpt":"Az\u0259rbaycan\u0131n Qaraba\u011f b\u00f6lg\u0259sind\u0259 ke\u00e7iril\u0259n lokal xarakterli antiterror t\u0259dbirl\u0259rind\u0259n sonra \u015eu\u015fa \u0259traf\u0131nda olan \u0259razid\u0259 Erm\u0259nistan silahl\u0131 q\u00fcvv\u0259l\u0259ri birl\u0259\u015fm\u0259l\u0259rin\u0259 m\u0259xsus kvadrokopter m\u00fcsadir\u0259 edilib. Bu bar\u0259d\u0259 \u201cReport\u201dun \u015eu\u015faya ezam olunmu\u015f \u0259m\u0259kda\u015f\u0131 x\u0259b\u0259r verir. Bel\u0259 ki, \u00f6t\u0259n g\u00fcn &#8211; sentyabr\u0131n 23-d\u0259 kvadrokopter kustar \u00fcsulla haz\u0131rlanm\u0131\u015f m\u0259rmil\u0259ri il\u0259 birg\u0259 \u015eu\u015fada s\u0259f\u0259rd\u0259 olan Az\u0259rbaycanda akkredit\u0259 olunmu\u015f xarici d\u00f6vl\u0259tl\u0259rin h\u0259rbi atte\u015fel\u0259rin\u0259 g\u00f6st\u0259rilib.&hellip;","_links":{"self":[{"href":"https:\/\/arantv.az\/index.php?rest_route=\/wp\/v2\/posts\/636983"}],"collection":[{"href":"https:\/\/arantv.az\/index.php?rest_route=\/wp\/v2\/posts"}],"about":[{"href":"https:\/\/arantv.az\/index.php?rest_route=\/wp\/v2\/types\/post"}],"author":[{"embeddable":true,"href":"https:\/\/arantv.az\/index.php?rest_route=\/wp\/v2\/users\/2"}],"replies":[{"embeddable":true,"href":"https:\/\/arantv.az\/index.php?rest_route=%2Fwp%2Fv2%2Fcomments&post=636983"}],"version-history":[{"count":0,"href":"https:\/\/arantv.az\/index.php?rest_route=\/wp\/v2\/posts\/636983\/revisions"}],"wp:featuredmedia":[{"embeddable":true,"href":"https:\/\/arantv.az\/index.php?rest_route=\/wp\/v2\/media\/636986"}],"wp:attachment":[{"href":"https:\/\/arantv.az\/index.php?rest_route=%2Fwp%2Fv2%2Fmedia&parent=636983"}],"wp:term":[{"taxonomy":"category","embeddable":true,"href":"https:\/\/arantv.az\/index.php?rest_route=%2Fwp%2Fv2%2Fcategories&post=636983"},{"taxonomy":"post_tag","embeddable":true,"href":"https:\/\/arantv.az\/index.php?rest_route=%2Fwp%2Fv2%2Ftags&post=636983"}],"curies":[{"name":"wp","href":"https:\/\/api.w.org\/{rel}","templated":true}]}}