{"id":63699,"date":"2019-06-03T11:40:21","date_gmt":"2019-06-03T08:40:21","guid":{"rendered":"http:\/\/arantv.az\/?p=63699"},"modified":"2019-06-03T11:40:21","modified_gmt":"2019-06-03T08:40:21","slug":"fitr%c9%99-z%c9%99katinin-miqdari-n%c9%99-q%c9%99d%c9%99rdir-v%c9%99-nec%c9%99-cixarilir","status":"publish","type":"post","link":"https:\/\/arantv.az\/?p=63699","title":{"rendered":"Fitr\u0259 z\u0259kat\u0131n\u0131n miqdar\u0131 n\u0259 q\u0259d\u0259rdir v\u0259 nec\u0259 \u00e7\u0131xar\u0131l\u0131r?"},"content":{"rendered":"<p>Qafqaz M\u00fcs\u0259lmanlar\u0131 \u0130dar\u0259sinin (QM\u0130) Qaz\u0131lar \u015euras\u0131n\u0131n f\u0259tvas\u0131na \u0259sas\u0259n, oruclu\u011fun m\u00fch\u00fcm \u0259m\u0259ll\u0259rind\u0259n biri olan fitr\u0259 z\u0259kat\u0131n\u0131n vaxt\u0131 Ramazan ay\u0131n\u0131n son g\u00fcn\u00fcd\u00fcr. Fitr\u0259 z\u0259kat\u0131 Yaradana \u015f\u00fckr\u00fcn bir ifad\u0259si v\u0259 can\u0131n s\u0259d\u0259q\u0259si hesab olunur. B\u0259s fitr\u0259 z\u0259kat\u0131n\u0131n miqdar\u0131 n\u0259 q\u0259d\u0259rdir v\u0259 \u015f\u0259rtl\u0259ri nec\u0259dir?<\/p>\n<p>QM\u0130-nin s\u0259lahiyy\u0259tli n\u00fcmay\u0259nd\u0259si, ilahiyyat\u00e7\u0131 Hac\u0131 \u015eahin H\u0259s\u0259nli report-a deyib ki, fitr\u0259 z\u0259kat\u0131 bayram namaz\u0131na q\u0259d\u0259r \u00e7\u0131xar\u0131lmal\u0131d\u0131r: \u201cAil\u0259 \u00fczvl\u0259rinin h\u0259r birinin ad\u0131ndan 3 kiloqram arpa, bu\u011fda, xurma, ki\u015fmi\u015f, d\u00fcy\u00fc v\u0259 s. \u0259rzaq n\u00f6vl\u0259rini fitr\u0259 z\u0259kat\u0131 \u00e7\u0131xarmaq laz\u0131md\u0131r. Builki t\u0259qvim\u0259 \u0259sas\u0259n, fitr\u0259 z\u0259kat\u0131 iyunun 4-d\u0259 ax\u015fam saatlar\u0131ndan iyunun 5-d\u0259k, daha d\u0259qiq des\u0259k, bayram namaz\u0131na q\u0259d\u0259r (08:00 v\u0259 ya 09:00-a q\u0259d\u0259r) \u00e7\u0131xar\u0131lmas\u0131 vacibdir. Fitr\u0259 z\u0259kat\u0131 ehtiyac\u0131 olanlara verilm\u0259lidir. H\u0259disl\u0259rd\u0259 qeyd olunur ki, fitr\u0259 z\u0259kat\u0131 verm\u0259y\u0259nin orucu q\u0259bul olunmaz. Bu, orucun q\u0259bul olunmas\u0131n\u0131n \u015f\u0259rtl\u0259rind\u0259n biridir\u201d.<\/p>\n<div id=\"AdviadNativeVideo0\" class=\"AdviadNativeVideo\"><\/div>\n<p>\u0130lahiyyat\u00e7\u0131 bildirib ki, fitr\u0259 z\u0259kat\u0131n\u0131n miqdar\u0131 QM\u0130 t\u0259r\u0259find\u0259n t\u0259qrib\u0259n 5-10 manat civar\u0131nda m\u00fc\u0259yy\u0259nl\u0259\u015fdirilib: \u201cBu da h\u0259r bir ail\u0259 \u00fczv\u00fcn\u00fcn ad\u0131ndan v\u0259 ail\u0259 ba\u015f\u00e7\u0131s\u0131 t\u0259r\u0259find\u0259n \u00f6d\u0259nilm\u0259lidir. \u018fg\u0259r, ail\u0259d\u0259 5 n\u0259f\u0259r varsa, ail\u0259 ba\u015f\u00e7\u0131s\u0131 t\u0259r\u0259find\u0259n 25-50 manat m\u0259bl\u0259\u011find\u0259 fitr\u0259 z\u0259kat\u0131 \u00e7\u0131xar\u0131lmal\u0131d\u0131r. H\u0259disl\u0259rd\u0259 qeyd olunur ki, Ramazan ay\u0131nda oruc tutma\u011f\u0131n f\u0259ls\u0259f\u0259sind\u0259n biri d\u0259 ehtiyacl\u0131 insanlar\u0131n hal\u0131ndan x\u0259b\u0259rdar olmaqd\u0131r. Eyni zamanda, bu, insanlarda payla\u015fmaq, b\u00f6l\u00fc\u015fm\u0259k, h\u0259mr\u0259ylik t\u0259\u0259ss\u00fcrat\u0131 yarad\u0131r. Bununla da fitr\u0259 z\u0259kat\u0131 bayram \u0259hval-ruhiyy\u0259sinin meydana g\u0259lm\u0259sin\u0259 xidm\u0259t edir. Ona g\u00f6r\u0259 d\u0259 imkanl\u0131 \u015f\u0259xsl\u0259r ehtiyacl\u0131 insanlar\u0131 unutmamal\u0131d\u0131r. \u00c7\u00fcnki bu, t\u0259kc\u0259 f\u0259rdi ibad\u0259t deyil, h\u0259m d\u0259 sosial mahiyy\u0259ti olan bir ibad\u0259tdir\u201d.<\/p>\n<p>Qeyd ed\u0259k ki, Fitr bayram\u0131 (\u015e\u0259vval ay\u0131n\u0131n 1-i) Ay\u0131n \u00fcf\u00fcqi \u0259razid\u0259 g\u00f6r\u00fcnm\u0259sin\u0259 \u0259sas\u0259n iyunun 5-n\u0259 t\u0259sad\u00fcf edir.<\/p>\n","protected":false},"excerpt":{"rendered":"<p>Qafqaz M\u00fcs\u0259lmanlar\u0131 \u0130dar\u0259sinin (QM\u0130) Qaz\u0131lar \u015euras\u0131n\u0131n f\u0259tvas\u0131na \u0259sas\u0259n, oruclu\u011fun m\u00fch\u00fcm \u0259m\u0259ll\u0259rind\u0259n biri olan fitr\u0259 z\u0259kat\u0131n\u0131n vaxt\u0131 Ramazan ay\u0131n\u0131n son g\u00fcn\u00fcd\u00fcr. Fitr\u0259 z\u0259kat\u0131 Yaradana \u015f\u00fckr\u00fcn bir ifad\u0259si v\u0259 can\u0131n s\u0259d\u0259q\u0259si hesab olunur. B\u0259s fitr\u0259 z\u0259kat\u0131n\u0131n miqdar\u0131 n\u0259 q\u0259d\u0259rdir v\u0259 \u015f\u0259rtl\u0259ri nec\u0259dir? QM\u0130-nin s\u0259lahiyy\u0259tli n\u00fcmay\u0259nd\u0259si, ilahiyyat\u00e7\u0131 Hac\u0131 \u015eahin H\u0259s\u0259nli report-a deyib ki, fitr\u0259 z\u0259kat\u0131 bayram namaz\u0131na q\u0259d\u0259r \u00e7\u0131xar\u0131lmal\u0131d\u0131r: \u201cAil\u0259 \u00fczvl\u0259rinin h\u0259r birinin ad\u0131ndan 3 kiloqram arpa, bu\u011fda, xurma, ki\u015fmi\u015f, d\u00fcy\u00fc v\u0259 s. \u0259rzaq n\u00f6vl\u0259rini fitr\u0259 z\u0259kat\u0131 \u00e7\u0131xarmaq laz\u0131md\u0131r. Builki t\u0259qvim\u0259 \u0259sas\u0259n, fitr\u0259 z\u0259kat\u0131 iyunun 4-d\u0259 ax\u015fam saatlar\u0131ndan iyunun 5-d\u0259k, daha d\u0259qiq des\u0259k,&hellip;<\/p>\n","protected":false},"author":2,"featured_media":63700,"comment_status":"closed","ping_status":"closed","sticky":false,"template":"","format":"standard","meta":{"om_disable_all_campaigns":false,"_monsterinsights_skip_tracking":false,"_monsterinsights_sitenote_active":false,"_monsterinsights_sitenote_note":"","_monsterinsights_sitenote_category":0},"categories":[1],"tags":[],"aioseo_notices":[],"gutentor_comment":0,"rttpg_featured_image_url":{"full":["https:\/\/arantv.az\/wp-content\/uploads\/2019\/06\/449028.jpg",649,487,false],"landscape":["https:\/\/arantv.az\/wp-content\/uploads\/2019\/06\/449028.jpg",649,487,false],"portraits":["https:\/\/arantv.az\/wp-content\/uploads\/2019\/06\/449028.jpg",649,487,false],"thumbnail":["https:\/\/arantv.az\/wp-content\/uploads\/2019\/06\/449028-150x150.jpg",150,150,true],"medium":["https:\/\/arantv.az\/wp-content\/uploads\/2019\/06\/449028-300x225.jpg",300,225,true],"large":["https:\/\/arantv.az\/wp-content\/uploads\/2019\/06\/449028.jpg",640,480,false],"1536x1536":["https:\/\/arantv.az\/wp-content\/uploads\/2019\/06\/449028.jpg",649,487,false],"2048x2048":["https:\/\/arantv.az\/wp-content\/uploads\/2019\/06\/449028.jpg",649,487,false],"post-thumbnail":["https:\/\/arantv.az\/wp-content\/uploads\/2019\/06\/449028-240x172.jpg",240,172,true],"advps-thumb-one":["https:\/\/arantv.az\/wp-content\/uploads\/2019\/06\/449028.jpg",649,487,false]},"rttpg_author":{"display_name":"V\u00fcsal Rafiqo\u011flu","author_link":"https:\/\/arantv.az\/?author=2"},"rttpg_comment":0,"rttpg_category":"<a href=\"https:\/\/arantv.az\/?cat=1\" rel=\"category\">C\u0259miyy\u0259t<\/a>","rttpg_excerpt":"Qafqaz M\u00fcs\u0259lmanlar\u0131 \u0130dar\u0259sinin (QM\u0130) Qaz\u0131lar \u015euras\u0131n\u0131n f\u0259tvas\u0131na \u0259sas\u0259n, oruclu\u011fun m\u00fch\u00fcm \u0259m\u0259ll\u0259rind\u0259n biri olan fitr\u0259 z\u0259kat\u0131n\u0131n vaxt\u0131 Ramazan ay\u0131n\u0131n son g\u00fcn\u00fcd\u00fcr. Fitr\u0259 z\u0259kat\u0131 Yaradana \u015f\u00fckr\u00fcn bir ifad\u0259si v\u0259 can\u0131n s\u0259d\u0259q\u0259si hesab olunur. B\u0259s fitr\u0259 z\u0259kat\u0131n\u0131n miqdar\u0131 n\u0259 q\u0259d\u0259rdir v\u0259 \u015f\u0259rtl\u0259ri nec\u0259dir? QM\u0130-nin s\u0259lahiyy\u0259tli n\u00fcmay\u0259nd\u0259si, ilahiyyat\u00e7\u0131 Hac\u0131 \u015eahin H\u0259s\u0259nli report-a deyib ki, fitr\u0259 z\u0259kat\u0131 bayram namaz\u0131na q\u0259d\u0259r&hellip;","_links":{"self":[{"href":"https:\/\/arantv.az\/index.php?rest_route=\/wp\/v2\/posts\/63699"}],"collection":[{"href":"https:\/\/arantv.az\/index.php?rest_route=\/wp\/v2\/posts"}],"about":[{"href":"https:\/\/arantv.az\/index.php?rest_route=\/wp\/v2\/types\/post"}],"author":[{"embeddable":true,"href":"https:\/\/arantv.az\/index.php?rest_route=\/wp\/v2\/users\/2"}],"replies":[{"embeddable":true,"href":"https:\/\/arantv.az\/index.php?rest_route=%2Fwp%2Fv2%2Fcomments&post=63699"}],"version-history":[{"count":0,"href":"https:\/\/arantv.az\/index.php?rest_route=\/wp\/v2\/posts\/63699\/revisions"}],"wp:featuredmedia":[{"embeddable":true,"href":"https:\/\/arantv.az\/index.php?rest_route=\/wp\/v2\/media\/63700"}],"wp:attachment":[{"href":"https:\/\/arantv.az\/index.php?rest_route=%2Fwp%2Fv2%2Fmedia&parent=63699"}],"wp:term":[{"taxonomy":"category","embeddable":true,"href":"https:\/\/arantv.az\/index.php?rest_route=%2Fwp%2Fv2%2Fcategories&post=63699"},{"taxonomy":"post_tag","embeddable":true,"href":"https:\/\/arantv.az\/index.php?rest_route=%2Fwp%2Fv2%2Ftags&post=63699"}],"curies":[{"name":"wp","href":"https:\/\/api.w.org\/{rel}","templated":true}]}}