{"id":637006,"date":"2023-09-25T09:21:31","date_gmt":"2023-09-25T05:21:31","guid":{"rendered":"https:\/\/arantv.az\/?p=637006"},"modified":"2023-09-25T09:21:31","modified_gmt":"2023-09-25T05:21:31","slug":"2023-dunya-tarixind%c9%99-%c9%99n-isti-il-olacaq-aliml%c9%99r-rekordlarin-h%c9%99r-il-yenil%c9%99c%c9%99yind%c9%99n-qorxurlar","status":"publish","type":"post","link":"https:\/\/arantv.az\/?p=637006","title":{"rendered":"2023 d\u00fcnya tarixind\u0259 \u0259n isti il olacaq? \u2013 Aliml\u0259r rekordlar\u0131n h\u0259r il yenil\u0259c\u0259yind\u0259n qorxurlar"},"content":{"rendered":"<p><strong>Bu il avqust ay\u0131 qlobal hava m\u00fc\u015fahid\u0259l\u0259ri tarixind\u0259, y\u0259ni son 174 ild\u0259 \u0259n isti ay oldu.<\/strong><\/p>\n<p>Bu bar\u0259d\u0259<strong>\u00a0Musavat.com<\/strong>\u00a0AB\u015e Milli Okean v\u0259 Atmosfer Administrasiyas\u0131n\u0131n m\u0259lumat\u0131na istinad\u0259n bildirir.<\/p>\n<p>Qurumun m\u0259lumat\u0131nda qeyd olunur ki, bu ilin avqustunda planetd\u0259 orta qlobal temperatur XX \u0259srin orta g\u00f6st\u0259ricisind\u0259n 1,25 d\u0259r\u0259c\u0259 y\u00fcks\u0259k olub. Eyni zamanda istil\u0259\u015fm\u0259 d\u0259qiq qlobal xarakter da\u015f\u0131y\u0131b: \u015fimal yar\u0131mk\u00fcr\u0259sind\u0259 yay daha isti, c\u0259nub yar\u0131mk\u00fcr\u0259sind\u0259 q\u0131\u015f daha m\u00fclayim idi.<\/p>\n<p>B\u00fct\u00fcn bunlar d\u00fcnyada bir s\u0131ra hava f\u0259lak\u0259tl\u0259ri il\u0259 m\u00fc\u015fayi\u0259t olundu. Bel\u0259likl\u0259, avqust ay\u0131 \u0259rzind\u0259 b\u00fct\u00fcn d\u00fcnyada 19 b\u00f6y\u00fck v\u0259 da\u011f\u0131d\u0131c\u0131 qas\u0131r\u011fa meydana g\u0259ldi. Bu f\u0131rt\u0131nalardan alt\u0131s\u0131, o c\u00fcml\u0259d\u0259n iki b\u00f6y\u00fck qas\u0131r\u011fa Atlantik Okean\u0131nda ba\u015f verib ki, bu da region \u00fc\u00e7\u00fcn normadan art\u0131qd\u0131r.<\/p>\n<p>AB\u015e-da avqust ay\u0131 Florida \u015ftat\u0131n\u0131 vuran 3-c\u00fc kateqoriyal\u0131 \u0130dalia qas\u0131r\u011fas\u0131 v\u0259 Havayda apokaliptik me\u015f\u0259 yan\u011f\u0131nlar\u0131 il\u0259 yadda qald\u0131. C\u0259nubi Kaliforniya tarixd\u0259 ilk tropik tufan\u0131n\u0131 ya\u015fad\u0131.<\/p>\n<p>Aliml\u0259r deyir ki, 2023-c\u00fc il, dem\u0259k olar ki, 2016-c\u0131 ild\u0259n sonra b\u0259\u015f\u0259r tarixind\u0259 ya \u0259n isti, ya da ikinci \u0259n isti il olacaq.<\/p>\n<p>Atmosfer\u0259 \u0259lav\u0259 istilik buraxan v\u0259 orta hesabla daha isti ill\u0259rl\u0259 \u0259laq\u0259li olan El Nino \u015f\u0259rtl\u0259rinin \u0259n az\u0131 \u015fimal yar\u0131mk\u00fcr\u0259sind\u0259 q\u0131\u015fda davam ed\u0259c\u0259yi g\u00f6zl\u0259nilir: \u201cBiz isti havan\u0131n 2023-c\u00fc ilin sonuna q\u0259d\u0259r davam ed\u0259c\u0259yini g\u00f6zl\u0259yirik. Ola bilsin ki, 2024-c\u00fc il 2023-c\u00fc ild\u0259n d\u0259 isti olsun\u201d.<\/p>\n<p>Bu ilin iyul ay\u0131 da b\u00fct\u00fcn m\u00fc\u015fahid\u0259l\u0259r tarixind\u0259 \u0259n isti ay olub. Klimatoloqlar\u0131n qeyd etdiyi kimi, x\u00fcsusil\u0259 C\u0259nubi v\u0259 \u015eimali Amerika \u00f6lk\u0259l\u0259rind\u0259, \u015eimali Afrika v\u0259 Antarktika yar\u0131madas\u0131nda isti olub.<\/p>\n<p>Bununla bel\u0259, b\u0259zi iqlim\u015f\u00fcnaslar qeyd edirl\u0259r ki, bu rekord elmi hava m\u00fc\u015fahid\u0259l\u0259rinin q\u0131sa tarixind\u0259n \u00e7ox geni\u015fdir. Bir s\u0131ra ekspertl\u0259r hesab edir ki, 2023-c\u00fc ilin iyulu son 120 min ild\u0259 Yer k\u00fcr\u0259sind\u0259 \u0259n isti ay olub.<\/p>\n","protected":false},"excerpt":{"rendered":"<p>Bu il avqust ay\u0131 qlobal hava m\u00fc\u015fahid\u0259l\u0259ri tarixind\u0259, y\u0259ni son 174 ild\u0259 \u0259n isti ay oldu. Bu bar\u0259d\u0259\u00a0Musavat.com\u00a0AB\u015e Milli Okean v\u0259 Atmosfer Administrasiyas\u0131n\u0131n m\u0259lumat\u0131na istinad\u0259n bildirir. Qurumun m\u0259lumat\u0131nda qeyd olunur ki, bu ilin avqustunda planetd\u0259 orta qlobal temperatur XX \u0259srin orta g\u00f6st\u0259ricisind\u0259n 1,25 d\u0259r\u0259c\u0259 y\u00fcks\u0259k olub. Eyni zamanda istil\u0259\u015fm\u0259 d\u0259qiq qlobal xarakter da\u015f\u0131y\u0131b: \u015fimal yar\u0131mk\u00fcr\u0259sind\u0259 yay daha isti, c\u0259nub yar\u0131mk\u00fcr\u0259sind\u0259 q\u0131\u015f daha m\u00fclayim idi. B\u00fct\u00fcn bunlar d\u00fcnyada bir s\u0131ra hava f\u0259lak\u0259tl\u0259ri il\u0259 m\u00fc\u015fayi\u0259t olundu. Bel\u0259likl\u0259, avqust ay\u0131 \u0259rzind\u0259 b\u00fct\u00fcn d\u00fcnyada 19 b\u00f6y\u00fck v\u0259 da\u011f\u0131d\u0131c\u0131 qas\u0131r\u011fa meydana g\u0259ldi. Bu f\u0131rt\u0131nalardan alt\u0131s\u0131,&hellip;<\/p>\n","protected":false},"author":2,"featured_media":637007,"comment_status":"closed","ping_status":"closed","sticky":false,"template":"","format":"standard","meta":{"om_disable_all_campaigns":false,"_monsterinsights_skip_tracking":false,"_monsterinsights_sitenote_active":false,"_monsterinsights_sitenote_note":"","_monsterinsights_sitenote_category":0},"categories":[7],"tags":[],"aioseo_notices":[],"gutentor_comment":0,"rttpg_featured_image_url":{"full":["https:\/\/arantv.az\/wp-content\/uploads\/2023\/09\/9024650b2636b9e21ccfdde947a6227f.jpg",640,416,false],"landscape":["https:\/\/arantv.az\/wp-content\/uploads\/2023\/09\/9024650b2636b9e21ccfdde947a6227f.jpg",640,416,false],"portraits":["https:\/\/arantv.az\/wp-content\/uploads\/2023\/09\/9024650b2636b9e21ccfdde947a6227f.jpg",640,416,false],"thumbnail":["https:\/\/arantv.az\/wp-content\/uploads\/2023\/09\/9024650b2636b9e21ccfdde947a6227f-500x280.jpg",500,280,true],"medium":["https:\/\/arantv.az\/wp-content\/uploads\/2023\/09\/9024650b2636b9e21ccfdde947a6227f-562x365.jpg",562,365,true],"large":["https:\/\/arantv.az\/wp-content\/uploads\/2023\/09\/9024650b2636b9e21ccfdde947a6227f.jpg",640,416,false],"1536x1536":["https:\/\/arantv.az\/wp-content\/uploads\/2023\/09\/9024650b2636b9e21ccfdde947a6227f.jpg",640,416,false],"2048x2048":["https:\/\/arantv.az\/wp-content\/uploads\/2023\/09\/9024650b2636b9e21ccfdde947a6227f.jpg",640,416,false],"post-thumbnail":["https:\/\/arantv.az\/wp-content\/uploads\/2023\/09\/9024650b2636b9e21ccfdde947a6227f-240x172.jpg",240,172,true],"advps-thumb-one":["https:\/\/arantv.az\/wp-content\/uploads\/2023\/09\/9024650b2636b9e21ccfdde947a6227f.jpg",640,416,false]},"rttpg_author":{"display_name":"V\u00fcsal Rafiqo\u011flu","author_link":"https:\/\/arantv.az\/?author=2"},"rttpg_comment":0,"rttpg_category":"<a href=\"https:\/\/arantv.az\/?cat=7\" rel=\"category\">D\u00fcnya<\/a>","rttpg_excerpt":"Bu il avqust ay\u0131 qlobal hava m\u00fc\u015fahid\u0259l\u0259ri tarixind\u0259, y\u0259ni son 174 ild\u0259 \u0259n isti ay oldu. Bu bar\u0259d\u0259\u00a0Musavat.com\u00a0AB\u015e Milli Okean v\u0259 Atmosfer Administrasiyas\u0131n\u0131n m\u0259lumat\u0131na istinad\u0259n bildirir. Qurumun m\u0259lumat\u0131nda qeyd olunur ki, bu ilin avqustunda planetd\u0259 orta qlobal temperatur XX \u0259srin orta g\u00f6st\u0259ricisind\u0259n 1,25 d\u0259r\u0259c\u0259 y\u00fcks\u0259k olub. Eyni zamanda istil\u0259\u015fm\u0259 d\u0259qiq qlobal xarakter da\u015f\u0131y\u0131b: \u015fimal yar\u0131mk\u00fcr\u0259sind\u0259&hellip;","_links":{"self":[{"href":"https:\/\/arantv.az\/index.php?rest_route=\/wp\/v2\/posts\/637006"}],"collection":[{"href":"https:\/\/arantv.az\/index.php?rest_route=\/wp\/v2\/posts"}],"about":[{"href":"https:\/\/arantv.az\/index.php?rest_route=\/wp\/v2\/types\/post"}],"author":[{"embeddable":true,"href":"https:\/\/arantv.az\/index.php?rest_route=\/wp\/v2\/users\/2"}],"replies":[{"embeddable":true,"href":"https:\/\/arantv.az\/index.php?rest_route=%2Fwp%2Fv2%2Fcomments&post=637006"}],"version-history":[{"count":0,"href":"https:\/\/arantv.az\/index.php?rest_route=\/wp\/v2\/posts\/637006\/revisions"}],"wp:featuredmedia":[{"embeddable":true,"href":"https:\/\/arantv.az\/index.php?rest_route=\/wp\/v2\/media\/637007"}],"wp:attachment":[{"href":"https:\/\/arantv.az\/index.php?rest_route=%2Fwp%2Fv2%2Fmedia&parent=637006"}],"wp:term":[{"taxonomy":"category","embeddable":true,"href":"https:\/\/arantv.az\/index.php?rest_route=%2Fwp%2Fv2%2Fcategories&post=637006"},{"taxonomy":"post_tag","embeddable":true,"href":"https:\/\/arantv.az\/index.php?rest_route=%2Fwp%2Fv2%2Ftags&post=637006"}],"curies":[{"name":"wp","href":"https:\/\/api.w.org\/{rel}","templated":true}]}}