{"id":637009,"date":"2023-09-25T09:23:18","date_gmt":"2023-09-25T05:23:18","guid":{"rendered":"https:\/\/arantv.az\/?p=637009"},"modified":"2023-09-25T09:23:18","modified_gmt":"2023-09-25T05:23:18","slug":"erm%c9%99nistanin-eks-prezidenti-robert-kocaryanin-oglu-h%c9%99bs-edildi","status":"publish","type":"post","link":"https:\/\/arantv.az\/?p=637009","title":{"rendered":"Erm\u0259nistan\u0131n eks-prezidenti Robert Ko\u00e7aryan\u0131n o\u011flu h\u0259bs edildi"},"content":{"rendered":"<p>Erm\u0259nistan\u0131n eks-prezidenti Robert Ko\u00e7aryan\u0131n o\u011flu Levon bir ay m\u00fcdd\u0259tin\u0259 h\u0259bs edilib.<\/p>\n<p>Erm\u0259nistan medias\u0131n\u0131n verdiyi x\u0259b\u0259r\u0259 g\u00f6r\u0259, bu bar\u0259d\u0259 onun v\u0259kili Aleksandr Ko\u00e7ubayev sosial \u015f\u0259b\u0259k\u0259l\u0259rd\u0259 m\u0259lumat verib.<\/p>\n<p>R.Ko\u00e7aryan bar\u0259sind\u0259 h\u0259bs-q\u0259timkan t\u0259dbirinin se\u00e7ilm\u0259si m\u0259s\u0259l\u0259sinin bax\u0131ld\u0131\u011f\u0131 m\u0259hk\u0259m\u0259 iclas\u0131 doqquz saata yax\u0131n davam edib.<br \/>\nQeyd ed\u0259k ki, o, \u201cd\u00f6rd polis \u0259m\u0259kda\u015f\u0131n\u0131 d\u00f6ym\u0259k\u201d ittiham\u0131 il\u0259 saxlan\u0131l\u0131b.<\/p>\n<p>Ko\u00e7aryan ittihamlar\u0131 r\u0259dd edir.<\/p>\n","protected":false},"excerpt":{"rendered":"<p>Erm\u0259nistan\u0131n eks-prezidenti Robert Ko\u00e7aryan\u0131n o\u011flu Levon bir ay m\u00fcdd\u0259tin\u0259 h\u0259bs edilib. Erm\u0259nistan medias\u0131n\u0131n verdiyi x\u0259b\u0259r\u0259 g\u00f6r\u0259, bu bar\u0259d\u0259 onun v\u0259kili Aleksandr Ko\u00e7ubayev sosial \u015f\u0259b\u0259k\u0259l\u0259rd\u0259 m\u0259lumat verib. R.Ko\u00e7aryan bar\u0259sind\u0259 h\u0259bs-q\u0259timkan t\u0259dbirinin se\u00e7ilm\u0259si m\u0259s\u0259l\u0259sinin bax\u0131ld\u0131\u011f\u0131 m\u0259hk\u0259m\u0259 iclas\u0131 doqquz saata yax\u0131n davam edib. Qeyd ed\u0259k ki, o, \u201cd\u00f6rd polis \u0259m\u0259kda\u015f\u0131n\u0131 d\u00f6ym\u0259k\u201d ittiham\u0131 il\u0259 saxlan\u0131l\u0131b. Ko\u00e7aryan ittihamlar\u0131 r\u0259dd edir.<\/p>\n","protected":false},"author":2,"featured_media":637010,"comment_status":"closed","ping_status":"closed","sticky":false,"template":"","format":"standard","meta":{"om_disable_all_campaigns":false,"_monsterinsights_skip_tracking":false,"_monsterinsights_sitenote_active":false,"_monsterinsights_sitenote_note":"","_monsterinsights_sitenote_category":0},"categories":[7],"tags":[],"aioseo_notices":[],"gutentor_comment":0,"rttpg_featured_image_url":{"full":["https:\/\/arantv.az\/wp-content\/uploads\/2023\/09\/379624201_242183415076019_2110256953664277498_n.jpg",620,413,false],"landscape":["https:\/\/arantv.az\/wp-content\/uploads\/2023\/09\/379624201_242183415076019_2110256953664277498_n.jpg",620,413,false],"portraits":["https:\/\/arantv.az\/wp-content\/uploads\/2023\/09\/379624201_242183415076019_2110256953664277498_n.jpg",620,413,false],"thumbnail":["https:\/\/arantv.az\/wp-content\/uploads\/2023\/09\/379624201_242183415076019_2110256953664277498_n-500x280.jpg",500,280,true],"medium":["https:\/\/arantv.az\/wp-content\/uploads\/2023\/09\/379624201_242183415076019_2110256953664277498_n-548x365.jpg",548,365,true],"large":["https:\/\/arantv.az\/wp-content\/uploads\/2023\/09\/379624201_242183415076019_2110256953664277498_n.jpg",620,413,false],"1536x1536":["https:\/\/arantv.az\/wp-content\/uploads\/2023\/09\/379624201_242183415076019_2110256953664277498_n.jpg",620,413,false],"2048x2048":["https:\/\/arantv.az\/wp-content\/uploads\/2023\/09\/379624201_242183415076019_2110256953664277498_n.jpg",620,413,false],"post-thumbnail":["https:\/\/arantv.az\/wp-content\/uploads\/2023\/09\/379624201_242183415076019_2110256953664277498_n-240x172.jpg",240,172,true],"advps-thumb-one":["https:\/\/arantv.az\/wp-content\/uploads\/2023\/09\/379624201_242183415076019_2110256953664277498_n.jpg",620,413,false]},"rttpg_author":{"display_name":"V\u00fcsal Rafiqo\u011flu","author_link":"https:\/\/arantv.az\/?author=2"},"rttpg_comment":0,"rttpg_category":"<a href=\"https:\/\/arantv.az\/?cat=7\" rel=\"category\">D\u00fcnya<\/a>","rttpg_excerpt":"Erm\u0259nistan\u0131n eks-prezidenti Robert Ko\u00e7aryan\u0131n o\u011flu Levon bir ay m\u00fcdd\u0259tin\u0259 h\u0259bs edilib. Erm\u0259nistan medias\u0131n\u0131n verdiyi x\u0259b\u0259r\u0259 g\u00f6r\u0259, bu bar\u0259d\u0259 onun v\u0259kili Aleksandr Ko\u00e7ubayev sosial \u015f\u0259b\u0259k\u0259l\u0259rd\u0259 m\u0259lumat verib. R.Ko\u00e7aryan bar\u0259sind\u0259 h\u0259bs-q\u0259timkan t\u0259dbirinin se\u00e7ilm\u0259si m\u0259s\u0259l\u0259sinin bax\u0131ld\u0131\u011f\u0131 m\u0259hk\u0259m\u0259 iclas\u0131 doqquz saata yax\u0131n davam edib. Qeyd ed\u0259k ki, o, \u201cd\u00f6rd polis \u0259m\u0259kda\u015f\u0131n\u0131 d\u00f6ym\u0259k\u201d ittiham\u0131 il\u0259 saxlan\u0131l\u0131b. Ko\u00e7aryan ittihamlar\u0131 r\u0259dd edir.","_links":{"self":[{"href":"https:\/\/arantv.az\/index.php?rest_route=\/wp\/v2\/posts\/637009"}],"collection":[{"href":"https:\/\/arantv.az\/index.php?rest_route=\/wp\/v2\/posts"}],"about":[{"href":"https:\/\/arantv.az\/index.php?rest_route=\/wp\/v2\/types\/post"}],"author":[{"embeddable":true,"href":"https:\/\/arantv.az\/index.php?rest_route=\/wp\/v2\/users\/2"}],"replies":[{"embeddable":true,"href":"https:\/\/arantv.az\/index.php?rest_route=%2Fwp%2Fv2%2Fcomments&post=637009"}],"version-history":[{"count":0,"href":"https:\/\/arantv.az\/index.php?rest_route=\/wp\/v2\/posts\/637009\/revisions"}],"wp:featuredmedia":[{"embeddable":true,"href":"https:\/\/arantv.az\/index.php?rest_route=\/wp\/v2\/media\/637010"}],"wp:attachment":[{"href":"https:\/\/arantv.az\/index.php?rest_route=%2Fwp%2Fv2%2Fmedia&parent=637009"}],"wp:term":[{"taxonomy":"category","embeddable":true,"href":"https:\/\/arantv.az\/index.php?rest_route=%2Fwp%2Fv2%2Fcategories&post=637009"},{"taxonomy":"post_tag","embeddable":true,"href":"https:\/\/arantv.az\/index.php?rest_route=%2Fwp%2Fv2%2Ftags&post=637009"}],"curies":[{"name":"wp","href":"https:\/\/api.w.org\/{rel}","templated":true}]}}