{"id":637061,"date":"2023-09-25T11:02:54","date_gmt":"2023-09-25T07:02:54","guid":{"rendered":"https:\/\/arantv.az\/?p=637061"},"modified":"2023-09-25T11:02:54","modified_gmt":"2023-09-25T07:02:54","slug":"qarabagin-erm%c9%99ni%c9%99silli-sakini-az%c9%99rbaycanlilardan-ancaq-yaxsiliq-gormus%c9%99m","status":"publish","type":"post","link":"https:\/\/arantv.az\/?p=637061","title":{"rendered":"Qaraba\u011f\u0131n erm\u0259ni\u0259silli sakini: \u201cAz\u0259rbaycanl\u0131lardan ancaq yax\u015f\u0131l\u0131q g\u00f6rm\u00fc\u015f\u0259m\u201d"},"content":{"rendered":"<p>\u201cDo\u011fulandan \u018fsg\u0259randa ya\u015fam\u0131\u015fam. Az\u0259rbaycanl\u0131lardan ancaq yax\u015f\u0131l\u0131q g\u00f6rm\u00fc\u015f\u0259m\u201d.<\/p>\n<p>Bunu\u00a0\u201cReport\u201dun La\u00e7\u0131na ezam olunan \u0259m\u0259kda\u015f\u0131na a\u00e7\u0131qlamas\u0131nda Qaraba\u011f\u0131n erm\u0259ni\u0259silli sakini Serjik Qriqoryan deyib.<\/p>\n<p>O bildirib ki, Xank\u0259ndin\u0259 bir daha qay\u0131tmaq ist\u0259mir:<\/p>\n<p>\u201cYa\u015f\u0131m 60-dan \u00e7oxdur. \u018fsg\u0259randa do\u011fulmu\u015fam v\u0259 orda da ya\u015fay\u0131rd\u0131m. Az\u0259rbaycanl\u0131larla \u00e7ox i\u015fl\u0259mi\u015f\u0259m. Traktor\u00e7u olaraq \u00e7al\u0131\u015f\u0131rd\u0131m. M\u0259n az\u0259rbaycanl\u0131lar\u0131n ancaq yax\u015f\u0131l\u0131\u011f\u0131n\u0131 ist\u0259yir\u0259m, onlar\u0131n m\u0259n\u0259 \u00e7ox xeyri d\u0259yib\u201d.<\/p>\n<p>S.Qriqoryan bildirib ki, \u201cLa\u00e7\u0131n\u201d s\u0259rh\u0259d-burax\u0131l\u0131\u015f m\u0259nt\u0259q\u0259sind\u0259n ke\u00e7\u0259rk\u0259n ona he\u00e7 bir mane\u0259 ya\u015fad\u0131lmay\u0131b:<\/p>\n<p>\u201cBurdan ke\u00e7\u0259nd\u0259 he\u00e7 bir problem yaratmad\u0131lar. Qay\u0131tmaq fikrim yoxdur\u201d.<\/p>\n","protected":false},"excerpt":{"rendered":"<p>\u201cDo\u011fulandan \u018fsg\u0259randa ya\u015fam\u0131\u015fam. Az\u0259rbaycanl\u0131lardan ancaq yax\u015f\u0131l\u0131q g\u00f6rm\u00fc\u015f\u0259m\u201d. Bunu\u00a0\u201cReport\u201dun La\u00e7\u0131na ezam olunan \u0259m\u0259kda\u015f\u0131na a\u00e7\u0131qlamas\u0131nda Qaraba\u011f\u0131n erm\u0259ni\u0259silli sakini Serjik Qriqoryan deyib. O bildirib ki, Xank\u0259ndin\u0259 bir daha qay\u0131tmaq ist\u0259mir: \u201cYa\u015f\u0131m 60-dan \u00e7oxdur. \u018fsg\u0259randa do\u011fulmu\u015fam v\u0259 orda da ya\u015fay\u0131rd\u0131m. Az\u0259rbaycanl\u0131larla \u00e7ox i\u015fl\u0259mi\u015f\u0259m. Traktor\u00e7u olaraq \u00e7al\u0131\u015f\u0131rd\u0131m. M\u0259n az\u0259rbaycanl\u0131lar\u0131n ancaq yax\u015f\u0131l\u0131\u011f\u0131n\u0131 ist\u0259yir\u0259m, onlar\u0131n m\u0259n\u0259 \u00e7ox xeyri d\u0259yib\u201d. S.Qriqoryan bildirib ki, \u201cLa\u00e7\u0131n\u201d s\u0259rh\u0259d-burax\u0131l\u0131\u015f m\u0259nt\u0259q\u0259sind\u0259n ke\u00e7\u0259rk\u0259n ona he\u00e7 bir mane\u0259 ya\u015fad\u0131lmay\u0131b: \u201cBurdan ke\u00e7\u0259nd\u0259 he\u00e7 bir problem yaratmad\u0131lar. Qay\u0131tmaq fikrim yoxdur\u201d.<\/p>\n","protected":false},"author":2,"featured_media":637065,"comment_status":"closed","ping_status":"closed","sticky":false,"template":"","format":"standard","meta":{"om_disable_all_campaigns":false,"_monsterinsights_skip_tracking":false,"_monsterinsights_sitenote_active":false,"_monsterinsights_sitenote_note":"","_monsterinsights_sitenote_category":0},"categories":[4],"tags":[],"aioseo_notices":[],"gutentor_comment":0,"rttpg_featured_image_url":{"full":["https:\/\/arantv.az\/wp-content\/uploads\/2023\/09\/13731ce9-3612-3d9c-ae7a-c977abed78de_850.jpg",620,413,false],"landscape":["https:\/\/arantv.az\/wp-content\/uploads\/2023\/09\/13731ce9-3612-3d9c-ae7a-c977abed78de_850.jpg",620,413,false],"portraits":["https:\/\/arantv.az\/wp-content\/uploads\/2023\/09\/13731ce9-3612-3d9c-ae7a-c977abed78de_850.jpg",620,413,false],"thumbnail":["https:\/\/arantv.az\/wp-content\/uploads\/2023\/09\/13731ce9-3612-3d9c-ae7a-c977abed78de_850-500x280.jpg",500,280,true],"medium":["https:\/\/arantv.az\/wp-content\/uploads\/2023\/09\/13731ce9-3612-3d9c-ae7a-c977abed78de_850-548x365.jpg",548,365,true],"large":["https:\/\/arantv.az\/wp-content\/uploads\/2023\/09\/13731ce9-3612-3d9c-ae7a-c977abed78de_850.jpg",620,413,false],"1536x1536":["https:\/\/arantv.az\/wp-content\/uploads\/2023\/09\/13731ce9-3612-3d9c-ae7a-c977abed78de_850.jpg",620,413,false],"2048x2048":["https:\/\/arantv.az\/wp-content\/uploads\/2023\/09\/13731ce9-3612-3d9c-ae7a-c977abed78de_850.jpg",620,413,false],"post-thumbnail":["https:\/\/arantv.az\/wp-content\/uploads\/2023\/09\/13731ce9-3612-3d9c-ae7a-c977abed78de_850-240x172.jpg",240,172,true],"advps-thumb-one":["https:\/\/arantv.az\/wp-content\/uploads\/2023\/09\/13731ce9-3612-3d9c-ae7a-c977abed78de_850.jpg",620,413,false]},"rttpg_author":{"display_name":"V\u00fcsal Rafiqo\u011flu","author_link":"https:\/\/arantv.az\/?author=2"},"rttpg_comment":0,"rttpg_category":"<a href=\"https:\/\/arantv.az\/?cat=4\" rel=\"category\">Siyas\u0259t<\/a>","rttpg_excerpt":"\u201cDo\u011fulandan \u018fsg\u0259randa ya\u015fam\u0131\u015fam. Az\u0259rbaycanl\u0131lardan ancaq yax\u015f\u0131l\u0131q g\u00f6rm\u00fc\u015f\u0259m\u201d. Bunu\u00a0\u201cReport\u201dun La\u00e7\u0131na ezam olunan \u0259m\u0259kda\u015f\u0131na a\u00e7\u0131qlamas\u0131nda Qaraba\u011f\u0131n erm\u0259ni\u0259silli sakini Serjik Qriqoryan deyib. O bildirib ki, Xank\u0259ndin\u0259 bir daha qay\u0131tmaq ist\u0259mir: \u201cYa\u015f\u0131m 60-dan \u00e7oxdur. \u018fsg\u0259randa do\u011fulmu\u015fam v\u0259 orda da ya\u015fay\u0131rd\u0131m. Az\u0259rbaycanl\u0131larla \u00e7ox i\u015fl\u0259mi\u015f\u0259m. Traktor\u00e7u olaraq \u00e7al\u0131\u015f\u0131rd\u0131m. M\u0259n az\u0259rbaycanl\u0131lar\u0131n ancaq yax\u015f\u0131l\u0131\u011f\u0131n\u0131 ist\u0259yir\u0259m, onlar\u0131n m\u0259n\u0259 \u00e7ox xeyri d\u0259yib\u201d. S.Qriqoryan bildirib ki,&hellip;","_links":{"self":[{"href":"https:\/\/arantv.az\/index.php?rest_route=\/wp\/v2\/posts\/637061"}],"collection":[{"href":"https:\/\/arantv.az\/index.php?rest_route=\/wp\/v2\/posts"}],"about":[{"href":"https:\/\/arantv.az\/index.php?rest_route=\/wp\/v2\/types\/post"}],"author":[{"embeddable":true,"href":"https:\/\/arantv.az\/index.php?rest_route=\/wp\/v2\/users\/2"}],"replies":[{"embeddable":true,"href":"https:\/\/arantv.az\/index.php?rest_route=%2Fwp%2Fv2%2Fcomments&post=637061"}],"version-history":[{"count":0,"href":"https:\/\/arantv.az\/index.php?rest_route=\/wp\/v2\/posts\/637061\/revisions"}],"wp:featuredmedia":[{"embeddable":true,"href":"https:\/\/arantv.az\/index.php?rest_route=\/wp\/v2\/media\/637065"}],"wp:attachment":[{"href":"https:\/\/arantv.az\/index.php?rest_route=%2Fwp%2Fv2%2Fmedia&parent=637061"}],"wp:term":[{"taxonomy":"category","embeddable":true,"href":"https:\/\/arantv.az\/index.php?rest_route=%2Fwp%2Fv2%2Fcategories&post=637061"},{"taxonomy":"post_tag","embeddable":true,"href":"https:\/\/arantv.az\/index.php?rest_route=%2Fwp%2Fv2%2Ftags&post=637061"}],"curies":[{"name":"wp","href":"https:\/\/api.w.org\/{rel}","templated":true}]}}