{"id":637070,"date":"2023-09-25T11:32:09","date_gmt":"2023-09-25T07:32:09","guid":{"rendered":"https:\/\/arantv.az\/?p=637070"},"modified":"2023-09-25T11:32:09","modified_gmt":"2023-09-25T07:32:09","slug":"antiterror-t%c9%99dbirl%c9%99rind%c9%99n-sonra-radikallarin-ici-colu-dagilir-s%c9%99rh","status":"publish","type":"post","link":"https:\/\/arantv.az\/?p=637070","title":{"rendered":"Antiterror t\u0259dbirl\u0259rind\u0259n sonra radiKALlar\u0131n i\u00e7i, \u00e7\u00f6l\u00fc da\u011f\u0131l\u0131r &#8211; \u015e\u018fRH"},"content":{"rendered":"<p>Az\u0259rbaycan\u0131n Qaraba\u011fda ke\u00e7irdiyi antiterror t\u0259dbirl\u0259rinin regional v\u0259 geosiyasi n\u0259tic\u0259l\u0259ri \u00f6lk\u0259 daxilind\u0259ki\u00a0<strong>radiKAL<\/strong>\u00a0m\u00fcxalif\u0259ti (\u00f6zl\u0259ri d\u0259 bu ifad\u0259d\u0259n h\u0259zz al\u0131rlar) cin at\u0131na mindirir.<\/p>\n<p>1980-ci ill\u0259rin sonlar\u0131nda, SSR\u0130 imperiyas\u0131n\u0131n q\u00fcrubu \u0259r\u0259f\u0259sind\u0259 v\u0259 ondan sonra siyasi s\u0259hn\u0259d\u0259 s\u0259sl\u0259n\u0259n meydan mahn\u0131lar\u0131n\u0131 repertuarlar\u0131ndan \u00e7\u0131xarmayan m\u00fcxalif\u0259t l\u0259k\u0259 qoyma\u011fa davam edir.<\/p>\n<p>Yox, meydan h\u0259r\u0259kat\u0131n\u0131n Az\u0259rbaycan\u0131n m\u00fcst\u0259qillik qazanmas\u0131ndak\u0131 \u0259v\u0259zsiz rollardan biri kimi ifas\u0131 dan\u0131lmazd\u0131r, h\u0259r\u00e7\u0259nd ki, onsuz da, SSR\u0130-nin Q\u0259rb qar\u015f\u0131s\u0131ndak\u0131 strateji acizlikl\u0259ri fonunda onun sonu yax\u0131nla\u015f\u0131rd\u0131.<\/p>\n<p>Bu zaman h\u0259r\u0259katlar qlobal v\u0259 regiondak\u0131 ictimai-siyasi z\u0259rur\u0259tl\u0259rd\u0259n yaran\u0131rd\u0131, meydan hadis\u0259l\u0259rinin liderlik s\u0259viyy\u0259sind\u0259ki i\u015ftirak\u00e7\u0131l\u0131\u011f\u0131n\u0131 is\u0259 iki kateqoriya \u00fczr\u0259 t\u0259snifatland\u0131rmaq olard\u0131.<\/p>\n<p>Birincisi, Az\u0259rbaycan\u0131 ir\u0259liy\u0259 aparacaq, praqmatik ideya v\u0259 t\u0259klifl\u0259rl\u0259 g\u0259l\u0259c\u0259k m\u00fcst\u0259qilliyin c\u00f6vh\u0259rin\u0259 m\u00f6hk\u0259m xarakter ver\u0259n qruplar.<\/p>\n<p>\u0130kincisi, h\u0259r k\u0259si xain \u00e7\u0131xaran, ba\u015fqas\u0131n\u0131n damar\u0131nda erm\u0259ni qan\u0131 axtaran, f\u0259aliyy\u0259tl\u0259rind\u0259 daha \u00e7ox q\u0131\u015fq\u0131r\u0131q, \u015fiv\u0259nlik, pafosa yer ver\u0259n, ara qar\u0131\u015fanda meydanlarda tap\u0131lmayan, lakin b\u00fct\u00fcn bunlara r\u0259\u011fm\u0259n, \u00f6zl\u0259rind\u0259n q\u0259hr\u0259man obraz yarad\u0131b onu yadda\u015flara zor\u0259n h\u0259kk etm\u0259k ist\u0259y\u0259nl\u0259r.<\/p>\n<p>Bilmirik ki, bu buxov ikincil\u0259rin boynuna haradan at\u0131lm\u0131\u015fd\u0131, ancaq var idi, \u00f6z\u00fc d\u0259 t\u0259zadlar z\u0259nciri kimi siyasi v\u00fccudlar\u0131ndan as\u0131lm\u0131\u015fd\u0131.<\/p>\n<p>Adi bir misal, vaxtil\u0259 indi d\u0259 Az\u0259rbaycana qar\u015f\u0131 erm\u0259ni t\u0259bli\u011fat\u0131n\u0131n dili il\u0259 dan\u0131\u015fan xan\u0131m\u0131n (ad\u0131n\u0131 \u00e7\u0259kmirik) liberal m\u00f6vqeyin\u0259 g\u00f6r\u0259 onun damar\u0131nda erm\u0259ni qan\u0131 tapm\u0131\u015fd\u0131lar.<\/p>\n<p>Sonradan \u00e7\u0259rxi-f\u0259l\u0259k el\u0259 d\u00f6nd\u00fc ki, h\u0259min q\u00fcvv\u0259l\u0259r hakimiyy\u0259t k\u00fcrs\u00fcs\u00fcn\u00fc \u00e7evrili\u015fl\u0259 (m\u0259hz \u00e7evrili\u015f) \u0259l\u0259 ke\u00e7irib h\u0259min qad\u0131n\u0131 M\u00fcdafi\u0259 Nazirliyind\u0259 v\u0259zif\u0259y\u0259 t\u0259yin etdil\u0259r.<\/p>\n<p>N\u0259 erm\u0259ni qan\u0131 yadlar\u0131na d\u00fc\u015fd\u00fc, n\u0259 d\u0259 h\u0259min xan\u0131ma qar\u015f\u0131 apard\u0131qlar\u0131 \u00e7irkin kampaniya, h\u0259, i\u015f daha sonralar o yer\u0259 \u00e7atd\u0131 ki, art\u0131q hakimiyy\u0259td\u0259n gedib m\u00fcxalif\u0259t statusu qazan\u0131ld\u0131 v\u0259 h\u0259min qad\u0131n yen\u0259 insan h\u00fcquqlar\u0131n\u0131n ali m\u00fcdafi\u0259\u00e7isi qismin\u0259 mindirildi.<\/p>\n<p>Daha \u00e7ox faktlar\u0131 dil\u0259 g\u0259tirm\u0259k olard\u0131, yaln\u0131z bu m\u0259s\u0259l\u0259 bir \u015f\u0259xsin irad\u0259sinin n\u0259tic\u0259l\u0259ri deyil, \u00fcmumilikd\u0259 prosesl\u0259rin t\u0259zah\u00fcr\u00fcd\u00fcr.<\/p>\n<p>O vaxtlar siyasi b\u0259tn\u0259 at\u0131lan toxumlardan meydana \u00e7\u0131xan q\u00fcvv\u0259l\u0259rin bug\u00fcnk\u00fc f\u0259aliyy\u0259ti d\u0259 el\u0259 f\u0259rqli \u00e7alara malik deyil &#8211; s\u0259rf ed\u0259nd\u0259 erm\u0259ni qan\u0131 axtarmaq, kara g\u0259l\u0259nd\u0259 erm\u0259ni propaqandas\u0131n\u0131n dikt\u0259si il\u0259 dan\u0131\u015fmaq. Bu birc\u0259 yekuna apar\u0131r &#8211; n\u0259tic\u0259 olaraq erm\u0259ni t\u0259bli\u011fat\u0131n\u0131n al\u0259ti kimi ortada qalma\u011fa.<\/p>\n<p>Olduqca, b\u0259rbad v\u0259 ac\u0131nacaql\u0131 m\u0259nz\u0259r\u0259dir, y\u0259ni nec\u0259 ola bil\u0259r ki, Az\u0259rbaycan d\u00f6vl\u0259tinin qazand\u0131\u011f\u0131 Q\u0259l\u0259b\u0259ni h\u0259zm\u0259 ver\u0259 bilm\u0259y\u0259s\u0259n?! Onlar\u0131n se\u00e7dikl\u0259ri ifad\u0259l\u0259r v\u0259 epitetl\u0259r\u0259 aldanmay\u0131n, h\u0259min frazalar yaln\u0131z \u00f6z \u0259sl niyy\u0259tl\u0259rinin \u00fcst\u00fcn\u0259 \u00f6rt\u00fclm\u00fc\u015f p\u0259rd\u0259dir.<\/p>\n<p>Onlar\u0131n Q\u0259l\u0259b\u0259 il\u0259 ba\u011fl\u0131 \u201csevinc\u201dl\u0259rinin \u00f6mr\u00fc uza\u011f\u0131 bir g\u00fcnd\u00fcr, daha sonra is\u0259 Az\u0259rbaycan\u0131n Erm\u0259nistan, separatizm \u00fcz\u0259rind\u0259 \u00e7ald\u0131\u011f\u0131 Z\u0259f\u0259r\u0259 qar\u015f\u0131 m\u00fcxt\u0259lif adlar alt\u0131nda kampaniya ba\u015flad\u0131l\u0131r v\u0259 bu siyasi obrazlar icra\u00e7\u0131ya \u00e7evrilirl\u0259r.<\/p>\n<p>Bunlar bilirsiniz kiml\u0259rdir? \u00d6zl\u0259rind\u0259n b\u00fct d\u00fcz\u0259ld\u0259nl\u0259r, ke\u00e7mi\u015fd\u0259ki h\u0259min q\u0131\u015fq\u0131r\u0131q irsini davam etdir\u0259nl\u0259r, real n\u0259tic\u0259l\u0259rl\u0259 bar\u0131\u015fma\u011f\u0131 bacarmayan, utopiya il\u0259 ya\u015fayan \u00e7evr\u0259l\u0259r.<\/p>\n<p>\u018fmin olmaq olur ki, onlar\u0131 n\u0259 \u015f\u0259hid, n\u0259 \u0259razi b\u00fct\u00f6vl\u00fcy\u00fc, n\u0259 d\u00f6vl\u0259tin suverenliyi v\u0259 m\u00fcst\u0259qilliyi maraqland\u0131r\u0131r. Onlar\u0131 yaln\u0131z bir \u015fey d\u00fc\u015f\u00fcnd\u00fcr\u00fcr: Nec\u0259 ed\u0259k ki, d\u00f6vl\u0259tin \u0259ld\u0259 etdiyi strateji n\u0259tic\u0259l\u0259r haqq\u0131nda manipulyasiyalara yol ver\u0259k v\u0259 t\u0259limat ald\u0131\u011f\u0131m\u0131z dair\u0259l\u0259r bizd\u0259n incik d\u00fc\u015fm\u0259sinl\u0259r?<\/p>\n<p>H\u0259l\u0259 d\u0259 \u201cura\u201d, \u201cya\u015fas\u0131n\u201d, \u201cr\u0259dd olsun\u201d \u015f\u00fcarlar\u0131, s\u0259sl\u0259n\u0259n m\u0259ntiqsiz fikirl\u0259r\u0259 v\u0259 b\u0259yanatlara g\u00f6r\u0259 b\u0259y havas\u0131na girib \u00f6zl\u0259rini Az\u0259rbaycan siyas\u0259tinin b\u0259yi hesab etm\u0259k yar\u0131m\u00e7\u0131ql\u0131q kompleksinin nem\u0259tidir.<\/p>\n<p>\u015e\u0259hidl\u0259rimiz var, d\u00fczd\u00fcr, k\u0259d\u0259rl\u0259nirik, amma bunun n\u0259tic\u0259sind\u0259 Q\u0259l\u0259b\u0259 var, sevinm\u0259liyik.<\/p>\n<p>\u015e\u0259hidl\u0259rin ictimai d\u00fc\u015f\u00fcnc\u0259d\u0259kind\u0259n f\u0259rqli olaraq \u00e7ox olmas\u0131n\u0131n s\u0259b\u0259bl\u0259ri is\u0259 bir ne\u00e7\u0259 amill\u0259 \u0259laq\u0259lidir.<\/p>\n<p>Birincisi, antiterror t\u0259dbirl\u0259rinin h\u0259yata ke\u00e7irildiyi \u0259razil\u0259rin \u00e7\u0259tin v\u0259 m\u00fcr\u0259kk\u0259b relyef qurulu\u015fu &#8211; x\u00fcsus\u0259n A\u011fd\u0259r\u0259 istiqam\u0259ti.<\/p>\n<p>\u0130kincisi, separat\u00e7\u0131lar\u0131n formala\u015fd\u0131rmaq ist\u0259dikl\u0259ri c\u0259bh\u0259 x\u0259ttin\u0259 h\u0259ddind\u0259n art\u0131q mina basd\u0131r\u0131lmas\u0131, istehkamlar qurmas\u0131.<\/p>\n<p>\u00dc\u00e7\u00fcnc\u00fcs\u00fc, antiterror t\u0259dbirl\u0259rinin miqyas\u0131n\u0131n geni\u015fliyi &#8211; y\u0259ni bu, x\u00fcsusi olaraq bir k\u0259nd v\u0259 ya \u015f\u0259h\u0259r \u00fczr\u0259 yox, Rusiya s\u00fclhm\u0259raml\u0131lar\u0131n\u0131n m\u00fcv\u0259qq\u0259ti yerl\u0259\u015fdiyi geni\u015f zolaq boyu apar\u0131l\u0131b.<\/p>\n<p>Ham\u0131m\u0131z\u0131n arzusu bu idi ki, Az\u0259rbaycan\u0131n itkisi olmadan yekunla\u015fs\u0131n, ancaq reall\u0131qlar b\u0259z\u0259n f\u0259rqli n\u0259tic\u0259l\u0259r hasil edir ax\u0131!<\/p>\n<p>B\u0259yl\u0259r, indi \u201c\u015eu\u015fa gets\u0259, ba\u015f\u0131ma g\u00fcll\u0259 \u00e7axaram\u201d, \u201cfilan \u015fey olsa, t\u0259rki-d\u00fcnya olaram\u201d, \u201cn\u0259s\u0259 olsa, ad\u0131m\u0131 d\u0259yi\u015f\u0259r\u0259m\u201d tipind\u0259 fikir v\u0259 m\u00fclahiz\u0259l\u0259rin vaxt\u0131 deyil, bunlar pis n\u00fcmun\u0259l\u0259r olsa da, ke\u00e7mi\u015fd\u0259 qald\u0131, l\u0259k\u0259li ke\u00e7mi\u015fd\u0259.<\/p>\n<p>\u0130ndi n\u0259tic\u0259l\u0259r el\u0259 \u015f\u0259kild\u0259 d\u0259yi\u015fib ki, art\u0131q k\u00f6hn\u0259 bayat\u0131lar i\u015f\u0259 yaram\u0131r, siyasi s\u0259hn\u0259d\u0259 q\u0259dimi \u015f\u00fcarlarla ya\u015famaq, saxta sosial \u015f\u0259b\u0259k\u0259 hesablar\u0131 a\u00e7araq a\u011fl\u0131na g\u0259l\u0259ni payla\u015fmaqla qalmaq \u00e7\u0259tindir.<\/p>\n<p>H\u0259r\u00e7\u0259nd, sizin \u00fc\u00e7\u00fcn m\u0259qbuldur, el\u0259 \u00f6z\u00fcn\u00fcz\u00fc qal\u0131n materialdan haz\u0131rlanm\u0131\u015f k\u0259f\u0259n\u0259 b\u00fck\u00fcrs\u00fcn\u00fcz, siyasi s\u0259hn\u0259d\u0259 d\u0259fn olunursunuz. Ald\u0131\u011f\u0131n\u0131z tezisl\u0259rl\u0259, t\u0259limatlarla \u00f6z\u00fcn\u00fcz\u0259 qar\u015f\u0131 ictimai nifr\u0259t\u0259 layiq atmosferi yarad\u0131rs\u0131n\u0131z, t\u0259nqidi bel\u0259, q\u0259bul etmirsiniz, o d\u0259qiq\u0259 s\u00f6y\u00fc\u015fl\u0259r, t\u0259hqirl\u0259r havada v\u0131y\u0131lday\u0131r.<\/p>\n<p>Siz\u0259 bel\u0259 m\u00fchit laz\u0131md\u0131r, bilirsiniz ki, art\u0131q siyasi hakimiyy\u0259t\u0259 g\u0259lm\u0259yiniz \u00fc\u00e7\u00fcn n\u0259 sosial bazan\u0131z, n\u0259 se\u00e7ici elektorat\u0131n\u0131z m\u00f6vcuddur, n\u0259 d\u0259 ictimai m\u00f6vqed\u0259ki \u00f6z\u00fcn\u00fcz\u0259 qar\u015f\u0131 yaratd\u0131\u011f\u0131n\u0131z nifr\u0259t iqtidara ged\u0259n yolunuzu a\u00e7\u0131r.<\/p>\n<p>He\u00e7 olmasa, ab\u0131ra q\u0131s\u0131lmaq kimi bir davran\u0131\u015f var, boynunuzu d\u00f6nd\u0259rin, g\u00f6zl\u0259rinizi \u00e7evirib bir ke\u00e7mi\u015f\u0259 bax\u0131n, \u0259n az\u0131ndan g\u00f6r\u00fcn ki, indi \u00f6z\u00fcn\u00fcz\u00fcn s\u0259l\u0259fl\u0259ri m\u00fcnaqi\u015f\u0259d\u0259 hans\u0131 irsi qoyub getdil\u0259r? \u0130ndi o irs t\u0259mizl\u0259nir, buna g\u00f6r\u0259, y\u0259ni l\u0259k\u0259li miras\u0131n\u0131z\u0131n, g\u00fcnahlar\u0131n\u0131z\u0131n yuyulmas\u0131na g\u00f6r\u0259 Az\u0259rbaycan d\u00f6vl\u0259tinin y\u00fcr\u00fctd\u00fcy\u00fc siyas\u0259t\u0259 c\u00fczi d\u0259 olsa minn\u0259tdarl\u0131q hissini ifad\u0259 etm\u0259lisiniz.<\/p>\n<p>Sizin ictimai sif\u0259tinizi, riyakarl\u0131\u011f\u0131n\u0131z\u0131 politoloq Z\u0259rd\u00fc\u015ft \u018flizad\u0259 \u201c\u0130kinci respublikan\u0131n sonu\u201d analitik kitab\u0131nda \u00e7ox d\u0259rind\u0259n t\u0259hlil edib, bu g\u00fcn \u00fc\u00e7\u00fcn s\u0259sl\u0259\u015f\u0259n xarakterinizin ke\u00e7mi\u015fd\u0259n i\u00e7il\u0259n bulaqlarla m\u00fct\u0259nasibliyini qurub.<\/p>\n<p>Bilirik, b\u0259zi b\u0259yl\u0259rin \u00fcr\u0259kl\u0259ri d\u00f6zm\u00fcr, \u00e7\u00fcnki Az\u0259rbaycan Xank\u0259ndi, Xocal\u0131, Xocav\u0259nd, A\u011fd\u0259r\u0259 \u015f\u0259h\u0259rl\u0259rind\u0259 v\u0259 \u018fsg\u0259ran q\u0259s\u0259b\u0259sind\u0259 \u00f6z suveren h\u00fcquqlar\u0131n\u0131 b\u0259rpa edir. H\u0259l\u0259 yeti\u015fm\u0259yibl\u0259r, kald\u0131rlar, el\u0259 kal-kal da i\u00e7l\u0259rin\u0259 qurd d\u00fc\u015f\u00fcb, olublar\u00a0<strong>radiKAL<\/strong>.<\/p>\n<p>\u00dcr\u0259k d\u00f6zm\u00fcr, sinir sistemi da\u011f\u0131l\u0131r, \u00e7\u0131x\u0131\u015flarda sif\u0259tl\u0259rin\u0259 hikk\u0259 v\u0259 q\u0259z\u0259b qondururlar, siyasi olaraq i\u00e7l\u0259ri, \u015f\u0259xsi olaraq v\u00fccudlar\u0131 bu prosesl\u0259rl\u0259 da\u011f\u0131l\u0131b gedir. Bel\u0259c\u0259, \u00f6z\u00fcn\u0259 radikal m\u00fcxalif\u0259t dey\u0259nl\u0259r siyasi s\u0259hn\u0259d\u0259n silinirl\u0131\u0259r \u2013 bu, tamamil\u0259 d\u0259rin psixoloji-siyasi aspektl\u0259ri \u00f6z\u00fcnd\u0259 c\u0259ml\u0259\u015fdir\u0259c\u0259k analitik m\u0259qal\u0259nin predmetidir&#8230;<\/p>\n","protected":false},"excerpt":{"rendered":"<p>Az\u0259rbaycan\u0131n Qaraba\u011fda ke\u00e7irdiyi antiterror t\u0259dbirl\u0259rinin regional v\u0259 geosiyasi n\u0259tic\u0259l\u0259ri \u00f6lk\u0259 daxilind\u0259ki\u00a0radiKAL\u00a0m\u00fcxalif\u0259ti (\u00f6zl\u0259ri d\u0259 bu ifad\u0259d\u0259n h\u0259zz al\u0131rlar) cin at\u0131na mindirir. 1980-ci ill\u0259rin sonlar\u0131nda, SSR\u0130 imperiyas\u0131n\u0131n q\u00fcrubu \u0259r\u0259f\u0259sind\u0259 v\u0259 ondan sonra siyasi s\u0259hn\u0259d\u0259 s\u0259sl\u0259n\u0259n meydan mahn\u0131lar\u0131n\u0131 repertuarlar\u0131ndan \u00e7\u0131xarmayan m\u00fcxalif\u0259t l\u0259k\u0259 qoyma\u011fa davam edir. Yox, meydan h\u0259r\u0259kat\u0131n\u0131n Az\u0259rbaycan\u0131n m\u00fcst\u0259qillik qazanmas\u0131ndak\u0131 \u0259v\u0259zsiz rollardan biri kimi ifas\u0131 dan\u0131lmazd\u0131r, h\u0259r\u00e7\u0259nd ki, onsuz da, SSR\u0130-nin Q\u0259rb qar\u015f\u0131s\u0131ndak\u0131 strateji acizlikl\u0259ri fonunda onun sonu yax\u0131nla\u015f\u0131rd\u0131. Bu zaman h\u0259r\u0259katlar qlobal v\u0259 regiondak\u0131 ictimai-siyasi z\u0259rur\u0259tl\u0259rd\u0259n yaran\u0131rd\u0131, meydan hadis\u0259l\u0259rinin liderlik s\u0259viyy\u0259sind\u0259ki i\u015ftirak\u00e7\u0131l\u0131\u011f\u0131n\u0131 is\u0259 iki kateqoriya \u00fczr\u0259 t\u0259snifatland\u0131rmaq olard\u0131. Birincisi, Az\u0259rbaycan\u0131 ir\u0259liy\u0259&hellip;<\/p>\n","protected":false},"author":2,"featured_media":637074,"comment_status":"closed","ping_status":"closed","sticky":false,"template":"","format":"standard","meta":{"om_disable_all_campaigns":false,"_monsterinsights_skip_tracking":false,"_monsterinsights_sitenote_active":false,"_monsterinsights_sitenote_note":"","_monsterinsights_sitenote_category":0},"categories":[4],"tags":[],"aioseo_notices":[],"gutentor_comment":0,"rttpg_featured_image_url":{"full":["https:\/\/arantv.az\/wp-content\/uploads\/2023\/09\/HY4C7582.jpg",620,413,false],"landscape":["https:\/\/arantv.az\/wp-content\/uploads\/2023\/09\/HY4C7582.jpg",620,413,false],"portraits":["https:\/\/arantv.az\/wp-content\/uploads\/2023\/09\/HY4C7582.jpg",620,413,false],"thumbnail":["https:\/\/arantv.az\/wp-content\/uploads\/2023\/09\/HY4C7582-500x280.jpg",500,280,true],"medium":["https:\/\/arantv.az\/wp-content\/uploads\/2023\/09\/HY4C7582-548x365.jpg",548,365,true],"large":["https:\/\/arantv.az\/wp-content\/uploads\/2023\/09\/HY4C7582.jpg",620,413,false],"1536x1536":["https:\/\/arantv.az\/wp-content\/uploads\/2023\/09\/HY4C7582.jpg",620,413,false],"2048x2048":["https:\/\/arantv.az\/wp-content\/uploads\/2023\/09\/HY4C7582.jpg",620,413,false],"post-thumbnail":["https:\/\/arantv.az\/wp-content\/uploads\/2023\/09\/HY4C7582-240x172.jpg",240,172,true],"advps-thumb-one":["https:\/\/arantv.az\/wp-content\/uploads\/2023\/09\/HY4C7582.jpg",620,413,false]},"rttpg_author":{"display_name":"V\u00fcsal Rafiqo\u011flu","author_link":"https:\/\/arantv.az\/?author=2"},"rttpg_comment":0,"rttpg_category":"<a href=\"https:\/\/arantv.az\/?cat=4\" rel=\"category\">Siyas\u0259t<\/a>","rttpg_excerpt":"Az\u0259rbaycan\u0131n Qaraba\u011fda ke\u00e7irdiyi antiterror t\u0259dbirl\u0259rinin regional v\u0259 geosiyasi n\u0259tic\u0259l\u0259ri \u00f6lk\u0259 daxilind\u0259ki\u00a0radiKAL\u00a0m\u00fcxalif\u0259ti (\u00f6zl\u0259ri d\u0259 bu ifad\u0259d\u0259n h\u0259zz al\u0131rlar) cin at\u0131na mindirir. 1980-ci ill\u0259rin sonlar\u0131nda, SSR\u0130 imperiyas\u0131n\u0131n q\u00fcrubu \u0259r\u0259f\u0259sind\u0259 v\u0259 ondan sonra siyasi s\u0259hn\u0259d\u0259 s\u0259sl\u0259n\u0259n meydan mahn\u0131lar\u0131n\u0131 repertuarlar\u0131ndan \u00e7\u0131xarmayan m\u00fcxalif\u0259t l\u0259k\u0259 qoyma\u011fa davam edir. Yox, meydan h\u0259r\u0259kat\u0131n\u0131n Az\u0259rbaycan\u0131n m\u00fcst\u0259qillik qazanmas\u0131ndak\u0131 \u0259v\u0259zsiz rollardan biri kimi ifas\u0131 dan\u0131lmazd\u0131r, h\u0259r\u00e7\u0259nd&hellip;","_links":{"self":[{"href":"https:\/\/arantv.az\/index.php?rest_route=\/wp\/v2\/posts\/637070"}],"collection":[{"href":"https:\/\/arantv.az\/index.php?rest_route=\/wp\/v2\/posts"}],"about":[{"href":"https:\/\/arantv.az\/index.php?rest_route=\/wp\/v2\/types\/post"}],"author":[{"embeddable":true,"href":"https:\/\/arantv.az\/index.php?rest_route=\/wp\/v2\/users\/2"}],"replies":[{"embeddable":true,"href":"https:\/\/arantv.az\/index.php?rest_route=%2Fwp%2Fv2%2Fcomments&post=637070"}],"version-history":[{"count":0,"href":"https:\/\/arantv.az\/index.php?rest_route=\/wp\/v2\/posts\/637070\/revisions"}],"wp:featuredmedia":[{"embeddable":true,"href":"https:\/\/arantv.az\/index.php?rest_route=\/wp\/v2\/media\/637074"}],"wp:attachment":[{"href":"https:\/\/arantv.az\/index.php?rest_route=%2Fwp%2Fv2%2Fmedia&parent=637070"}],"wp:term":[{"taxonomy":"category","embeddable":true,"href":"https:\/\/arantv.az\/index.php?rest_route=%2Fwp%2Fv2%2Fcategories&post=637070"},{"taxonomy":"post_tag","embeddable":true,"href":"https:\/\/arantv.az\/index.php?rest_route=%2Fwp%2Fv2%2Ftags&post=637070"}],"curies":[{"name":"wp","href":"https:\/\/api.w.org\/{rel}","templated":true}]}}