{"id":637084,"date":"2023-09-25T16:51:50","date_gmt":"2023-09-25T12:51:50","guid":{"rendered":"https:\/\/arantv.az\/?p=637084"},"modified":"2023-09-25T16:51:50","modified_gmt":"2023-09-25T12:51:50","slug":"az%c9%99rbaycan-prezidenti-erm%c9%99nistanin-naxcivana-qarsi-%c9%99razi-iddialari-var-idi","status":"publish","type":"post","link":"https:\/\/arantv.az\/?p=637084","title":{"rendered":"Az\u0259rbaycan Prezidenti: \u201cErm\u0259nistan\u0131n Nax\u00e7\u0131vana qar\u015f\u0131 \u0259razi iddialar\u0131 var idi\u201d"},"content":{"rendered":"<p>\u201cNax\u00e7\u0131van Az\u0259rbaycan\u0131n q\u0259dim diyar\u0131d\u0131r. \u018ffsuslar olsun ki, 1920-ci ild\u0259 sovet hakimiyy\u0259ti t\u0259r\u0259find\u0259n Q\u0259rbi Z\u0259ng\u0259zur Az\u0259rbaycandan ayr\u0131l\u0131b v\u0259 bel\u0259likl\u0259, Az\u0259rbaycan\u0131n \u0259sas hiss\u0259si il\u0259 Nax\u00e7\u0131van aras\u0131nda co\u011frafi ba\u011flant\u0131 k\u0259silib\u201d.<\/p>\n<p><a href=\"https:\/\/azertag.az\/xeber\/azerbaycan_prezidenti_ermenistanin_naxchivana_qarsi_erazi_iddialari_var_idi-2761900\" target=\"_blank\" rel=\"noopener\">AZ\u018fRTAC<\/a>\u00a0x\u0259b\u0259r verir ki, bu s\u00f6zl\u0259ri Az\u0259rbaycan Prezidenti\u00a0<strong>\u0130lham \u018fliyev<\/strong>\u00a0sentyabr\u0131n 25-d\u0259 T\u00fcrkiy\u0259 Prezidenti R\u0259c\u0259b Tayyib \u018frdo\u011fan il\u0259 m\u0259tbuata b\u0259yanat\u0131nda deyib.<\/p>\n<p>D\u00f6vl\u0259timizin ba\u015f\u00e7\u0131s\u0131 bildirib:<\/p>\n<p>\u201cErm\u0259nistan Az\u0259rbaycana qar\u015f\u0131 i\u015f\u011fal\u00e7\u0131l\u0131q siyas\u0259tini aparma\u011fa ba\u015flayanda Nax\u00e7\u0131vana qar\u015f\u0131 da onlar\u0131n \u0259razi iddialar\u0131 var idi, burada da \u015fidd\u0259tli d\u00f6y\u00fc\u015fl\u0259r gedirdi. V\u0259 m\u0259hz o vaxt Az\u0259rbaycan\u0131n b\u00f6y\u00fck o\u011flu Heyd\u0259r \u018fliyevin r\u0259hb\u0259rliyi il\u0259, &#8211; o zaman o, Nax\u00e7\u0131van\u0131n ba\u015f\u00e7\u0131s\u0131 idi, &#8211; Nax\u00e7\u0131van d\u00fc\u015fm\u0259ni yerin\u0259 oturtdu v\u0259 \u00f6z \u0259razisini qoruya bildi\u201d.<\/p>\n","protected":false},"excerpt":{"rendered":"<p>\u201cNax\u00e7\u0131van Az\u0259rbaycan\u0131n q\u0259dim diyar\u0131d\u0131r. \u018ffsuslar olsun ki, 1920-ci ild\u0259 sovet hakimiyy\u0259ti t\u0259r\u0259find\u0259n Q\u0259rbi Z\u0259ng\u0259zur Az\u0259rbaycandan ayr\u0131l\u0131b v\u0259 bel\u0259likl\u0259, Az\u0259rbaycan\u0131n \u0259sas hiss\u0259si il\u0259 Nax\u00e7\u0131van aras\u0131nda co\u011frafi ba\u011flant\u0131 k\u0259silib\u201d. AZ\u018fRTAC\u00a0x\u0259b\u0259r verir ki, bu s\u00f6zl\u0259ri Az\u0259rbaycan Prezidenti\u00a0\u0130lham \u018fliyev\u00a0sentyabr\u0131n 25-d\u0259 T\u00fcrkiy\u0259 Prezidenti R\u0259c\u0259b Tayyib \u018frdo\u011fan il\u0259 m\u0259tbuata b\u0259yanat\u0131nda deyib. D\u00f6vl\u0259timizin ba\u015f\u00e7\u0131s\u0131 bildirib: \u201cErm\u0259nistan Az\u0259rbaycana qar\u015f\u0131 i\u015f\u011fal\u00e7\u0131l\u0131q siyas\u0259tini aparma\u011fa ba\u015flayanda Nax\u00e7\u0131vana qar\u015f\u0131 da onlar\u0131n \u0259razi iddialar\u0131 var idi, burada da \u015fidd\u0259tli d\u00f6y\u00fc\u015fl\u0259r gedirdi. V\u0259 m\u0259hz o vaxt Az\u0259rbaycan\u0131n b\u00f6y\u00fck o\u011flu Heyd\u0259r \u018fliyevin r\u0259hb\u0259rliyi il\u0259, &#8211; o zaman o, Nax\u00e7\u0131van\u0131n ba\u015f\u00e7\u0131s\u0131 idi, &#8211; Nax\u00e7\u0131van d\u00fc\u015fm\u0259ni yerin\u0259&hellip;<\/p>\n","protected":false},"author":2,"featured_media":637086,"comment_status":"closed","ping_status":"closed","sticky":false,"template":"","format":"standard","meta":{"om_disable_all_campaigns":false,"_monsterinsights_skip_tracking":false,"_monsterinsights_sitenote_active":false,"_monsterinsights_sitenote_note":"","_monsterinsights_sitenote_category":0},"categories":[4],"tags":[],"aioseo_notices":[],"gutentor_comment":0,"rttpg_featured_image_url":{"full":["https:\/\/arantv.az\/wp-content\/uploads\/2023\/09\/06-6.jpg",620,413,false],"landscape":["https:\/\/arantv.az\/wp-content\/uploads\/2023\/09\/06-6.jpg",620,413,false],"portraits":["https:\/\/arantv.az\/wp-content\/uploads\/2023\/09\/06-6.jpg",620,413,false],"thumbnail":["https:\/\/arantv.az\/wp-content\/uploads\/2023\/09\/06-6-500x280.jpg",500,280,true],"medium":["https:\/\/arantv.az\/wp-content\/uploads\/2023\/09\/06-6-548x365.jpg",548,365,true],"large":["https:\/\/arantv.az\/wp-content\/uploads\/2023\/09\/06-6.jpg",620,413,false],"1536x1536":["https:\/\/arantv.az\/wp-content\/uploads\/2023\/09\/06-6.jpg",620,413,false],"2048x2048":["https:\/\/arantv.az\/wp-content\/uploads\/2023\/09\/06-6.jpg",620,413,false],"post-thumbnail":["https:\/\/arantv.az\/wp-content\/uploads\/2023\/09\/06-6-240x172.jpg",240,172,true],"advps-thumb-one":["https:\/\/arantv.az\/wp-content\/uploads\/2023\/09\/06-6.jpg",620,413,false]},"rttpg_author":{"display_name":"V\u00fcsal Rafiqo\u011flu","author_link":"https:\/\/arantv.az\/?author=2"},"rttpg_comment":0,"rttpg_category":"<a href=\"https:\/\/arantv.az\/?cat=4\" rel=\"category\">Siyas\u0259t<\/a>","rttpg_excerpt":"\u201cNax\u00e7\u0131van Az\u0259rbaycan\u0131n q\u0259dim diyar\u0131d\u0131r. \u018ffsuslar olsun ki, 1920-ci ild\u0259 sovet hakimiyy\u0259ti t\u0259r\u0259find\u0259n Q\u0259rbi Z\u0259ng\u0259zur Az\u0259rbaycandan ayr\u0131l\u0131b v\u0259 bel\u0259likl\u0259, Az\u0259rbaycan\u0131n \u0259sas hiss\u0259si il\u0259 Nax\u00e7\u0131van aras\u0131nda co\u011frafi ba\u011flant\u0131 k\u0259silib\u201d. AZ\u018fRTAC\u00a0x\u0259b\u0259r verir ki, bu s\u00f6zl\u0259ri Az\u0259rbaycan Prezidenti\u00a0\u0130lham \u018fliyev\u00a0sentyabr\u0131n 25-d\u0259 T\u00fcrkiy\u0259 Prezidenti R\u0259c\u0259b Tayyib \u018frdo\u011fan il\u0259 m\u0259tbuata b\u0259yanat\u0131nda deyib. D\u00f6vl\u0259timizin ba\u015f\u00e7\u0131s\u0131 bildirib: \u201cErm\u0259nistan Az\u0259rbaycana qar\u015f\u0131 i\u015f\u011fal\u00e7\u0131l\u0131q siyas\u0259tini aparma\u011fa ba\u015flayanda&hellip;","_links":{"self":[{"href":"https:\/\/arantv.az\/index.php?rest_route=\/wp\/v2\/posts\/637084"}],"collection":[{"href":"https:\/\/arantv.az\/index.php?rest_route=\/wp\/v2\/posts"}],"about":[{"href":"https:\/\/arantv.az\/index.php?rest_route=\/wp\/v2\/types\/post"}],"author":[{"embeddable":true,"href":"https:\/\/arantv.az\/index.php?rest_route=\/wp\/v2\/users\/2"}],"replies":[{"embeddable":true,"href":"https:\/\/arantv.az\/index.php?rest_route=%2Fwp%2Fv2%2Fcomments&post=637084"}],"version-history":[{"count":0,"href":"https:\/\/arantv.az\/index.php?rest_route=\/wp\/v2\/posts\/637084\/revisions"}],"wp:featuredmedia":[{"embeddable":true,"href":"https:\/\/arantv.az\/index.php?rest_route=\/wp\/v2\/media\/637086"}],"wp:attachment":[{"href":"https:\/\/arantv.az\/index.php?rest_route=%2Fwp%2Fv2%2Fmedia&parent=637084"}],"wp:term":[{"taxonomy":"category","embeddable":true,"href":"https:\/\/arantv.az\/index.php?rest_route=%2Fwp%2Fv2%2Fcategories&post=637084"},{"taxonomy":"post_tag","embeddable":true,"href":"https:\/\/arantv.az\/index.php?rest_route=%2Fwp%2Fv2%2Ftags&post=637084"}],"curies":[{"name":"wp","href":"https:\/\/api.w.org\/{rel}","templated":true}]}}