{"id":637092,"date":"2023-09-25T16:53:36","date_gmt":"2023-09-25T12:53:36","guid":{"rendered":"https:\/\/arantv.az\/?p=637092"},"modified":"2023-09-25T16:53:36","modified_gmt":"2023-09-25T12:53:36","slug":"prezident-ilham-%c9%99liyev-igdir-naxcivan-qaz-k%c9%99m%c9%99rinin-c%c9%99kilisi-%c9%99laq%c9%99l%c9%99rimiz%c9%99-yeni-t%c9%99kan-ver%c9%99c%c9%99k","status":"publish","type":"post","link":"https:\/\/arantv.az\/?p=637092","title":{"rendered":"Prezident \u0130lham \u018fliyev: \u201c\u0130\u011fd\u0131r-Nax\u00e7\u0131van qaz k\u0259m\u0259rinin \u00e7\u0259kili\u015fi \u0259laq\u0259l\u0259rimiz\u0259 yeni t\u0259kan ver\u0259c\u0259k\u201d"},"content":{"rendered":"<p>\u201cNax\u00e7\u0131vana s\u0259f\u0259r zaman\u0131 imzalanm\u0131\u015f s\u0259n\u0259dl\u0259r T\u00fcrkiy\u0259-Az\u0259rbaycan \u0259laq\u0259l\u0259rinin inki\u015faf\u0131na xidm\u0259t g\u00f6st\u0259r\u0259c\u0259k. \u0130\u011fd\u0131r-Nax\u00e7\u0131van qaz k\u0259m\u0259rinin \u00e7\u0259kili\u015fi qarda\u015fl\u0131q m\u00fcnasib\u0259tl\u0259rimizin tarixind\u0259 \u00f6n\u0259mli hadis\u0259dir v\u0259 bizim \u0259laq\u0259l\u0259rimiz\u0259 yeni t\u0259kan ver\u0259c\u0259k, Nax\u00e7\u0131van\u0131n enerji t\u0259hl\u00fck\u0259sizliyini daha b\u00f6y\u00fck \u00f6l\u00e7\u00fcd\u0259 t\u0259min ed\u0259c\u0259k\u201d.<\/p>\n<p><a href=\"https:\/\/azertag.az\/xeber\/prezident_ilham_eliyev_igdir_naxchivan_qaz_kemerinin_chekilisi_elaqelerimize_yeni_tekan_verecek-2761879\" target=\"_blank\" rel=\"noopener\">AZ\u018fRTAC<\/a>\u00a0x\u0259b\u0259r verir ki, bu s\u00f6zl\u0259ri Az\u0259rbaycan Prezidenti<strong>\u00a0\u0130lham \u018fliyev<\/strong>\u00a0sentyabr\u0131n 25-d\u0259 T\u00fcrkiy\u0259 Prezidenti R\u0259c\u0259b Tayyib \u018frdo\u011fan il\u0259 m\u0259tbuata b\u0259yanat\u0131nda deyib.<\/p>\n","protected":false},"excerpt":{"rendered":"<p>\u201cNax\u00e7\u0131vana s\u0259f\u0259r zaman\u0131 imzalanm\u0131\u015f s\u0259n\u0259dl\u0259r T\u00fcrkiy\u0259-Az\u0259rbaycan \u0259laq\u0259l\u0259rinin inki\u015faf\u0131na xidm\u0259t g\u00f6st\u0259r\u0259c\u0259k. \u0130\u011fd\u0131r-Nax\u00e7\u0131van qaz k\u0259m\u0259rinin \u00e7\u0259kili\u015fi qarda\u015fl\u0131q m\u00fcnasib\u0259tl\u0259rimizin tarixind\u0259 \u00f6n\u0259mli hadis\u0259dir v\u0259 bizim \u0259laq\u0259l\u0259rimiz\u0259 yeni t\u0259kan ver\u0259c\u0259k, Nax\u00e7\u0131van\u0131n enerji t\u0259hl\u00fck\u0259sizliyini daha b\u00f6y\u00fck \u00f6l\u00e7\u00fcd\u0259 t\u0259min ed\u0259c\u0259k\u201d. AZ\u018fRTAC\u00a0x\u0259b\u0259r verir ki, bu s\u00f6zl\u0259ri Az\u0259rbaycan Prezidenti\u00a0\u0130lham \u018fliyev\u00a0sentyabr\u0131n 25-d\u0259 T\u00fcrkiy\u0259 Prezidenti R\u0259c\u0259b Tayyib \u018frdo\u011fan il\u0259 m\u0259tbuata b\u0259yanat\u0131nda deyib.<\/p>\n","protected":false},"author":2,"featured_media":637095,"comment_status":"closed","ping_status":"closed","sticky":false,"template":"","format":"standard","meta":{"om_disable_all_campaigns":false,"_monsterinsights_skip_tracking":false,"_monsterinsights_sitenote_active":false,"_monsterinsights_sitenote_note":"","_monsterinsights_sitenote_category":0},"categories":[4],"tags":[],"aioseo_notices":[],"gutentor_comment":0,"rttpg_featured_image_url":{"full":["https:\/\/arantv.az\/wp-content\/uploads\/2023\/09\/140891325_10164425820405315_1342222326805839665_o-2.jpg",620,413,false],"landscape":["https:\/\/arantv.az\/wp-content\/uploads\/2023\/09\/140891325_10164425820405315_1342222326805839665_o-2.jpg",620,413,false],"portraits":["https:\/\/arantv.az\/wp-content\/uploads\/2023\/09\/140891325_10164425820405315_1342222326805839665_o-2.jpg",620,413,false],"thumbnail":["https:\/\/arantv.az\/wp-content\/uploads\/2023\/09\/140891325_10164425820405315_1342222326805839665_o-2-500x280.jpg",500,280,true],"medium":["https:\/\/arantv.az\/wp-content\/uploads\/2023\/09\/140891325_10164425820405315_1342222326805839665_o-2-548x365.jpg",548,365,true],"large":["https:\/\/arantv.az\/wp-content\/uploads\/2023\/09\/140891325_10164425820405315_1342222326805839665_o-2.jpg",620,413,false],"1536x1536":["https:\/\/arantv.az\/wp-content\/uploads\/2023\/09\/140891325_10164425820405315_1342222326805839665_o-2.jpg",620,413,false],"2048x2048":["https:\/\/arantv.az\/wp-content\/uploads\/2023\/09\/140891325_10164425820405315_1342222326805839665_o-2.jpg",620,413,false],"post-thumbnail":["https:\/\/arantv.az\/wp-content\/uploads\/2023\/09\/140891325_10164425820405315_1342222326805839665_o-2-240x172.jpg",240,172,true],"advps-thumb-one":["https:\/\/arantv.az\/wp-content\/uploads\/2023\/09\/140891325_10164425820405315_1342222326805839665_o-2.jpg",620,413,false]},"rttpg_author":{"display_name":"V\u00fcsal Rafiqo\u011flu","author_link":"https:\/\/arantv.az\/?author=2"},"rttpg_comment":0,"rttpg_category":"<a href=\"https:\/\/arantv.az\/?cat=4\" rel=\"category\">Siyas\u0259t<\/a>","rttpg_excerpt":"\u201cNax\u00e7\u0131vana s\u0259f\u0259r zaman\u0131 imzalanm\u0131\u015f s\u0259n\u0259dl\u0259r T\u00fcrkiy\u0259-Az\u0259rbaycan \u0259laq\u0259l\u0259rinin inki\u015faf\u0131na xidm\u0259t g\u00f6st\u0259r\u0259c\u0259k. \u0130\u011fd\u0131r-Nax\u00e7\u0131van qaz k\u0259m\u0259rinin \u00e7\u0259kili\u015fi qarda\u015fl\u0131q m\u00fcnasib\u0259tl\u0259rimizin tarixind\u0259 \u00f6n\u0259mli hadis\u0259dir v\u0259 bizim \u0259laq\u0259l\u0259rimiz\u0259 yeni t\u0259kan ver\u0259c\u0259k, Nax\u00e7\u0131van\u0131n enerji t\u0259hl\u00fck\u0259sizliyini daha b\u00f6y\u00fck \u00f6l\u00e7\u00fcd\u0259 t\u0259min ed\u0259c\u0259k\u201d. AZ\u018fRTAC\u00a0x\u0259b\u0259r verir ki, bu s\u00f6zl\u0259ri Az\u0259rbaycan Prezidenti\u00a0\u0130lham \u018fliyev\u00a0sentyabr\u0131n 25-d\u0259 T\u00fcrkiy\u0259 Prezidenti R\u0259c\u0259b Tayyib \u018frdo\u011fan il\u0259 m\u0259tbuata b\u0259yanat\u0131nda deyib.","_links":{"self":[{"href":"https:\/\/arantv.az\/index.php?rest_route=\/wp\/v2\/posts\/637092"}],"collection":[{"href":"https:\/\/arantv.az\/index.php?rest_route=\/wp\/v2\/posts"}],"about":[{"href":"https:\/\/arantv.az\/index.php?rest_route=\/wp\/v2\/types\/post"}],"author":[{"embeddable":true,"href":"https:\/\/arantv.az\/index.php?rest_route=\/wp\/v2\/users\/2"}],"replies":[{"embeddable":true,"href":"https:\/\/arantv.az\/index.php?rest_route=%2Fwp%2Fv2%2Fcomments&post=637092"}],"version-history":[{"count":0,"href":"https:\/\/arantv.az\/index.php?rest_route=\/wp\/v2\/posts\/637092\/revisions"}],"wp:featuredmedia":[{"embeddable":true,"href":"https:\/\/arantv.az\/index.php?rest_route=\/wp\/v2\/media\/637095"}],"wp:attachment":[{"href":"https:\/\/arantv.az\/index.php?rest_route=%2Fwp%2Fv2%2Fmedia&parent=637092"}],"wp:term":[{"taxonomy":"category","embeddable":true,"href":"https:\/\/arantv.az\/index.php?rest_route=%2Fwp%2Fv2%2Fcategories&post=637092"},{"taxonomy":"post_tag","embeddable":true,"href":"https:\/\/arantv.az\/index.php?rest_route=%2Fwp%2Fv2%2Ftags&post=637092"}],"curies":[{"name":"wp","href":"https:\/\/api.w.org\/{rel}","templated":true}]}}