{"id":637105,"date":"2023-09-25T16:56:04","date_gmt":"2023-09-25T12:56:04","guid":{"rendered":"https:\/\/arantv.az\/?p=637105"},"modified":"2023-09-25T16:56:04","modified_gmt":"2023-09-25T12:56:04","slug":"ilham-%c9%99liyev-v%c9%99-r%c9%99c%c9%99b-tayyib-%c9%99rdoganin-t%c9%99kb%c9%99t%c9%99k-gorusu-basa-catib-yenil%c9%99nib-foto-video","status":"publish","type":"post","link":"https:\/\/arantv.az\/?p=637105","title":{"rendered":"\u0130lham \u018fliyev v\u0259 R\u0259c\u0259b Tayyib \u018frdo\u011fan\u0131n t\u0259kb\u0259t\u0259k g\u00f6r\u00fc\u015f\u00fc ba\u015fa \u00e7at\u0131b &#8211; YEN\u0130L\u018fN\u0130B + FOTO\/V\u0130DEO"},"content":{"rendered":"<p>Sentyabr\u0131n 25-d\u0259 Nax\u00e7\u0131vanda r\u0259smi qar\u015f\u0131lanma m\u0259rasimind\u0259n sonra Az\u0259rbaycan Respublikas\u0131n\u0131n Prezidenti\u00a0<strong>\u0130lham \u018fliyevin<\/strong>\u00a0T\u00fcrkiy\u0259 Respublikas\u0131n\u0131n Prezidenti R\u0259c\u0259b Tayyib \u018frdo\u011fan il\u0259 t\u0259kb\u0259t\u0259k g\u00f6r\u00fc\u015f\u00fc olub.<\/p>\n<p>Bu bar\u0259d\u0259\u00a0<a href=\"https:\/\/azertag.az\/xeber\/naxchivanda_azerbaycan_prezidenti_ilham_eliyevin__turkiye_prezidenti_receb_tayyib_erdogan_ile_tekbetek_gorusu_olub__yenilenib-2761657\" target=\"_blank\" rel=\"noopener\">AZ\u018fRTAC<\/a>\u00a0x\u0259b\u0259r verir.<\/p>\n<p><strong>15:15<\/strong><\/p>\n<p>Sentyabr\u0131n 25-d\u0259 Nax\u00e7\u0131vanda r\u0259smi qar\u015f\u0131lanma m\u0259rasimind\u0259n sonra Az\u0259rbaycan Respublikas\u0131n\u0131n Prezidenti\u00a0<strong>\u0130lham \u018fliyevin<\/strong>\u00a0T\u00fcrkiy\u0259 Respublikas\u0131n\u0131n Prezidenti R\u0259c\u0259b Tayyib \u018frdo\u011fan il\u0259 t\u0259kb\u0259t\u0259k g\u00f6r\u00fc\u015f\u00fc ba\u015flay\u0131b.<\/p>\n<p>Bu bar\u0259d\u0259\u00a0<a href=\"https:\/\/azertag.az\/xeber\/naxchivanda_azerbaycan_prezidenti_ilham_eliyevin_turkiye_prezidenti_receb_tayyib_erdogan_ile_tekbetek_gorusu_baslayib_yenilenecek-2761657\" target=\"_blank\" rel=\"noopener\">AZ\u018fRTAC<\/a>\u00a0x\u0259b\u0259r verir.<\/p>\n<p><strong>15:07<\/strong><\/p>\n<p>Sentyabr\u0131n 25-d\u0259 Az\u0259rbaycana r\u0259smi s\u0259f\u0259r\u0259 g\u0259l\u0259n T\u00fcrkiy\u0259 Respublikas\u0131n\u0131n Prezidenti R\u0259c\u0259b Tayyib \u018frdo\u011fan\u0131n Nax\u00e7\u0131vanda r\u0259smi qar\u015f\u0131lanma m\u0259rasimi olub.<\/p>\n<p>AZ\u018fRTAC x\u0259b\u0259r verir ki, h\u0259r iki \u00f6lk\u0259nin d\u00f6vl\u0259t bayraqlar\u0131n\u0131n dal\u011faland\u0131\u011f\u0131 meydanda ali qona\u011f\u0131n \u015f\u0259r\u0259fin\u0259 f\u0259xri qarovul d\u0259st\u0259si d\u00fcz\u00fcl\u00fcb.<\/p>\n<p>Az\u0259rbaycan Respublikas\u0131n\u0131n Prezidenti\u00a0<strong>\u0130lham \u018fliyev<\/strong>\u00a0T\u00fcrkiy\u0259 Respublikas\u0131n\u0131n Prezidenti R\u0259c\u0259b Tayyib \u018frdo\u011fan\u0131 qar\u015f\u0131lay\u0131b.<\/p>\n<p>F\u0259xri qarovul d\u0259st\u0259sinin r\u0259isi T\u00fcrkiy\u0259 Prezidentin\u0259 raport verib.<\/p>\n<p>Prezident \u0130lham \u018fliyev v\u0259 Prezident R\u0259c\u0259b Tayyib \u018frdo\u011fan f\u0259xri qarovul d\u0259st\u0259sinin qar\u015f\u0131s\u0131ndan ke\u00e7ibl\u0259r.<\/p>\n<p>T\u00fcrkiy\u0259 Prezidenti Az\u0259rbaycan \u0259sg\u0259rl\u0259rini salamlay\u0131b.<\/p>\n<p>T\u00fcrkiy\u0259nin v\u0259 Az\u0259rbaycan\u0131n D\u00f6vl\u0259t himnl\u0259ri s\u0259sl\u0259nib.<\/p>\n<p>F\u0259xri qarovul d\u0259st\u0259si h\u0259rbi mar\u015f\u0131n s\u0259dalar\u0131 alt\u0131nda d\u00f6vl\u0259t ba\u015f\u00e7\u0131lar\u0131n\u0131n qar\u015f\u0131s\u0131ndan ke\u00e7ib.<\/p>\n<p>D\u00f6vl\u0259t ba\u015f\u00e7\u0131lar\u0131 r\u0259smi foto \u00e7\u0259kdiribl\u0259r.<\/p>\n<p>Az\u0259rbaycan n\u00fcmay\u0259nd\u0259 hey\u0259tinin \u00fczvl\u0259ri Prezident R\u0259c\u0259b Tayyib \u018frdo\u011fana, T\u00fcrkiy\u0259 n\u00fcmay\u0259nd\u0259 hey\u0259tinin \u00fczvl\u0259ri Prezident \u0130lham \u018fliyev\u0259 t\u0259qdim olunub.<\/p>\n<div><iframe loading=\"lazy\" title=\"YouTube video player\" src=\"https:\/\/www.youtube.com\/embed\/wV-RZVPtg_E?si=LSah-flqCWLiFybH\" width=\"560\" height=\"315\" frameborder=\"0\" allowfullscreen=\"allowfullscreen\" data-mce-fragment=\"1\"><\/iframe><\/div>\n<p><img src=\"https:\/\/cdn.oxu.az\/uploads\/W1siZiIsIjIwMjMvMDkvMjUvMTUvMzIvNDAvZmEzMWI3ZTAtYmE2ZS00OTYwLTkzNmQtODViNjQzMWRkZjc3LzE2OTU2NDE0MDIxOTk1NTU4Njc0XzEyMDB4NjMwLmpwZyJdLFsicCIsImVuY29kZSIsImpwZyIsIi1xdWFsaXR5IDgwIl0sWyJwIiwidGh1bWIiLCI1OTB4NTkwXHUwMDNlIl1d?sha=e011f46bb094fc22\" alt=\"\" \/><img src=\"https:\/\/cdn.oxu.az\/uploads\/W1siZiIsIjIwMjMvMDkvMjUvMTUvMzIvMzkvNTQxNDc3ZGYtYTk0Ny00NGE2LWIxOWUtYzJiNzQ3ODVkYTcyLzE2OTU2NDE0MDIyMTIwMDI2MzExXzEyMDB4NjMwLmpwZyJdLFsicCIsImVuY29kZSIsImpwZyIsIi1xdWFsaXR5IDgwIl0sWyJwIiwidGh1bWIiLCI1OTB4NTkwXHUwMDNlIl1d?sha=acdb77396a696b5b\" alt=\"\" \/><img src=\"https:\/\/cdn.oxu.az\/uploads\/W1siZiIsIjIwMjMvMDkvMjUvMTUvMzIvMzkvN2ViNmI4ZGQtY2U4NC00YjlkLTgxYTktNjg0Zjc2YTM2NWY1LzE2OTU2NDE0MDI0MjYyNzI4NDEwXzEyMDB4NjMwLmpwZyJdLFsicCIsImVuY29kZSIsImpwZyIsIi1xdWFsaXR5IDgwIl0sWyJwIiwidGh1bWIiLCI1OTB4NTkwXHUwMDNlIl1d?sha=3cbd89a6b7eaa087\" alt=\"\" \/><img src=\"https:\/\/cdn.oxu.az\/uploads\/W1siZiIsIjIwMjMvMDkvMjUvMTUvMzIvMzkvMzQ4ZDMwNjItNmIyZC00MTk3LTk0ZGUtMWIzNzM2ZDMyNzE3LzE2OTU2NDE0MDI1NjAxMzQ4NjY4XzEyMDB4NjMwLmpwZyJdLFsicCIsImVuY29kZSIsImpwZyIsIi1xdWFsaXR5IDgwIl0sWyJwIiwidGh1bWIiLCI1OTB4NTkwXHUwMDNlIl1d?sha=392551b8bed8066c\" alt=\"\" \/><img src=\"https:\/\/cdn.oxu.az\/uploads\/W1siZiIsIjIwMjMvMDkvMjUvMTUvMzIvMzkvM2UyOGVkZmMtNTM3MC00MTE1LWFkMmMtMThkODE4NTU3OTM3LzE2OTU2NDE0MDIyODM0NzY4NV8xMjAweDYzMC5qcGciXSxbInAiLCJlbmNvZGUiLCJqcGciLCItcXVhbGl0eSA4MCJdLFsicCIsInRodW1iIiwiNTkweDU5MFx1MDAzZSJdXQ?sha=0f8025926d8b6fca\" alt=\"\" \/><img src=\"https:\/\/cdn.oxu.az\/uploads\/W1siZiIsIjIwMjMvMDkvMjUvMTUvMzIvMzkvN2UxNmI5MTktZmJjZC00Yzk4LWE2ZDctNzk1MmVhOTlhY2NkLzE2OTU2NDE0MDI5NTc0NTAxMzJfMTIwMHg2MzAuanBnIl0sWyJwIiwiZW5jb2RlIiwianBnIiwiLXF1YWxpdHkgODAiXSxbInAiLCJ0aHVtYiIsIjU5MHg1OTBcdTAwM2UiXV0?sha=35ac43599ef9d326\" alt=\"\" \/><img src=\"https:\/\/cdn.oxu.az\/uploads\/W1siZiIsIjIwMjMvMDkvMjUvMTUvMzIvMzkvN2Y0Y2JlMGYtZjIyNi00YjFhLTk2YTItM2FkMmFmMWVhY2MxLzE2OTU2NDE0MDI4MDIxNDYzMjJfMTIwMHg2MzAuanBnIl0sWyJwIiwiZW5jb2RlIiwianBnIiwiLXF1YWxpdHkgODAiXSxbInAiLCJ0aHVtYiIsIjU5MHg1OTBcdTAwM2UiXV0?sha=4aadb05acc4a6cc0\" alt=\"\" \/><img src=\"https:\/\/cdn.oxu.az\/uploads\/W1siZiIsIjIwMjMvMDkvMjUvMTUvMzIvMzgvZTgyYmM5ZTUtZDFkZi00ZjkxLWIzZWEtZTgyODk3ZmM5Y2NjLzE2OTU2NDE0MDMzNTM0NzUyODkwXzEyMDB4NjMwLmpwZyJdLFsicCIsImVuY29kZSIsImpwZyIsIi1xdWFsaXR5IDgwIl0sWyJwIiwidGh1bWIiLCI1OTB4NTkwXHUwMDNlIl1d?sha=bf0816279b6ce605\" alt=\"\" \/><img src=\"https:\/\/cdn.oxu.az\/uploads\/W1siZiIsIjIwMjMvMDkvMjUvMTUvMzIvMzgvOGVhOGI5OGMtOTQ1YS00MjRjLThiZDEtNjc2OWZmZTIyMDg4LzE2OTU2NDE0MDMyNDk3MTYxNzkxXzEyMDB4NjMwLmpwZyJdLFsicCIsImVuY29kZSIsImpwZyIsIi1xdWFsaXR5IDgwIl0sWyJwIiwidGh1bWIiLCI1OTB4NTkwXHUwMDNlIl1d?sha=931b89749ae9e162\" alt=\"\" \/><img src=\"https:\/\/cdn.oxu.az\/uploads\/W1siZiIsIjIwMjMvMDkvMjUvMTUvMzIvMzgvNzJhZThhNzAtMGZmNy00N2YxLWFhOGYtNDQ1YjQzMzU3NzRmLzE2OTU2NDE0MDMyNDAyMTQwMDFfMTIwMHg2MzAuanBnIl0sWyJwIiwiZW5jb2RlIiwianBnIiwiLXF1YWxpdHkgODAiXSxbInAiLCJ0aHVtYiIsIjU5MHg1OTBcdTAwM2UiXV0?sha=c96507ba0234e188\" alt=\"\" \/><img src=\"https:\/\/cdn.oxu.az\/uploads\/W1siZiIsIjIwMjMvMDkvMjUvMTUvMzIvMzgvYjc3OGFhMzYtNmQwMi00YTQzLWJkZTYtY2NiMzNlMWVkOTg4LzE2OTU2NDE0MDMyOTI5MTMyMzkyXzEyMDB4NjMwLmpwZyJdLFsicCIsImVuY29kZSIsImpwZyIsIi1xdWFsaXR5IDgwIl0sWyJwIiwidGh1bWIiLCI1OTB4NTkwXHUwMDNlIl1d?sha=ad642743ed09b9f2\" alt=\"\" \/><img src=\"https:\/\/cdn.oxu.az\/uploads\/W1siZiIsIjIwMjMvMDkvMjUvMTUvMzIvMzgvOGIxYWVlOTctNDRiNC00YzcyLWFlOTMtMjI2YWZjOTk0MDkwLzE2OTU2NDE0MDMyOTM2NDMzMTRfMTIwMHg2MzAuanBnIl0sWyJwIiwiZW5jb2RlIiwianBnIiwiLXF1YWxpdHkgODAiXSxbInAiLCJ0aHVtYiIsIjU5MHg1OTBcdTAwM2UiXV0?sha=b3a9d5812a5c5521\" alt=\"\" \/><\/p>\n<p><strong>14:45<\/strong><\/p>\n<p>Sentyabr\u0131n 25-d\u0259 T\u00fcrkiy\u0259 Prezidenti\u00a0R\u0259c\u0259b Tayyib \u018frdo\u011fan\u0131n Nax\u00e7\u0131vanda r\u0259smi qar\u015f\u0131lanma m\u0259rasimi olub.<\/p>\n<p>Az\u0259rbaycan Prezidenti\u00a0<strong>\u0130lham \u018fliyev\u00a0<\/strong>t\u00fcrkiy\u0259li h\u0259mkar\u0131n\u0131\u00a0Nax\u00e7\u0131van Beyn\u0259lxalq Hava Liman\u0131nda qar\u015f\u0131lay\u0131b.<\/p>\n<div><iframe loading=\"lazy\" title=\"YouTube video player\" src=\"https:\/\/www.youtube.com\/embed\/PH3cWUT4TIE?si=RQbU7kIsmqIkn_Xq\" width=\"560\" height=\"315\" frameborder=\"0\" allowfullscreen=\"allowfullscreen\" data-mce-fragment=\"1\"><\/iframe><\/div>\n<p><img src=\"https:\/\/cdn.oxu.az\/uploads\/W1siZiIsIjIwMjMvMDkvMjUvMTUvMDAvMzcvYjRkNWM5MDEtNTQ0NC00NmZkLWFjY2UtNjllYTY4YjQ1NzY1LzE2OTU2Mzk1MTI0ODYxNzM2NjU0XzEyMDB4NjMwLmpwZyJdLFsicCIsImVuY29kZSIsImpwZyIsIi1xdWFsaXR5IDgwIl0sWyJwIiwidGh1bWIiLCI1OTB4NTkwXHUwMDNlIl1d?sha=72711b7147324a2a\" alt=\"\" \/><img src=\"https:\/\/cdn.oxu.az\/uploads\/W1siZiIsIjIwMjMvMDkvMjUvMTUvMDAvMzcvNmNmYjI3ZDAtMzdjMC00NDYyLWIwOWItNGQzY2UzMDIyZGM2LzE2OTU2Mzk1MTIxNzQ1NjU3NzQxXzEyMDB4NjMwLmpwZyJdLFsicCIsImVuY29kZSIsImpwZyIsIi1xdWFsaXR5IDgwIl0sWyJwIiwidGh1bWIiLCI1OTB4NTkwXHUwMDNlIl1d?sha=5b0fa3b13a0a79ca\" alt=\"\" \/><\/p>\n<p><img src=\"https:\/\/cdn.oxu.az\/uploads\/W1siZiIsIjIwMjMvMDkvMjUvMTUvMDAvMzYvZmZiNTFkZGUtZjMzYi00MzIwLWE0NjAtNmUxNmMyYjg3ODE1LzE2OTU2Mzk1MTI0MDE5NTI4MDU1XzEyMDB4NjMwLmpwZyJdLFsicCIsImVuY29kZSIsImpwZyIsIi1xdWFsaXR5IDgwIl0sWyJwIiwidGh1bWIiLCI1OTB4NTkwXHUwMDNlIl1d?sha=faa23b027420e03a\" alt=\"\" \/><\/p>\n<p><strong>14:29<\/strong><\/p>\n<p>T\u00fcrkiy\u0259 Prezidenti R\u0259c\u0259b Tayyib \u018frdo\u011fan\u0131n t\u0259yyar\u0259si sentyabr\u0131n 25-d\u0259 Nax\u00e7\u0131van Beyn\u0259lxalq Hava Liman\u0131nda eni\u015f edib.<\/p>\n<p><strong>12:59<\/strong><\/p>\n<p>T\u00fcrkiy\u0259 Prezidenti R\u0259c\u0259b Tayyib \u018frdo\u011fan Nax\u00e7\u0131van Muxtar Respublikas\u0131na s\u0259f\u0259r\u0259 yola d\u00fc\u015f\u00fcb.<\/p>\n<p>Bu bar\u0259d\u0259 T\u00fcrkiy\u0259 m\u0259tbuat\u0131 x\u0259b\u0259r verir.<\/p>\n<p>Qeyd olunur ki, T\u00fcrkiy\u0259 Prezidenti R\u0259c\u0259b Tayyib \u018frdo\u011fan il\u0259 Az\u0259rbaycan Prezidenti\u00a0<strong>\u0130lham \u018fliyev\u00a0<\/strong>aras\u0131nda ba\u015f tutacaq g\u00f6r\u00fc\u015fl\u0259rd\u0259 iki d\u00f6vl\u0259t aras\u0131nda m\u00fcnasib\u0259tl\u0259r, Qaraba\u011fdak\u0131 haz\u0131rk\u0131 v\u0259ziyy\u0259t ba\u015fda olmaqla regional v\u0259 beyn\u0259lxalq m\u0259s\u0259l\u0259l\u0259rin m\u00fczakir\u0259 edil\u0259c\u0259yi g\u00f6zl\u0259nilir.<\/p>\n<p>Az\u0259rbaycan v\u0259 T\u00fcrkiy\u0259 prezidentl\u0259rinin \u0130\u011fd\u0131r-Nax\u00e7\u0131van T\u0259bii Qaz X\u0259ttinin t\u0259m\u0259lqoyma m\u0259rasimind\u0259 i\u015ftiraklar\u0131 v\u0259 moderniz\u0259 edilmi\u015f Nax\u00e7\u0131van H\u0259rbi Kompleksinin a\u00e7\u0131l\u0131\u015f\u0131n\u0131n h\u0259yata ke\u00e7irilm\u0259si n\u0259z\u0259rd\u0259 tutulub.<\/p>\n","protected":false},"excerpt":{"rendered":"<p>Sentyabr\u0131n 25-d\u0259 Nax\u00e7\u0131vanda r\u0259smi qar\u015f\u0131lanma m\u0259rasimind\u0259n sonra Az\u0259rbaycan Respublikas\u0131n\u0131n Prezidenti\u00a0\u0130lham \u018fliyevin\u00a0T\u00fcrkiy\u0259 Respublikas\u0131n\u0131n Prezidenti R\u0259c\u0259b Tayyib \u018frdo\u011fan il\u0259 t\u0259kb\u0259t\u0259k g\u00f6r\u00fc\u015f\u00fc olub. Bu bar\u0259d\u0259\u00a0AZ\u018fRTAC\u00a0x\u0259b\u0259r verir. 15:15 Sentyabr\u0131n 25-d\u0259 Nax\u00e7\u0131vanda r\u0259smi qar\u015f\u0131lanma m\u0259rasimind\u0259n sonra Az\u0259rbaycan Respublikas\u0131n\u0131n Prezidenti\u00a0\u0130lham \u018fliyevin\u00a0T\u00fcrkiy\u0259 Respublikas\u0131n\u0131n Prezidenti R\u0259c\u0259b Tayyib \u018frdo\u011fan il\u0259 t\u0259kb\u0259t\u0259k g\u00f6r\u00fc\u015f\u00fc ba\u015flay\u0131b. Bu bar\u0259d\u0259\u00a0AZ\u018fRTAC\u00a0x\u0259b\u0259r verir. 15:07 Sentyabr\u0131n 25-d\u0259 Az\u0259rbaycana r\u0259smi s\u0259f\u0259r\u0259 g\u0259l\u0259n T\u00fcrkiy\u0259 Respublikas\u0131n\u0131n Prezidenti R\u0259c\u0259b Tayyib \u018frdo\u011fan\u0131n Nax\u00e7\u0131vanda r\u0259smi qar\u015f\u0131lanma m\u0259rasimi olub. AZ\u018fRTAC x\u0259b\u0259r verir ki, h\u0259r iki \u00f6lk\u0259nin d\u00f6vl\u0259t bayraqlar\u0131n\u0131n dal\u011faland\u0131\u011f\u0131 meydanda ali qona\u011f\u0131n \u015f\u0259r\u0259fin\u0259 f\u0259xri qarovul d\u0259st\u0259si d\u00fcz\u00fcl\u00fcb. Az\u0259rbaycan Respublikas\u0131n\u0131n Prezidenti\u00a0\u0130lham \u018fliyev\u00a0T\u00fcrkiy\u0259 Respublikas\u0131n\u0131n Prezidenti R\u0259c\u0259b&hellip;<\/p>\n","protected":false},"author":2,"featured_media":637108,"comment_status":"closed","ping_status":"closed","sticky":false,"template":"","format":"standard","meta":{"om_disable_all_campaigns":false,"_monsterinsights_skip_tracking":false,"_monsterinsights_sitenote_active":false,"_monsterinsights_sitenote_note":"","_monsterinsights_sitenote_category":0},"categories":[4],"tags":[],"aioseo_notices":[],"gutentor_comment":0,"rttpg_featured_image_url":{"full":["https:\/\/arantv.az\/wp-content\/uploads\/2023\/09\/FotoJet-9-8.jpg",620,413,false],"landscape":["https:\/\/arantv.az\/wp-content\/uploads\/2023\/09\/FotoJet-9-8.jpg",620,413,false],"portraits":["https:\/\/arantv.az\/wp-content\/uploads\/2023\/09\/FotoJet-9-8.jpg",620,413,false],"thumbnail":["https:\/\/arantv.az\/wp-content\/uploads\/2023\/09\/FotoJet-9-8-500x280.jpg",500,280,true],"medium":["https:\/\/arantv.az\/wp-content\/uploads\/2023\/09\/FotoJet-9-8-548x365.jpg",548,365,true],"large":["https:\/\/arantv.az\/wp-content\/uploads\/2023\/09\/FotoJet-9-8.jpg",620,413,false],"1536x1536":["https:\/\/arantv.az\/wp-content\/uploads\/2023\/09\/FotoJet-9-8.jpg",620,413,false],"2048x2048":["https:\/\/arantv.az\/wp-content\/uploads\/2023\/09\/FotoJet-9-8.jpg",620,413,false],"post-thumbnail":["https:\/\/arantv.az\/wp-content\/uploads\/2023\/09\/FotoJet-9-8-240x172.jpg",240,172,true],"advps-thumb-one":["https:\/\/arantv.az\/wp-content\/uploads\/2023\/09\/FotoJet-9-8.jpg",620,413,false]},"rttpg_author":{"display_name":"V\u00fcsal Rafiqo\u011flu","author_link":"https:\/\/arantv.az\/?author=2"},"rttpg_comment":0,"rttpg_category":"<a href=\"https:\/\/arantv.az\/?cat=4\" rel=\"category\">Siyas\u0259t<\/a>","rttpg_excerpt":"Sentyabr\u0131n 25-d\u0259 Nax\u00e7\u0131vanda r\u0259smi qar\u015f\u0131lanma m\u0259rasimind\u0259n sonra Az\u0259rbaycan Respublikas\u0131n\u0131n Prezidenti\u00a0\u0130lham \u018fliyevin\u00a0T\u00fcrkiy\u0259 Respublikas\u0131n\u0131n Prezidenti R\u0259c\u0259b Tayyib \u018frdo\u011fan il\u0259 t\u0259kb\u0259t\u0259k g\u00f6r\u00fc\u015f\u00fc olub. Bu bar\u0259d\u0259\u00a0AZ\u018fRTAC\u00a0x\u0259b\u0259r verir. 15:15 Sentyabr\u0131n 25-d\u0259 Nax\u00e7\u0131vanda r\u0259smi qar\u015f\u0131lanma m\u0259rasimind\u0259n sonra Az\u0259rbaycan Respublikas\u0131n\u0131n Prezidenti\u00a0\u0130lham \u018fliyevin\u00a0T\u00fcrkiy\u0259 Respublikas\u0131n\u0131n Prezidenti R\u0259c\u0259b Tayyib \u018frdo\u011fan il\u0259 t\u0259kb\u0259t\u0259k g\u00f6r\u00fc\u015f\u00fc ba\u015flay\u0131b. Bu bar\u0259d\u0259\u00a0AZ\u018fRTAC\u00a0x\u0259b\u0259r verir. 15:07 Sentyabr\u0131n 25-d\u0259 Az\u0259rbaycana r\u0259smi s\u0259f\u0259r\u0259 g\u0259l\u0259n T\u00fcrkiy\u0259&hellip;","_links":{"self":[{"href":"https:\/\/arantv.az\/index.php?rest_route=\/wp\/v2\/posts\/637105"}],"collection":[{"href":"https:\/\/arantv.az\/index.php?rest_route=\/wp\/v2\/posts"}],"about":[{"href":"https:\/\/arantv.az\/index.php?rest_route=\/wp\/v2\/types\/post"}],"author":[{"embeddable":true,"href":"https:\/\/arantv.az\/index.php?rest_route=\/wp\/v2\/users\/2"}],"replies":[{"embeddable":true,"href":"https:\/\/arantv.az\/index.php?rest_route=%2Fwp%2Fv2%2Fcomments&post=637105"}],"version-history":[{"count":0,"href":"https:\/\/arantv.az\/index.php?rest_route=\/wp\/v2\/posts\/637105\/revisions"}],"wp:featuredmedia":[{"embeddable":true,"href":"https:\/\/arantv.az\/index.php?rest_route=\/wp\/v2\/media\/637108"}],"wp:attachment":[{"href":"https:\/\/arantv.az\/index.php?rest_route=%2Fwp%2Fv2%2Fmedia&parent=637105"}],"wp:term":[{"taxonomy":"category","embeddable":true,"href":"https:\/\/arantv.az\/index.php?rest_route=%2Fwp%2Fv2%2Fcategories&post=637105"},{"taxonomy":"post_tag","embeddable":true,"href":"https:\/\/arantv.az\/index.php?rest_route=%2Fwp%2Fv2%2Ftags&post=637105"}],"curies":[{"name":"wp","href":"https:\/\/api.w.org\/{rel}","templated":true}]}}