{"id":637107,"date":"2023-09-25T16:56:41","date_gmt":"2023-09-25T12:56:41","guid":{"rendered":"https:\/\/arantv.az\/?p=637107"},"modified":"2023-09-25T16:56:41","modified_gmt":"2023-09-25T12:56:41","slug":"tailand-s%c9%99firi-az%c9%99rbaycanin-suveren-huquqlarini-%c9%99razi-butovluyunu-d%c9%99st%c9%99kl%c9%99yirik","status":"publish","type":"post","link":"https:\/\/arantv.az\/?p=637107","title":{"rendered":"Tailand s\u0259firi: \u201cAz\u0259rbaycan\u0131n suveren h\u00fcquqlar\u0131n\u0131, \u0259razi b\u00fct\u00f6vl\u00fcy\u00fcn\u00fc d\u0259st\u0259kl\u0259yirik\u201d"},"content":{"rendered":"<p>\u201cBiz BMT T\u0259hl\u00fck\u0259sizlik \u015euras\u0131n\u0131n Qaraba\u011fla ba\u011fl\u0131 q\u0259tnam\u0259l\u0259rini v\u0259 Az\u0259rbaycan\u0131n suveren h\u00fcquqlar\u0131n\u0131, \u0259razi b\u00fct\u00f6vl\u00fcy\u00fcn\u00fc d\u0259st\u0259kl\u0259yirik. Bu m\u0259nada Az\u0259rbaycanda ya\u015fanan son hadis\u0259l\u0259rd\u0259n t\u0259\u0259ss\u00fcfl\u0259ndiyimi ifad\u0259 edir\u0259m\u201d.<\/p>\n<p>Bunu \u201cReport\u201dun Ankara b\u00fcrosuna a\u00e7\u0131qlamas\u0131nda Tailand\u0131n Az\u0259rbaycan v\u0259 T\u00fcrkiy\u0259d\u0259ki s\u0259firi Apirat Suqondhabhirom bildirib.<\/p>\n<p>\u0130qam\u0259tgah\u0131 Ankarada yerl\u0259\u015f\u0259n diplomat, h\u0259m\u00e7inin, Qaraba\u011fda apar\u0131lan lokal antiterror h\u0259r\u0259k\u0259tl\u0259rin\u0259 d\u0259 m\u00fcnasib\u0259t bildirib:<\/p>\n<p>\u201c\u0130nan\u0131ram ki, Az\u0259rbaycan\u0131n m\u0259rk\u0259zi hakimiyy\u0259ti r\u0259smil\u0259rinin Qaraba\u011f b\u00f6lg\u0259sind\u0259 ya\u015fayan erm\u0259ni sakinl\u0259rin n\u00fcmay\u0259nd\u0259l\u0259ri il\u0259 t\u0259maslar\u0131 m\u00fcsb\u0259t n\u0259tic\u0259 ver\u0259c\u0259k. M\u0259n bu m\u0259s\u0259l\u0259d\u0259 pessimist deyil\u0259m\u201d.<\/p>\n","protected":false},"excerpt":{"rendered":"<p>\u201cBiz BMT T\u0259hl\u00fck\u0259sizlik \u015euras\u0131n\u0131n Qaraba\u011fla ba\u011fl\u0131 q\u0259tnam\u0259l\u0259rini v\u0259 Az\u0259rbaycan\u0131n suveren h\u00fcquqlar\u0131n\u0131, \u0259razi b\u00fct\u00f6vl\u00fcy\u00fcn\u00fc d\u0259st\u0259kl\u0259yirik. Bu m\u0259nada Az\u0259rbaycanda ya\u015fanan son hadis\u0259l\u0259rd\u0259n t\u0259\u0259ss\u00fcfl\u0259ndiyimi ifad\u0259 edir\u0259m\u201d. Bunu \u201cReport\u201dun Ankara b\u00fcrosuna a\u00e7\u0131qlamas\u0131nda Tailand\u0131n Az\u0259rbaycan v\u0259 T\u00fcrkiy\u0259d\u0259ki s\u0259firi Apirat Suqondhabhirom bildirib. \u0130qam\u0259tgah\u0131 Ankarada yerl\u0259\u015f\u0259n diplomat, h\u0259m\u00e7inin, Qaraba\u011fda apar\u0131lan lokal antiterror h\u0259r\u0259k\u0259tl\u0259rin\u0259 d\u0259 m\u00fcnasib\u0259t bildirib: \u201c\u0130nan\u0131ram ki, Az\u0259rbaycan\u0131n m\u0259rk\u0259zi hakimiyy\u0259ti r\u0259smil\u0259rinin Qaraba\u011f b\u00f6lg\u0259sind\u0259 ya\u015fayan erm\u0259ni sakinl\u0259rin n\u00fcmay\u0259nd\u0259l\u0259ri il\u0259 t\u0259maslar\u0131 m\u00fcsb\u0259t n\u0259tic\u0259 ver\u0259c\u0259k. M\u0259n bu m\u0259s\u0259l\u0259d\u0259 pessimist deyil\u0259m\u201d.<\/p>\n","protected":false},"author":2,"featured_media":637111,"comment_status":"closed","ping_status":"closed","sticky":false,"template":"","format":"standard","meta":{"om_disable_all_campaigns":false,"_monsterinsights_skip_tracking":false,"_monsterinsights_sitenote_active":false,"_monsterinsights_sitenote_note":"","_monsterinsights_sitenote_category":0},"categories":[4],"tags":[],"aioseo_notices":[],"gutentor_comment":0,"rttpg_featured_image_url":{"full":["https:\/\/arantv.az\/wp-content\/uploads\/2023\/09\/bd26dc25-80a8-304b-a7d4-aa685b34f35e_850.jpg",620,413,false],"landscape":["https:\/\/arantv.az\/wp-content\/uploads\/2023\/09\/bd26dc25-80a8-304b-a7d4-aa685b34f35e_850.jpg",620,413,false],"portraits":["https:\/\/arantv.az\/wp-content\/uploads\/2023\/09\/bd26dc25-80a8-304b-a7d4-aa685b34f35e_850.jpg",620,413,false],"thumbnail":["https:\/\/arantv.az\/wp-content\/uploads\/2023\/09\/bd26dc25-80a8-304b-a7d4-aa685b34f35e_850-500x280.jpg",500,280,true],"medium":["https:\/\/arantv.az\/wp-content\/uploads\/2023\/09\/bd26dc25-80a8-304b-a7d4-aa685b34f35e_850-548x365.jpg",548,365,true],"large":["https:\/\/arantv.az\/wp-content\/uploads\/2023\/09\/bd26dc25-80a8-304b-a7d4-aa685b34f35e_850.jpg",620,413,false],"1536x1536":["https:\/\/arantv.az\/wp-content\/uploads\/2023\/09\/bd26dc25-80a8-304b-a7d4-aa685b34f35e_850.jpg",620,413,false],"2048x2048":["https:\/\/arantv.az\/wp-content\/uploads\/2023\/09\/bd26dc25-80a8-304b-a7d4-aa685b34f35e_850.jpg",620,413,false],"post-thumbnail":["https:\/\/arantv.az\/wp-content\/uploads\/2023\/09\/bd26dc25-80a8-304b-a7d4-aa685b34f35e_850-240x172.jpg",240,172,true],"advps-thumb-one":["https:\/\/arantv.az\/wp-content\/uploads\/2023\/09\/bd26dc25-80a8-304b-a7d4-aa685b34f35e_850.jpg",620,413,false]},"rttpg_author":{"display_name":"V\u00fcsal Rafiqo\u011flu","author_link":"https:\/\/arantv.az\/?author=2"},"rttpg_comment":0,"rttpg_category":"<a href=\"https:\/\/arantv.az\/?cat=4\" rel=\"category\">Siyas\u0259t<\/a>","rttpg_excerpt":"\u201cBiz BMT T\u0259hl\u00fck\u0259sizlik \u015euras\u0131n\u0131n Qaraba\u011fla ba\u011fl\u0131 q\u0259tnam\u0259l\u0259rini v\u0259 Az\u0259rbaycan\u0131n suveren h\u00fcquqlar\u0131n\u0131, \u0259razi b\u00fct\u00f6vl\u00fcy\u00fcn\u00fc d\u0259st\u0259kl\u0259yirik. Bu m\u0259nada Az\u0259rbaycanda ya\u015fanan son hadis\u0259l\u0259rd\u0259n t\u0259\u0259ss\u00fcfl\u0259ndiyimi ifad\u0259 edir\u0259m\u201d. Bunu \u201cReport\u201dun Ankara b\u00fcrosuna a\u00e7\u0131qlamas\u0131nda Tailand\u0131n Az\u0259rbaycan v\u0259 T\u00fcrkiy\u0259d\u0259ki s\u0259firi Apirat Suqondhabhirom bildirib. \u0130qam\u0259tgah\u0131 Ankarada yerl\u0259\u015f\u0259n diplomat, h\u0259m\u00e7inin, Qaraba\u011fda apar\u0131lan lokal antiterror h\u0259r\u0259k\u0259tl\u0259rin\u0259 d\u0259 m\u00fcnasib\u0259t bildirib: \u201c\u0130nan\u0131ram ki, Az\u0259rbaycan\u0131n m\u0259rk\u0259zi hakimiyy\u0259ti r\u0259smil\u0259rinin&hellip;","_links":{"self":[{"href":"https:\/\/arantv.az\/index.php?rest_route=\/wp\/v2\/posts\/637107"}],"collection":[{"href":"https:\/\/arantv.az\/index.php?rest_route=\/wp\/v2\/posts"}],"about":[{"href":"https:\/\/arantv.az\/index.php?rest_route=\/wp\/v2\/types\/post"}],"author":[{"embeddable":true,"href":"https:\/\/arantv.az\/index.php?rest_route=\/wp\/v2\/users\/2"}],"replies":[{"embeddable":true,"href":"https:\/\/arantv.az\/index.php?rest_route=%2Fwp%2Fv2%2Fcomments&post=637107"}],"version-history":[{"count":0,"href":"https:\/\/arantv.az\/index.php?rest_route=\/wp\/v2\/posts\/637107\/revisions"}],"wp:featuredmedia":[{"embeddable":true,"href":"https:\/\/arantv.az\/index.php?rest_route=\/wp\/v2\/media\/637111"}],"wp:attachment":[{"href":"https:\/\/arantv.az\/index.php?rest_route=%2Fwp%2Fv2%2Fmedia&parent=637107"}],"wp:term":[{"taxonomy":"category","embeddable":true,"href":"https:\/\/arantv.az\/index.php?rest_route=%2Fwp%2Fv2%2Fcategories&post=637107"},{"taxonomy":"post_tag","embeddable":true,"href":"https:\/\/arantv.az\/index.php?rest_route=%2Fwp%2Fv2%2Ftags&post=637107"}],"curies":[{"name":"wp","href":"https:\/\/api.w.org\/{rel}","templated":true}]}}