{"id":637110,"date":"2023-09-25T16:57:10","date_gmt":"2023-09-25T12:57:10","guid":{"rendered":"https:\/\/arantv.az\/?p=637110"},"modified":"2023-09-25T16:57:10","modified_gmt":"2023-09-25T12:57:10","slug":"az%c9%99rbaycan-dilind%c9%99-danisan-erm%c9%99ni-v%c9%99t%c9%99ndasliq-ist%c9%99di-din-%c9%99m%c9%99kdaslari-ona-yardim-etdil%c9%99r-video","status":"publish","type":"post","link":"https:\/\/arantv.az\/?p=637110","title":{"rendered":"Az\u0259rbaycan dilind\u0259 dan\u0131\u015fan erm\u0259ni v\u0259t\u0259nda\u015fl\u0131q ist\u0259di: D\u0130N \u0259m\u0259kda\u015flar\u0131 ona yard\u0131m etdil\u0259r &#8211; V\u0130DEO"},"content":{"rendered":"<article class=\"news\">\n<div class=\"news-inner\">\n<p>Az\u0259rbaycan D\u00f6vl\u0259t Televiziyas\u0131n\u0131n (AzTV) m\u00fcxbiri \u015eu\u015fadan reportaj haz\u0131rlay\u0131b.<\/p>\n<p>Reportajda Erm\u0259nistana ged\u0259n erm\u0259ni\u0259silli A\u011fd\u0259r\u0259 sakininin fikirl\u0259ri d\u0259 yer al\u0131b.<\/p>\n<p>Erm\u0259ni\u0259silli v\u0259t\u0259nda\u015f Az\u0259rbaycan dilind\u0259 dan\u0131\u015faraq bildirib ki, onlar A\u011fd\u0259r\u0259y\u0259 \u0130r\u0259vandan k\u00f6\u00e7\u00fcbl\u0259r:<\/p>\n<p>\u201cPolisl\u0259r v\u0259 \u0259sg\u0259rl\u0259r biz\u0259 k\u00f6m\u0259k edir v\u0259 yax\u015f\u0131 davran\u0131rlar. Onlardan he\u00e7 bir naraz\u0131l\u0131\u011f\u0131m\u0131z yoxdur. Biz\u0259 \u00e7\u00f6r\u0259k verirl\u0259r v\u0259 dig\u0259r ehtiyaclar\u0131m\u0131z\u0131 qar\u015f\u0131lay\u0131rlar. Az\u0259rbaycan v\u0259t\u0259nda\u015fl\u0131\u011f\u0131n\u0131 q\u0259bul etm\u0259k ist\u0259yirik\u201d.<\/p>\n<p>Reportajda avtomobilind\u0259 nasazl\u0131q yaranan h\u0259min sakin\u0259 polis \u0259m\u0259kda\u015flar\u0131m\u0131z k\u00f6m\u0259k edibl\u0259r.<\/p>\n<div><iframe loading=\"lazy\" title=\"YouTube video player\" src=\"https:\/\/www.youtube.com\/embed\/e_YHN18BkXg?si=ou4VM0PA4XnRYOPV\" width=\"560\" height=\"315\" frameborder=\"0\" allowfullscreen=\"allowfullscreen\" data-mce-fragment=\"1\"><\/iframe><\/div>\n<\/div>\n<\/article>\n","protected":false},"excerpt":{"rendered":"<p>Az\u0259rbaycan D\u00f6vl\u0259t Televiziyas\u0131n\u0131n (AzTV) m\u00fcxbiri \u015eu\u015fadan reportaj haz\u0131rlay\u0131b. Reportajda Erm\u0259nistana ged\u0259n erm\u0259ni\u0259silli A\u011fd\u0259r\u0259 sakininin fikirl\u0259ri d\u0259 yer al\u0131b. Erm\u0259ni\u0259silli v\u0259t\u0259nda\u015f Az\u0259rbaycan dilind\u0259 dan\u0131\u015faraq bildirib ki, onlar A\u011fd\u0259r\u0259y\u0259 \u0130r\u0259vandan k\u00f6\u00e7\u00fcbl\u0259r: \u201cPolisl\u0259r v\u0259 \u0259sg\u0259rl\u0259r biz\u0259 k\u00f6m\u0259k edir v\u0259 yax\u015f\u0131 davran\u0131rlar. Onlardan he\u00e7 bir naraz\u0131l\u0131\u011f\u0131m\u0131z yoxdur. Biz\u0259 \u00e7\u00f6r\u0259k verirl\u0259r v\u0259 dig\u0259r ehtiyaclar\u0131m\u0131z\u0131 qar\u015f\u0131lay\u0131rlar. Az\u0259rbaycan v\u0259t\u0259nda\u015fl\u0131\u011f\u0131n\u0131 q\u0259bul etm\u0259k ist\u0259yirik\u201d. Reportajda avtomobilind\u0259 nasazl\u0131q yaranan h\u0259min sakin\u0259 polis \u0259m\u0259kda\u015flar\u0131m\u0131z k\u00f6m\u0259k edibl\u0259r.<\/p>\n","protected":false},"author":2,"featured_media":637113,"comment_status":"closed","ping_status":"closed","sticky":false,"template":"","format":"standard","meta":{"om_disable_all_campaigns":false,"_monsterinsights_skip_tracking":false,"_monsterinsights_sitenote_active":false,"_monsterinsights_sitenote_note":"","_monsterinsights_sitenote_category":0},"categories":[1],"tags":[],"aioseo_notices":[],"gutentor_comment":0,"rttpg_featured_image_url":{"full":["https:\/\/arantv.az\/wp-content\/uploads\/2023\/09\/photo1695640128.jpg",620,413,false],"landscape":["https:\/\/arantv.az\/wp-content\/uploads\/2023\/09\/photo1695640128.jpg",620,413,false],"portraits":["https:\/\/arantv.az\/wp-content\/uploads\/2023\/09\/photo1695640128.jpg",620,413,false],"thumbnail":["https:\/\/arantv.az\/wp-content\/uploads\/2023\/09\/photo1695640128-500x280.jpg",500,280,true],"medium":["https:\/\/arantv.az\/wp-content\/uploads\/2023\/09\/photo1695640128-548x365.jpg",548,365,true],"large":["https:\/\/arantv.az\/wp-content\/uploads\/2023\/09\/photo1695640128.jpg",620,413,false],"1536x1536":["https:\/\/arantv.az\/wp-content\/uploads\/2023\/09\/photo1695640128.jpg",620,413,false],"2048x2048":["https:\/\/arantv.az\/wp-content\/uploads\/2023\/09\/photo1695640128.jpg",620,413,false],"post-thumbnail":["https:\/\/arantv.az\/wp-content\/uploads\/2023\/09\/photo1695640128-240x172.jpg",240,172,true],"advps-thumb-one":["https:\/\/arantv.az\/wp-content\/uploads\/2023\/09\/photo1695640128.jpg",620,413,false]},"rttpg_author":{"display_name":"V\u00fcsal Rafiqo\u011flu","author_link":"https:\/\/arantv.az\/?author=2"},"rttpg_comment":0,"rttpg_category":"<a href=\"https:\/\/arantv.az\/?cat=1\" rel=\"category\">C\u0259miyy\u0259t<\/a>","rttpg_excerpt":"Az\u0259rbaycan D\u00f6vl\u0259t Televiziyas\u0131n\u0131n (AzTV) m\u00fcxbiri \u015eu\u015fadan reportaj haz\u0131rlay\u0131b. Reportajda Erm\u0259nistana ged\u0259n erm\u0259ni\u0259silli A\u011fd\u0259r\u0259 sakininin fikirl\u0259ri d\u0259 yer al\u0131b. Erm\u0259ni\u0259silli v\u0259t\u0259nda\u015f Az\u0259rbaycan dilind\u0259 dan\u0131\u015faraq bildirib ki, onlar A\u011fd\u0259r\u0259y\u0259 \u0130r\u0259vandan k\u00f6\u00e7\u00fcbl\u0259r: \u201cPolisl\u0259r v\u0259 \u0259sg\u0259rl\u0259r biz\u0259 k\u00f6m\u0259k edir v\u0259 yax\u015f\u0131 davran\u0131rlar. Onlardan he\u00e7 bir naraz\u0131l\u0131\u011f\u0131m\u0131z yoxdur. Biz\u0259 \u00e7\u00f6r\u0259k verirl\u0259r v\u0259 dig\u0259r ehtiyaclar\u0131m\u0131z\u0131 qar\u015f\u0131lay\u0131rlar. Az\u0259rbaycan v\u0259t\u0259nda\u015fl\u0131\u011f\u0131n\u0131 q\u0259bul etm\u0259k ist\u0259yirik\u201d.&hellip;","_links":{"self":[{"href":"https:\/\/arantv.az\/index.php?rest_route=\/wp\/v2\/posts\/637110"}],"collection":[{"href":"https:\/\/arantv.az\/index.php?rest_route=\/wp\/v2\/posts"}],"about":[{"href":"https:\/\/arantv.az\/index.php?rest_route=\/wp\/v2\/types\/post"}],"author":[{"embeddable":true,"href":"https:\/\/arantv.az\/index.php?rest_route=\/wp\/v2\/users\/2"}],"replies":[{"embeddable":true,"href":"https:\/\/arantv.az\/index.php?rest_route=%2Fwp%2Fv2%2Fcomments&post=637110"}],"version-history":[{"count":0,"href":"https:\/\/arantv.az\/index.php?rest_route=\/wp\/v2\/posts\/637110\/revisions"}],"wp:featuredmedia":[{"embeddable":true,"href":"https:\/\/arantv.az\/index.php?rest_route=\/wp\/v2\/media\/637113"}],"wp:attachment":[{"href":"https:\/\/arantv.az\/index.php?rest_route=%2Fwp%2Fv2%2Fmedia&parent=637110"}],"wp:term":[{"taxonomy":"category","embeddable":true,"href":"https:\/\/arantv.az\/index.php?rest_route=%2Fwp%2Fv2%2Fcategories&post=637110"},{"taxonomy":"post_tag","embeddable":true,"href":"https:\/\/arantv.az\/index.php?rest_route=%2Fwp%2Fv2%2Ftags&post=637110"}],"curies":[{"name":"wp","href":"https:\/\/api.w.org\/{rel}","templated":true}]}}