{"id":637121,"date":"2023-09-25T16:59:03","date_gmt":"2023-09-25T12:59:03","guid":{"rendered":"https:\/\/arantv.az\/?p=637121"},"modified":"2023-09-25T16:59:03","modified_gmt":"2023-09-25T12:59:03","slug":"cirkin-yalan-v%c9%99-iftiralar-ustasi-makron-ozunu-pasinyanin-sozcusu-kimi-aparir-s%c9%99rh-foto","status":"publish","type":"post","link":"https:\/\/arantv.az\/?p=637121","title":{"rendered":"\u00c7irkin yalan v\u0259 iftiralar ustas\u0131: Makron \u00f6z\u00fcn\u00fc Pa\u015finyan\u0131n s\u00f6z\u00e7\u00fcs\u00fc kimi apar\u0131r &#8211; \u015e\u018fRH + FOTO"},"content":{"rendered":"<p>Fransa Prezidenti Emmanuel Makron n\u00f6vb\u0259ti d\u0259f\u0259 yalan v\u0259 iftira dolu a\u00e7\u0131qlamalar verib. O, \u201cTF-1\u201d telekanal\u0131na m\u00fcsahib\u0259sind\u0259 qat\u0131 erm\u0259nip\u0259r\u0259st m\u00f6vqe ortaya qoyub, birt\u0259r\u0259fli formada Az\u0259rbaycan\u0131n \u00fcnvan\u0131na \u00e7irkin yalan v\u0259 iftiralar s\u0259sl\u0259ndirib. Erm\u0259nistan da daxil olmaqla, beyn\u0259lxalq al\u0259min Az\u0259rbaycan\u0131n \u0259razi b\u00fct\u00f6vl\u00fcy\u00fcn\u00fc t\u0259sdiql\u0259diyi halda, yen\u0259 d\u0259 Qaraba\u011fda erm\u0259ni sakinl\u0259rin \u201cfiziki t\u0259zyiql\u0259r\u0259 m\u0259ruz qald\u0131\u011f\u0131\u201dn\u0131 iddia edib.<\/p>\n<p>Makronun Az\u0259rbaycana qar\u015f\u0131 \u00e7irkin iftiralarla dolu m\u00fcsahib\u0259sind\u0259 s\u0259sl\u0259ndirdiyi b\u0259zi m\u0259qamlara diqq\u0259t yetir\u0259k. M\u0259s\u0259l\u0259n, \u201cDa\u011fl\u0131q Qaraba\u011f\u201d ifad\u0259si art\u0131q m\u00f6vcud olmad\u0131\u011f\u0131 halda, yen\u0259 d\u0259 bu ifad\u0259ni i\u015fl\u0259dib v\u0259 iddia edib ki, \u201cQaraba\u011fda q\u0259bulolunmaz cinay\u0259tl\u0259r v\u0259 m\u00fcharib\u0259nin \u015fahidi olduq\u201d. \u201cErm\u0259nid\u0259n art\u0131q erm\u0259ni olmaq\u201d missiyas\u0131n\u0131 \u00f6z \u00fcz\u0259rin\u0259 g\u00f6t\u00fcr\u0259n Fransa lideri ortaya bir fakt da qoymadan Az\u0259rbaycan\u0131n \u0259leyhin\u0259 h\u0259dyanlar s\u0259sl\u0259ndirib. O, antiterror t\u0259dbirl\u0259ri zaman\u0131 Az\u0259rbaycan\u0131n dinc sakinl\u0259ri deyil, yaln\u0131z h\u0259rbi infrastrukturlar\u0131 h\u0259d\u0259f\u0259 ald\u0131\u011f\u0131na toxunmur. Halbuki, bu fakt\u0131 b\u00f6lg\u0259d\u0259 olan Rusiya s\u00fclhm\u0259raml\u0131lar\u0131 bel\u0259 etiraf edibl\u0259r.<\/p>\n<p>Rusiya t\u0259r\u0259fi \u0259n y\u00fcks\u0259k s\u0259viyy\u0259d\u0259 t\u0259sdiq edib ki, Az\u0259rbaycan beyn\u0259lxalq h\u00fcquqla t\u0259sbit olunmu\u015f torpaqlar\u0131nda m\u00fcharib\u0259 deyil, antiterror t\u0259dbirl\u0259ri h\u0259yata ke\u00e7irib. Makron r\u0259smi Bak\u0131n\u0131 bu t\u0259dbirl\u0259ri ba\u015flama\u011fa vadar ed\u0259n s\u0259b\u0259bl\u0259ri, o \u0259r\u0259f\u0259d\u0259 10-a yax\u0131n az\u0259rbaycanl\u0131n\u0131n erm\u0259nil\u0259rin basd\u0131rd\u0131\u011f\u0131 mina qurban\u0131 oldu\u011funu da yada salm\u0131r. Erm\u0259nistan\u0131n Qaraba\u011f\u0131n Az\u0259rbaycan torpa\u011f\u0131 oldu\u011funu t\u0259sdiql\u0259diyi halda, Makron 44 g\u00fcnl\u00fck m\u00fcharib\u0259 n\u0259tic\u0259sind\u0259 bu torpaqlarda ya\u015fayan xristianlar\u0131n, erm\u0259ni m\u0259n\u015f\u0259li \u0259halinin h\u00fcquqlar\u0131n\u0131n pozuldu\u011funu iddia edib. 30 il \u0259vv\u0259l erm\u0259ni i\u015f\u011fal\u0131 n\u0259tic\u0259sind\u0259 Az\u0259rbaycan torpaqlar\u0131n\u0131n \u0259l\u0259 ke\u00e7irilm\u0259si, i\u015f\u011fal\u0131 t\u0259sdiq ed\u0259n BMT T\u0259hl\u00fck\u0259sizlik \u015euras\u0131n\u0131n d\u00f6rd q\u0259tnam\u0259sinin olmas\u0131 da onun yad\u0131na d\u00fc\u015fm\u00fcr. T\u0259bii ki, o bunlar\u0131n ham\u0131s\u0131n\u0131 \u00e7ox yax\u015f\u0131 bilir. Sad\u0259c\u0259, erm\u0259ni lobbisind\u0259n ald\u0131\u011f\u0131 ian\u0259l\u0259r, yard\u0131mlar, d\u0259st\u0259k onu bu etiraf\u0131 etm\u0259y\u0259 qoymur.<\/p>\n<p><img src=\"https:\/\/cdn.oxu.az\/uploads\/W1siZiIsIjIwMjMvMDkvMjUvMTQvMzkvMTIvYTMyNTk0OGQtMzY0ZC00MTM3LThhZjAtYWMzYTNhMTE1OTEyLzZiNmFjMTdlLWY4NzktM2IxYS05ODNkLTZmMmRiYTMwMjZlMS5qcGciXSxbInAiLCJlbmNvZGUiLCJqcGciLCItcXVhbGl0eSA4MCJdLFsicCIsInRodW1iIiwiNTkweDU5MFx1MDAzZSJdXQ?sha=1bca859f78ebafe6\" alt=\"\" \/><\/p>\n<p>Qeyd ed\u0259k ki, Makron bundan \u0259vv\u0259l Qaraba\u011f\u0131 \u201cm\u00fcbahis\u0259li \u0259razi\u201d adland\u0131rmaqla g\u00fcl\u00fc\u015f obyektin\u0259 \u00e7evrilmi\u015fdi. Bildirmi\u015fdi ki, bu b\u00f6lg\u0259 Erm\u0259nistan\u0131n \u201cm\u0259rk\u0259zind\u0259dir\u201d. Erm\u0259nistanla Az\u0259rbaycan\u0131n x\u0259rit\u0259sini \u201cs\u0259hv\u201d salan Fransa lideri, t\u0259bii ki, diqq\u0259tl\u0259 baxsayd\u0131, Qaraba\u011f\u0131n Az\u0259rbaycan\u0131n i\u00e7\u0259risind\u0259 oldu\u011funu ayd\u0131n g\u00f6r\u0259rdi.<\/p>\n<p>Makronun n\u00f6vb\u0259ti iftira v\u0259 yalan\u0131 Qaraba\u011f\u0131n erm\u0259ni\u0259silli sakinl\u0259ri \u00fc\u00e7\u00fcn humanitar yard\u0131mlarla ba\u011fl\u0131d\u0131r. Halbuki, r\u0259smi Bak\u0131 bir m\u00fcdd\u0259tdir ki, h\u0259min sakinl\u0259r\u0259 humanitar yard\u0131mlar g\u00f6nd\u0259rir. Yard\u0131mlar\u0131n \u00e7atd\u0131r\u0131lmas\u0131 Beyn\u0259lxalq Q\u0131z\u0131l Xa\u00e7 Komit\u0259sinin (BQXK) m\u00fc\u015fayi\u0259ti il\u0259 h\u0259yata ke\u00e7irilir. Makron m\u00fcsahib\u0259sind\u0259 bunlar\u0131 da g\u00f6rm\u0259zd\u0259n g\u0259lir.<\/p>\n<p>Fransa lideri daha sonra Erm\u0259nistan\u0131n \u0259razi b\u00fct\u00f6vl\u00fcy\u00fcn\u0259 \u201c\u00e7ox diqq\u0259tli\u201d olacaqlar\u0131ndan dan\u0131\u015f\u0131r. Bununla da d\u00f6vl\u0259t ba\u015f\u00e7\u0131s\u0131na yara\u015fmayan \u015f\u0259kild\u0259 riyakarl\u0131\u011fa, iki\u00fczl\u00fcl\u00fcy\u0259 yol verir. M\u0259g\u0259r Az\u0259rbaycan Erm\u0259nistan\u0131n \u0259razi b\u00fct\u00f6vl\u00fcy\u00fcn\u0259 t\u0259hl\u00fck\u0259 yarad\u0131r? Yen\u0259 d\u0259 Erm\u0259nistan\u0131n ba\u015f naziri Nikol Pa\u015finyan\u0131n bu bar\u0259d\u0259 fikirl\u0259rini onun yad\u0131na salmaq z\u0259rur\u0259ti yaran\u0131r. Erm\u0259nistan\u0131n ba\u015f naziri d\u0259 bildirib ki, Qaraba\u011fda ba\u015f ver\u0259nl\u0259rin Erm\u0259nistana aidiyy\u0259ti yoxdur. Erm\u0259nistan liderinin bel\u0259, Qaraba\u011fda insan h\u00fcquq v\u0259 azadl\u0131qlar\u0131n\u0131n pozuldu\u011funu bildirm\u0259diyi halda, Fransa lideri faktlar\u0131 saxtala\u015fd\u0131rma\u011fa \u00e7al\u0131\u015f\u0131b. T\u0259bii ki, ist\u0259r Erm\u0259nistandak\u0131, ist\u0259rs\u0259 d\u0259 Qaraba\u011fdak\u0131 erm\u0259nil\u0259rin g\u0259l\u0259c\u0259k taleyi onu he\u00e7 maraqland\u0131rm\u0131r. Sad\u0259c\u0259, b\u00f6lg\u0259d\u0259 Rusiya il\u0259 n\u00fcfuz sava\u015f\u0131 onu bel\u0259 q\u0259r\u0259zli v\u0259 riyakar m\u00f6vqe s\u0259rgil\u0259m\u0259y\u0259 s\u00f6vq edir. El\u0259 m\u00fcsahib\u0259sind\u0259 Rusiyan\u0131 ittiham etm\u0259si d\u0259 bundan x\u0259b\u0259r verir. Makron bildirib ki, Rusiya Az\u0259rbaycana d\u0259st\u0259k verir.<\/p>\n<p><img src=\"https:\/\/cdn.oxu.az\/uploads\/W1siZiIsIjIwMjMvMDkvMjUvMTQvMzkvMTEvNjU1NDg2NGQtOWU1OC00NDgxLWExM2UtMmM4YzhhZTVhODUzL2FlNjc4ZTEwLTFhMTItMzNiNi04MDMyLTFmMjhiNWYwMDcxYS5wbmciXSxbInAiLCJlbmNvZGUiLCJqcGciLCItcXVhbGl0eSA4MCJdLFsicCIsInRodW1iIiwiNTkweDU5MFx1MDAzZSJdXQ?sha=806f4903e3a499ab\" alt=\"\" \/><\/p>\n<p>\u018fslind\u0259, Fransa liderinin erm\u0259ni t\u0259\u0259ss\u00fcbke\u015fliyinin s\u0259b\u0259bi b\u0259llidir. M\u0259lum oldu\u011fu kimi, BMT T\u0259hl\u00fck\u0259sizlik \u015euras\u0131nda iki d\u0259f\u0259 Az\u0259rbaycanla ba\u011fl\u0131 iclas\u0131n ke\u00e7irilm\u0259sin\u0259 nail olan Makronun h\u0259r iki t\u0259\u015f\u0259bb\u00fcs\u00fc iflas olub.<\/p>\n<p>\u015e\u00fcbh\u0259siz ki, b\u00fct\u00fcn bunlar da onun erm\u0259ni icmas\u0131 aras\u0131nda n\u00fcfuzuna t\u0259sirsiz \u00f6t\u00fc\u015fm\u0259y\u0259c\u0259k. Erm\u0259ni lobbisi d\u0259 Makrondan Qaraba\u011f v\u0259 Erm\u0259nistan \u00fc\u00e7\u00fcn n\u0259 etdiyini sor\u011fu-sual ed\u0259c\u0259k. Ortada is\u0259 he\u00e7 bir nailiyy\u0259t yoxdur. \u018fksin\u0259, Az\u0259rbaycan art\u0131q Qaraba\u011fda separat\u00e7\u0131 qurumun qal\u0131qlar\u0131n\u0131 m\u0259hv edib, a\u011f bayraq qald\u0131rmalar\u0131na nail olub. Makronun da t\u0259\u015f\u0259bb\u00fcsl\u0259ri pu\u00e7 olub. Onun yegan\u0259 u\u011furu, b\u0259lk\u0259 d\u0259, Erm\u0259nistanda anti-Rusiya \u0259hvali-ruhiyy\u0259nin g\u00fccl\u0259nm\u0259sidir. Bel\u0259likl\u0259, \u00f6z\u00fcn\u00fc sivil bir Avropa d\u00f6vl\u0259tinin r\u0259hb\u0259ri kimi yox, i\u015f\u011fal\u00e7\u0131 \u00f6lk\u0259nin s\u00f6z\u00e7\u00fcs\u00fc kimi aparma\u011fa \u00fcst\u00fcnl\u00fck ver\u0259n Makron a\u00e7\u0131q \u015f\u0259kild\u0259 m\u00fcnaqi\u015f\u0259nin \u0259sas s\u0259b\u0259bkar\u0131n\u0131n yan\u0131nda yer al\u0131r, r\u0259hb\u0259rlik etdiyi \u00f6lk\u0259nin maraqlar\u0131n\u0131 da i\u015f\u011fal\u00e7\u0131 Erm\u0259nistan\u0131n fa\u015fizm siyas\u0259tin\u0259 qurban verir.<\/p>\n<p><img src=\"https:\/\/cdn.oxu.az\/uploads\/W1siZiIsIjIwMjMvMDkvMjUvMTQvMzkvMTEvNDczYWU4ZWYtOGEwYy00ZmY2LThjZjgtOWRhMDU5MjZkMjQ3LzhkMTkzMDcyLWI3MmEtM2U3Zi1iNGFlLTczMjE1MmFmNzQ2OC5qcGciXSxbInAiLCJlbmNvZGUiLCJqcGciLCItcXVhbGl0eSA4MCJdLFsicCIsInRodW1iIiwiNTkweDU5MFx1MDAzZSJdXQ?sha=dd550ca3d0c7a66e\" alt=\"\" \/><\/p>\n<p>Son olaraq qeyd ed\u0259k ki, Makron BMT T\u0259hl\u00fck\u0259sizlik \u015euras\u0131nda Az\u0259rbaycan \u0259leyhin\u0259 konkret bir n\u0259tic\u0259 \u0259ld\u0259 ed\u0259 bilm\u0259y\u0259c\u0259yini art\u0131q anlay\u0131r v\u0259 buna g\u00f6r\u0259 d\u0259 n\u00f6vb\u0259ti \u015fouya haz\u0131rla\u015f\u0131r. Bu d\u0259f\u0259 is\u0259 o, Avropa \u015euras\u0131 Parlament Assambleyas\u0131nda (A\u015ePA) \u00f6lk\u0259miz\u0259 qar\u015f\u0131 q\u0259tnam\u0259 q\u0259buluna \u00e7al\u0131\u015facaq. N\u0259z\u0259r\u0259 alaq ki, A\u015ePA-da Az\u0259rbaycana qar\u015f\u0131 q\u0259r\u0259zli v\u0259 erm\u0259nip\u0259r\u0259st m\u00f6vqed\u0259 olan deputatlar kifay\u0259t q\u0259d\u0259rdir. Ona g\u00f6r\u0259 Makron burada hans\u0131sa b\u0259yanat\u0131n v\u0259 ya s\u0259n\u0259din q\u0259bul olunaca\u011f\u0131na \u00fcmidlidir. Lakin m\u0259s\u0259l\u0259 buras\u0131ndad\u0131r ki, m\u0259hz A\u015ePA vaxtil\u0259 Qaraba\u011f\u0131n Erm\u0259nistan t\u0259r\u0259find\u0259n i\u015f\u011fal\u0131 fakt\u0131n\u0131 tan\u0131y\u0131b. \u00dcmid etm\u0259k olar ki, A\u015ePA \u0259vv\u0259lki m\u00f6vqeyini bir daha t\u0259krarlayacaq, obyektiv v\u0259 q\u0259r\u0259zli m\u00f6vqed\u0259n \u00e7\u0131x\u0131\u015f ed\u0259c\u0259k. Bununla da, Fransa Prezidentinin n\u00f6vb\u0259ti t\u0259\u015f\u0259bb\u00fcs\u00fc d\u0259 iflasa u\u011frayacaq.<\/p>\n<p><strong>\u201cReport\u201d \u0130nformasiya Agentliyi<\/strong><\/p>\n","protected":false},"excerpt":{"rendered":"<p>Fransa Prezidenti Emmanuel Makron n\u00f6vb\u0259ti d\u0259f\u0259 yalan v\u0259 iftira dolu a\u00e7\u0131qlamalar verib. O, \u201cTF-1\u201d telekanal\u0131na m\u00fcsahib\u0259sind\u0259 qat\u0131 erm\u0259nip\u0259r\u0259st m\u00f6vqe ortaya qoyub, birt\u0259r\u0259fli formada Az\u0259rbaycan\u0131n \u00fcnvan\u0131na \u00e7irkin yalan v\u0259 iftiralar s\u0259sl\u0259ndirib. Erm\u0259nistan da daxil olmaqla, beyn\u0259lxalq al\u0259min Az\u0259rbaycan\u0131n \u0259razi b\u00fct\u00f6vl\u00fcy\u00fcn\u00fc t\u0259sdiql\u0259diyi halda, yen\u0259 d\u0259 Qaraba\u011fda erm\u0259ni sakinl\u0259rin \u201cfiziki t\u0259zyiql\u0259r\u0259 m\u0259ruz qald\u0131\u011f\u0131\u201dn\u0131 iddia edib. Makronun Az\u0259rbaycana qar\u015f\u0131 \u00e7irkin iftiralarla dolu m\u00fcsahib\u0259sind\u0259 s\u0259sl\u0259ndirdiyi b\u0259zi m\u0259qamlara diqq\u0259t yetir\u0259k. M\u0259s\u0259l\u0259n, \u201cDa\u011fl\u0131q Qaraba\u011f\u201d ifad\u0259si art\u0131q m\u00f6vcud olmad\u0131\u011f\u0131 halda, yen\u0259 d\u0259 bu ifad\u0259ni i\u015fl\u0259dib v\u0259 iddia edib ki, \u201cQaraba\u011fda q\u0259bulolunmaz cinay\u0259tl\u0259r v\u0259 m\u00fcharib\u0259nin \u015fahidi olduq\u201d. \u201cErm\u0259nid\u0259n art\u0131q&hellip;<\/p>\n","protected":false},"author":2,"featured_media":637123,"comment_status":"closed","ping_status":"closed","sticky":false,"template":"","format":"standard","meta":{"om_disable_all_campaigns":false,"_monsterinsights_skip_tracking":false,"_monsterinsights_sitenote_active":false,"_monsterinsights_sitenote_note":"","_monsterinsights_sitenote_category":0},"categories":[4],"tags":[],"aioseo_notices":[],"gutentor_comment":0,"rttpg_featured_image_url":{"full":["https:\/\/arantv.az\/wp-content\/uploads\/2023\/09\/32d02a8e-102e-3acc-ba37-f7468d5b00ff_850.jpg",620,413,false],"landscape":["https:\/\/arantv.az\/wp-content\/uploads\/2023\/09\/32d02a8e-102e-3acc-ba37-f7468d5b00ff_850.jpg",620,413,false],"portraits":["https:\/\/arantv.az\/wp-content\/uploads\/2023\/09\/32d02a8e-102e-3acc-ba37-f7468d5b00ff_850.jpg",620,413,false],"thumbnail":["https:\/\/arantv.az\/wp-content\/uploads\/2023\/09\/32d02a8e-102e-3acc-ba37-f7468d5b00ff_850-500x280.jpg",500,280,true],"medium":["https:\/\/arantv.az\/wp-content\/uploads\/2023\/09\/32d02a8e-102e-3acc-ba37-f7468d5b00ff_850-548x365.jpg",548,365,true],"large":["https:\/\/arantv.az\/wp-content\/uploads\/2023\/09\/32d02a8e-102e-3acc-ba37-f7468d5b00ff_850.jpg",620,413,false],"1536x1536":["https:\/\/arantv.az\/wp-content\/uploads\/2023\/09\/32d02a8e-102e-3acc-ba37-f7468d5b00ff_850.jpg",620,413,false],"2048x2048":["https:\/\/arantv.az\/wp-content\/uploads\/2023\/09\/32d02a8e-102e-3acc-ba37-f7468d5b00ff_850.jpg",620,413,false],"post-thumbnail":["https:\/\/arantv.az\/wp-content\/uploads\/2023\/09\/32d02a8e-102e-3acc-ba37-f7468d5b00ff_850-240x172.jpg",240,172,true],"advps-thumb-one":["https:\/\/arantv.az\/wp-content\/uploads\/2023\/09\/32d02a8e-102e-3acc-ba37-f7468d5b00ff_850.jpg",620,413,false]},"rttpg_author":{"display_name":"V\u00fcsal Rafiqo\u011flu","author_link":"https:\/\/arantv.az\/?author=2"},"rttpg_comment":0,"rttpg_category":"<a href=\"https:\/\/arantv.az\/?cat=4\" rel=\"category\">Siyas\u0259t<\/a>","rttpg_excerpt":"Fransa Prezidenti Emmanuel Makron n\u00f6vb\u0259ti d\u0259f\u0259 yalan v\u0259 iftira dolu a\u00e7\u0131qlamalar verib. O, \u201cTF-1\u201d telekanal\u0131na m\u00fcsahib\u0259sind\u0259 qat\u0131 erm\u0259nip\u0259r\u0259st m\u00f6vqe ortaya qoyub, birt\u0259r\u0259fli formada Az\u0259rbaycan\u0131n \u00fcnvan\u0131na \u00e7irkin yalan v\u0259 iftiralar s\u0259sl\u0259ndirib. Erm\u0259nistan da daxil olmaqla, beyn\u0259lxalq al\u0259min Az\u0259rbaycan\u0131n \u0259razi b\u00fct\u00f6vl\u00fcy\u00fcn\u00fc t\u0259sdiql\u0259diyi halda, yen\u0259 d\u0259 Qaraba\u011fda erm\u0259ni sakinl\u0259rin \u201cfiziki t\u0259zyiql\u0259r\u0259 m\u0259ruz qald\u0131\u011f\u0131\u201dn\u0131 iddia edib. Makronun Az\u0259rbaycana qar\u015f\u0131&hellip;","_links":{"self":[{"href":"https:\/\/arantv.az\/index.php?rest_route=\/wp\/v2\/posts\/637121"}],"collection":[{"href":"https:\/\/arantv.az\/index.php?rest_route=\/wp\/v2\/posts"}],"about":[{"href":"https:\/\/arantv.az\/index.php?rest_route=\/wp\/v2\/types\/post"}],"author":[{"embeddable":true,"href":"https:\/\/arantv.az\/index.php?rest_route=\/wp\/v2\/users\/2"}],"replies":[{"embeddable":true,"href":"https:\/\/arantv.az\/index.php?rest_route=%2Fwp%2Fv2%2Fcomments&post=637121"}],"version-history":[{"count":0,"href":"https:\/\/arantv.az\/index.php?rest_route=\/wp\/v2\/posts\/637121\/revisions"}],"wp:featuredmedia":[{"embeddable":true,"href":"https:\/\/arantv.az\/index.php?rest_route=\/wp\/v2\/media\/637123"}],"wp:attachment":[{"href":"https:\/\/arantv.az\/index.php?rest_route=%2Fwp%2Fv2%2Fmedia&parent=637121"}],"wp:term":[{"taxonomy":"category","embeddable":true,"href":"https:\/\/arantv.az\/index.php?rest_route=%2Fwp%2Fv2%2Fcategories&post=637121"},{"taxonomy":"post_tag","embeddable":true,"href":"https:\/\/arantv.az\/index.php?rest_route=%2Fwp%2Fv2%2Ftags&post=637121"}],"curies":[{"name":"wp","href":"https:\/\/api.w.org\/{rel}","templated":true}]}}