{"id":637122,"date":"2023-09-25T16:59:33","date_gmt":"2023-09-25T12:59:33","guid":{"rendered":"https:\/\/arantv.az\/?p=637122"},"modified":"2023-09-25T16:59:33","modified_gmt":"2023-09-25T12:59:33","slug":"%c9%99misi-q%c9%99nir%c9%99-pasayevanin-s%c9%99hh%c9%99ti-il%c9%99-bagli-yayilan-iddialara-cavab-verdi-yenil%c9%99nib-foto","status":"publish","type":"post","link":"https:\/\/arantv.az\/?p=637122","title":{"rendered":"\u018fmisi Q\u0259nir\u0259 Pa\u015fayevan\u0131n s\u0259hh\u0259ti il\u0259 ba\u011fl\u0131 yay\u0131lan iddialara CAVAB VERD\u0130 &#8211; YEN\u0130L\u018fN\u0130B + FOTO"},"content":{"rendered":"<p align=\"left\">\u201cMilli M\u0259clisin M\u0259d\u0259niyy\u0259t komit\u0259sinin s\u0259dri deputat Q\u0259nir\u0259 Pa\u015fayevan\u0131n v\u0259ziyy\u0259ti stabildir\u201d.<\/p>\n<p align=\"left\">Bunu\u00a0<strong>Oxu.Az<\/strong>-a a\u00e7\u0131qlamas\u0131nda Q\u0259nir\u0259 Pa\u015fayevan\u0131n \u0259misi, professor\u00a0<strong>Q\u0259z\u0259nf\u0259r Pa\u015fayev\u00a0<\/strong>deyib.<\/p>\n<p align=\"left\">\u018fmisi deputat\u0131n v\u0259fat etm\u0259si il\u0259 ba\u011fl\u0131 yay\u0131lan x\u0259b\u0259rl\u0259rin yalan oldu\u011funu qeyd edib:<\/p>\n<p align=\"left\">\u201cYay\u0131lan \u00f6l\u00fcm x\u0259b\u0259ri yaland\u0131r. Q\u0259nir\u0259nin v\u0259ziyy\u0259ti eynidir. Aparata qo\u015fulub. Ham\u0131 ir\u0259lil\u0259yi\u015f olmas\u0131n\u0131 g\u00f6zl\u0259yir. D\u00fcn\u0259n c\u00fczi ir\u0259lil\u0259yi\u015f oldu. T\u0259zyiqi qalxd\u0131. Haz\u0131rda s\u0259hh\u0259ti a\u011f\u0131r stabil olaraq qal\u0131b\u201d.<\/p>\n<p align=\"left\">Q.Pa\u015fayev d\u00f6vl\u0259tin x\u00fcsusi qay\u011f\u0131 g\u00f6st\u0259rdiyini qeyd edib:<\/p>\n<p align=\"left\"><img src=\"https:\/\/cdn.oxu.az\/uploads\/W1siZiIsIjIwMjMvMDkvMjUvMTUvMjUvMjUvM2Y4M2JhMmItNjgxNi00YThjLThlNDgtZWNhNGM3NTI4N2E1L2hhZ2FzZGZnZ2hnaCAoMSkuanBnIl0sWyJwIiwiZW5jb2RlIiwianBnIiwiLXF1YWxpdHkgODAiXSxbInAiLCJ0aHVtYiIsIjU5MHg1OTBcdTAwM2UiXV0?sha=b1da325fc7d4aee9\" alt=\"\" \/><\/p>\n<p align=\"left\">\u201cQ\u0259nir\u0259 d\u00f6vl\u0259tin x\u00fcsusi n\u0259zar\u0259tind\u0259dir. Birinci vitse-prezident\u00a0<strong>Mehriban \u018fliyeva<\/strong>\u00a0x\u00fcsusi diqq\u0259t g\u00f6st\u0259rir. T\u00fcrkiy\u0259d\u0259n h\u0259kiml\u0259r \u00e7a\u011f\u0131r\u0131l\u0131b. D\u00fcn\u0259n Heyd\u0259r \u018fliyev Fondunun direktoru Anar \u018fl\u0259kb\u0259rov da ba\u015f \u00e7\u0259kdi. Bunlar ham\u0131s\u0131 d\u00f6vl\u0259tin qay\u011f\u0131s\u0131d\u0131r\u201d.<\/p>\n<p align=\"left\">Xat\u0131rladaq ki, deputat sentyabr\u0131n 24-d\u0259 s\u0259h\u0259r saatlar\u0131nda a\u011f\u0131r \u015fok v\u0259ziyy\u0259tind\u0259 M\u0259rk\u0259zi Klinikan\u0131n t\u0259cili yard\u0131m \u015f\u00f6b\u0259sin\u0259 g\u0259tirilib.<\/p>\n<p><strong>12:30<\/strong><\/p>\n<p>Haz\u0131rda Milli M\u0259clisin M\u0259d\u0259niyy\u0259t komit\u0259sinin s\u0259dri, deputat Q\u0259nir\u0259 Pa\u015fayevan\u0131n m\u00fcalic\u0259si M\u0259rk\u0259zi Klinikan\u0131n Reanimasiya v\u0259 intensiv terapiya \u015f\u00f6b\u0259sind\u0259 s\u00fcni t\u0259n\u0259ff\u00fcs aparat\u0131nda davam etdirilir v\u0259 laz\u0131mi kompleks reanimasiyon t\u0259dbirl\u0259r h\u0259yata ke\u00e7irilir.<\/p>\n<p>Bu bar\u0259d\u0259 \u201cReport\u201dun sor\u011fusuna cavab olaraq klinikadan bildirilib.<\/p>\n<p>Qeyd olunub ki, sentyabr\u0131n 23-d\u0259 deputat Q.Pa\u015fayeva septiki \u015fok v\u0259ziyy\u0259tind\u0259 M\u0259rk\u0259zi Klinikaya t\u0259xliy\u0259 edilib:<\/p>\n<p>\u201cAz\u0259rbaycan\u0131n Birinci vitse-prezidenti, Heyd\u0259r \u018fliyev Fondunun prezidenti Mehriban \u018fliyevan\u0131n tap\u015f\u0131r\u0131\u011f\u0131na \u0259sas\u0259n, Q\u0259nir\u0259 Pa\u015fayevan\u0131n m\u00fcalic\u0259si Fond t\u0259r\u0259find\u0259n n\u0259zar\u0259t\u0259 g\u00f6t\u00fcr\u00fcl\u00fcb. Fondun t\u0259\u015fkilat\u00e7\u0131l\u0131\u011f\u0131 il\u0259 T\u00fcrkiy\u0259 C\u00fcmhuriyy\u0259tind\u0259n y\u00fcks\u0259k ixtisasl\u0131 reanimatoloq h\u0259kim d\u0259v\u0259t olunub. H\u0259min m\u00fct\u0259x\u0259ssis h\u0259kim t\u0259r\u0259find\u0259n x\u0259st\u0259 d\u0259y\u0259rl\u0259ndirilib v\u0259 laz\u0131mi m\u0259sl\u0259h\u0259tl\u0259r verilib.<\/p>\n<p>Haz\u0131rda x\u0259st\u0259nin m\u00fcalic\u0259si Reanimasiya v\u0259 intensiv terapiya \u015f\u00f6b\u0259sind\u0259 s\u00fcni t\u0259n\u0259ff\u00fcs aparat\u0131nda davam etdirilir v\u0259 laz\u0131mi kompleks reanimasiyon t\u0259dbirl\u0259r h\u0259yata ke\u00e7irilir. M\u00fcalic\u0259 zaman\u0131 tibbin b\u00fct\u00fcn imkanlar\u0131ndan istifad\u0259 olunur. X\u0259st\u0259nin m\u00fcalic\u0259si \u00fc\u00e7\u00fcn T\u00fcrkiy\u0259nin \u0259n apar\u0131c\u0131 x\u0259st\u0259xanalar\u0131ndan olan h\u0259mkarlar\u0131m\u0131zla daimi \u0259laq\u0259 saxlan\u0131l\u0131r v\u0259 konsultasiyalar apar\u0131l\u0131r\u201d.<\/p>\n<p><strong>10:38<\/strong><\/p>\n<p>\u00d6t\u0259n g\u00fcn komaya d\u00fc\u015f\u0259n Milli M\u0259clisin deputat\u0131 Q\u0259nir\u0259 Pa\u015fayevan\u0131n v\u0259ziyy\u0259ti stabil a\u011f\u0131rd\u0131r.<\/p>\n<p>\u201cReport\u201dun m\u0259lumat\u0131na g\u00f6r\u0259, bunu onun yax\u0131nlar\u0131 bildiribl\u0259r.<\/p>\n<p>Qeyd olunub ki, deputat\u0131n s\u0259hh\u0259tind\u0259 he\u00e7 bir d\u0259yi\u015fiklik yoxdur v\u0259 stabil a\u011f\u0131r olaraq qal\u0131r.<\/p>\n<p>Xat\u0131rladaq ki, deputat sentyabr\u0131n 24-d\u0259 s\u0259h\u0259r saatlar\u0131nda a\u011f\u0131r \u015fok v\u0259ziyy\u0259tind\u0259 M\u0259rk\u0259zi Klinikan\u0131n t\u0259cili yard\u0131m \u015f\u00f6b\u0259sin\u0259 g\u0259tirilib.<\/p>\n","protected":false},"excerpt":{"rendered":"<p>\u201cMilli M\u0259clisin M\u0259d\u0259niyy\u0259t komit\u0259sinin s\u0259dri deputat Q\u0259nir\u0259 Pa\u015fayevan\u0131n v\u0259ziyy\u0259ti stabildir\u201d. Bunu\u00a0Oxu.Az-a a\u00e7\u0131qlamas\u0131nda Q\u0259nir\u0259 Pa\u015fayevan\u0131n \u0259misi, professor\u00a0Q\u0259z\u0259nf\u0259r Pa\u015fayev\u00a0deyib. \u018fmisi deputat\u0131n v\u0259fat etm\u0259si il\u0259 ba\u011fl\u0131 yay\u0131lan x\u0259b\u0259rl\u0259rin yalan oldu\u011funu qeyd edib: \u201cYay\u0131lan \u00f6l\u00fcm x\u0259b\u0259ri yaland\u0131r. Q\u0259nir\u0259nin v\u0259ziyy\u0259ti eynidir. Aparata qo\u015fulub. Ham\u0131 ir\u0259lil\u0259yi\u015f olmas\u0131n\u0131 g\u00f6zl\u0259yir. D\u00fcn\u0259n c\u00fczi ir\u0259lil\u0259yi\u015f oldu. T\u0259zyiqi qalxd\u0131. Haz\u0131rda s\u0259hh\u0259ti a\u011f\u0131r stabil olaraq qal\u0131b\u201d. Q.Pa\u015fayev d\u00f6vl\u0259tin x\u00fcsusi qay\u011f\u0131 g\u00f6st\u0259rdiyini qeyd edib: \u201cQ\u0259nir\u0259 d\u00f6vl\u0259tin x\u00fcsusi n\u0259zar\u0259tind\u0259dir. Birinci vitse-prezident\u00a0Mehriban \u018fliyeva\u00a0x\u00fcsusi diqq\u0259t g\u00f6st\u0259rir. T\u00fcrkiy\u0259d\u0259n h\u0259kiml\u0259r \u00e7a\u011f\u0131r\u0131l\u0131b. D\u00fcn\u0259n Heyd\u0259r \u018fliyev Fondunun direktoru Anar \u018fl\u0259kb\u0259rov da ba\u015f \u00e7\u0259kdi. Bunlar ham\u0131s\u0131 d\u00f6vl\u0259tin qay\u011f\u0131s\u0131d\u0131r\u201d. Xat\u0131rladaq ki, deputat&hellip;<\/p>\n","protected":false},"author":2,"featured_media":637125,"comment_status":"closed","ping_status":"closed","sticky":false,"template":"","format":"standard","meta":{"om_disable_all_campaigns":false,"_monsterinsights_skip_tracking":false,"_monsterinsights_sitenote_active":false,"_monsterinsights_sitenote_note":"","_monsterinsights_sitenote_category":0},"categories":[1],"tags":[],"aioseo_notices":[],"gutentor_comment":0,"rttpg_featured_image_url":{"full":["https:\/\/arantv.az\/wp-content\/uploads\/2023\/09\/ac22fc1c-202d-37be-bd85-344fff2e961d_850-1.jpg",620,413,false],"landscape":["https:\/\/arantv.az\/wp-content\/uploads\/2023\/09\/ac22fc1c-202d-37be-bd85-344fff2e961d_850-1.jpg",620,413,false],"portraits":["https:\/\/arantv.az\/wp-content\/uploads\/2023\/09\/ac22fc1c-202d-37be-bd85-344fff2e961d_850-1.jpg",620,413,false],"thumbnail":["https:\/\/arantv.az\/wp-content\/uploads\/2023\/09\/ac22fc1c-202d-37be-bd85-344fff2e961d_850-1-500x280.jpg",500,280,true],"medium":["https:\/\/arantv.az\/wp-content\/uploads\/2023\/09\/ac22fc1c-202d-37be-bd85-344fff2e961d_850-1-548x365.jpg",548,365,true],"large":["https:\/\/arantv.az\/wp-content\/uploads\/2023\/09\/ac22fc1c-202d-37be-bd85-344fff2e961d_850-1.jpg",620,413,false],"1536x1536":["https:\/\/arantv.az\/wp-content\/uploads\/2023\/09\/ac22fc1c-202d-37be-bd85-344fff2e961d_850-1.jpg",620,413,false],"2048x2048":["https:\/\/arantv.az\/wp-content\/uploads\/2023\/09\/ac22fc1c-202d-37be-bd85-344fff2e961d_850-1.jpg",620,413,false],"post-thumbnail":["https:\/\/arantv.az\/wp-content\/uploads\/2023\/09\/ac22fc1c-202d-37be-bd85-344fff2e961d_850-1-240x172.jpg",240,172,true],"advps-thumb-one":["https:\/\/arantv.az\/wp-content\/uploads\/2023\/09\/ac22fc1c-202d-37be-bd85-344fff2e961d_850-1.jpg",620,413,false]},"rttpg_author":{"display_name":"V\u00fcsal Rafiqo\u011flu","author_link":"https:\/\/arantv.az\/?author=2"},"rttpg_comment":0,"rttpg_category":"<a href=\"https:\/\/arantv.az\/?cat=1\" rel=\"category\">C\u0259miyy\u0259t<\/a>","rttpg_excerpt":"\u201cMilli M\u0259clisin M\u0259d\u0259niyy\u0259t komit\u0259sinin s\u0259dri deputat Q\u0259nir\u0259 Pa\u015fayevan\u0131n v\u0259ziyy\u0259ti stabildir\u201d. Bunu\u00a0Oxu.Az-a a\u00e7\u0131qlamas\u0131nda Q\u0259nir\u0259 Pa\u015fayevan\u0131n \u0259misi, professor\u00a0Q\u0259z\u0259nf\u0259r Pa\u015fayev\u00a0deyib. \u018fmisi deputat\u0131n v\u0259fat etm\u0259si il\u0259 ba\u011fl\u0131 yay\u0131lan x\u0259b\u0259rl\u0259rin yalan oldu\u011funu qeyd edib: \u201cYay\u0131lan \u00f6l\u00fcm x\u0259b\u0259ri yaland\u0131r. Q\u0259nir\u0259nin v\u0259ziyy\u0259ti eynidir. Aparata qo\u015fulub. Ham\u0131 ir\u0259lil\u0259yi\u015f olmas\u0131n\u0131 g\u00f6zl\u0259yir. D\u00fcn\u0259n c\u00fczi ir\u0259lil\u0259yi\u015f oldu. T\u0259zyiqi qalxd\u0131. Haz\u0131rda s\u0259hh\u0259ti a\u011f\u0131r stabil olaraq qal\u0131b\u201d. Q.Pa\u015fayev&hellip;","_links":{"self":[{"href":"https:\/\/arantv.az\/index.php?rest_route=\/wp\/v2\/posts\/637122"}],"collection":[{"href":"https:\/\/arantv.az\/index.php?rest_route=\/wp\/v2\/posts"}],"about":[{"href":"https:\/\/arantv.az\/index.php?rest_route=\/wp\/v2\/types\/post"}],"author":[{"embeddable":true,"href":"https:\/\/arantv.az\/index.php?rest_route=\/wp\/v2\/users\/2"}],"replies":[{"embeddable":true,"href":"https:\/\/arantv.az\/index.php?rest_route=%2Fwp%2Fv2%2Fcomments&post=637122"}],"version-history":[{"count":0,"href":"https:\/\/arantv.az\/index.php?rest_route=\/wp\/v2\/posts\/637122\/revisions"}],"wp:featuredmedia":[{"embeddable":true,"href":"https:\/\/arantv.az\/index.php?rest_route=\/wp\/v2\/media\/637125"}],"wp:attachment":[{"href":"https:\/\/arantv.az\/index.php?rest_route=%2Fwp%2Fv2%2Fmedia&parent=637122"}],"wp:term":[{"taxonomy":"category","embeddable":true,"href":"https:\/\/arantv.az\/index.php?rest_route=%2Fwp%2Fv2%2Fcategories&post=637122"},{"taxonomy":"post_tag","embeddable":true,"href":"https:\/\/arantv.az\/index.php?rest_route=%2Fwp%2Fv2%2Ftags&post=637122"}],"curies":[{"name":"wp","href":"https:\/\/api.w.org\/{rel}","templated":true}]}}