{"id":637129,"date":"2023-09-25T17:01:00","date_gmt":"2023-09-25T13:01:00","guid":{"rendered":"https:\/\/arantv.az\/?p=637129"},"modified":"2023-09-25T17:01:00","modified_gmt":"2023-09-25T13:01:00","slug":"xocalida-erm%c9%99ni-sakinl%c9%99rl%c9%99-novb%c9%99ti-gorus-basa-catib-yenil%c9%99nib-foto-video","status":"publish","type":"post","link":"https:\/\/arantv.az\/?p=637129","title":{"rendered":"Xocal\u0131da erm\u0259ni sakinl\u0259rl\u0259 n\u00f6vb\u0259ti g\u00f6r\u00fc\u015f ba\u015fa \u00e7at\u0131b &#8211; YEN\u0130L\u018fN\u0130B + FOTO\/V\u0130DEO"},"content":{"rendered":"<p>Sentyabr\u0131n 25-d\u0259 Xocal\u0131 \u015f\u0259h\u0259rind\u0259 Az\u0259rbaycan Respublikas\u0131n\u0131n Qaraba\u011f b\u00f6lg\u0259sind\u0259 ya\u015fayan erm\u0259ni sakinl\u0259rl\u0259 t\u0259maslar \u00fczr\u0259 m\u0259sul \u015f\u0259xs t\u0259yin edilmi\u015f Ramin M\u0259mm\u0259dovun Qaraba\u011f b\u00f6lg\u0259sinin erm\u0259ni sakinl\u0259rinin n\u00fcmay\u0259nd\u0259l\u0259ri il\u0259 n\u00f6vb\u0259ti g\u00f6r\u00fc\u015f\u00fc ba\u015fa \u00e7at\u0131b.<\/p>\n<p><strong>13:22<\/strong><\/p>\n<p>Sentyabr\u0131n 25-d\u0259 Xocal\u0131 \u015f\u0259h\u0259rind\u0259 Az\u0259rbaycan Respublikas\u0131n\u0131n Qaraba\u011f b\u00f6lg\u0259sind\u0259 ya\u015fayan erm\u0259ni sakinl\u0259rl\u0259 t\u0259maslar \u00fczr\u0259 m\u0259sul \u015f\u0259xs t\u0259yin edilmi\u015f Ramin M\u0259mm\u0259dovun Qaraba\u011f b\u00f6lg\u0259sinin erm\u0259ni sakinl\u0259rinin n\u00fcmay\u0259nd\u0259l\u0259ri il\u0259 n\u00f6vb\u0259ti g\u00f6r\u00fc\u015f\u00fc ba\u015flay\u0131b.<\/p>\n<p>Xat\u0131rladaq ki, bundan \u00f6nc\u0259 Qaraba\u011f\u0131n erm\u0259ni sakinl\u0259ri il\u0259 iki d\u0259f\u0259 &#8211; 2023-c\u00fc il mart\u0131n 1-d\u0259 Xocal\u0131da, sentyabr\u0131n 21-d\u0259\u00a0Yevlaxda g\u00f6r\u00fc\u015fl\u0259r ke\u00e7irilib.<\/p>\n<div><iframe loading=\"lazy\" id=\"telegram-post-oxuaze-64500\" src=\"https:\/\/t.me\/oxuaze\/64500?embed=1\" width=\"100%\" height=\"\" frameborder=\"0\" scrolling=\"no\" data-mce-fragment=\"1\"><\/iframe><\/div>\n<p>&nbsp;<\/p>\n<div class=\"gallery\">\n<div class=\"gallery-i\"><img src=\"https:\/\/cdn.oxu.az\/uploads\/W1siZiIsIjIwMjMvMDkvMjUvMTMvNDMvNTIvY2NiZDhkZjUtZGI5ZS00NjhhLTk1ZjAtZTU4NDI2OWZhYzE1LzM4MDAxMzgxMl8xOTU5MTI4NTAxMTI3NTU3XzY1MjgxMDkzMTIyNTczNjQwMTFfbi5qcGciXSxbInAiLCJlbmNvZGUiLCJqcGciLCItcXVhbGl0eSA4MCJdLFsicCIsInRodW1iIiwiNTkweDU5MFx1MDAzZSJdXQ?sha=4963b38f24f5c45f\" alt=\"\" \/><\/p>\n<div class=\"gallery-i-caption\"><\/div>\n<\/div>\n<div class=\"gallery-i\"><img src=\"https:\/\/cdn.oxu.az\/uploads\/W1siZiIsIjIwMjMvMDkvMjUvMTMvNDMvNTIvNjJiNzJlZjUtNDRiZS00MGUzLWI3NWUtMzIyMjMxZTc1ODhlLzM4MDEwMzAxN18xNzk2NjcwMDIwNzY2MTgxXzUwNDQ5OTQxNjk4NDQyMzU2MzVfbi5qcGciXSxbInAiLCJlbmNvZGUiLCJqcGciLCItcXVhbGl0eSA4MCJdLFsicCIsInRodW1iIiwiNTkweDU5MFx1MDAzZSJdXQ?sha=28aa91746d1463c8\" alt=\"\" \/><\/p>\n<div class=\"gallery-i-caption\"><\/div>\n<\/div>\n<div class=\"gallery-i\"><img src=\"https:\/\/cdn.oxu.az\/uploads\/W1siZiIsIjIwMjMvMDkvMjUvMTMvNDMvNTIvYTE5ODdiMDUtMzNiNS00MWI3LWE3MzEtYTljYTY1MGU2NjlkLzM4MDMwODQ0M18yMDk2MjcwNTM3MzcxNzkxXzgxMTUxMjk5ODc1NzUzODE4MjJfbi5qcGciXSxbInAiLCJlbmNvZGUiLCJqcGciLCItcXVhbGl0eSA4MCJdLFsicCIsInRodW1iIiwiNTkweDU5MFx1MDAzZSJdXQ?sha=05cd7fda39a0db1e\" alt=\"\" \/><\/div>\n<\/div>\n","protected":false},"excerpt":{"rendered":"<p>Sentyabr\u0131n 25-d\u0259 Xocal\u0131 \u015f\u0259h\u0259rind\u0259 Az\u0259rbaycan Respublikas\u0131n\u0131n Qaraba\u011f b\u00f6lg\u0259sind\u0259 ya\u015fayan erm\u0259ni sakinl\u0259rl\u0259 t\u0259maslar \u00fczr\u0259 m\u0259sul \u015f\u0259xs t\u0259yin edilmi\u015f Ramin M\u0259mm\u0259dovun Qaraba\u011f b\u00f6lg\u0259sinin erm\u0259ni sakinl\u0259rinin n\u00fcmay\u0259nd\u0259l\u0259ri il\u0259 n\u00f6vb\u0259ti g\u00f6r\u00fc\u015f\u00fc ba\u015fa \u00e7at\u0131b. 13:22 Sentyabr\u0131n 25-d\u0259 Xocal\u0131 \u015f\u0259h\u0259rind\u0259 Az\u0259rbaycan Respublikas\u0131n\u0131n Qaraba\u011f b\u00f6lg\u0259sind\u0259 ya\u015fayan erm\u0259ni sakinl\u0259rl\u0259 t\u0259maslar \u00fczr\u0259 m\u0259sul \u015f\u0259xs t\u0259yin edilmi\u015f Ramin M\u0259mm\u0259dovun Qaraba\u011f b\u00f6lg\u0259sinin erm\u0259ni sakinl\u0259rinin n\u00fcmay\u0259nd\u0259l\u0259ri il\u0259 n\u00f6vb\u0259ti g\u00f6r\u00fc\u015f\u00fc ba\u015flay\u0131b. Xat\u0131rladaq ki, bundan \u00f6nc\u0259 Qaraba\u011f\u0131n erm\u0259ni sakinl\u0259ri il\u0259 iki d\u0259f\u0259 &#8211; 2023-c\u00fc il mart\u0131n 1-d\u0259 Xocal\u0131da, sentyabr\u0131n 21-d\u0259\u00a0Yevlaxda g\u00f6r\u00fc\u015fl\u0259r ke\u00e7irilib. &nbsp;<\/p>\n","protected":false},"author":2,"featured_media":637133,"comment_status":"closed","ping_status":"closed","sticky":false,"template":"","format":"standard","meta":{"om_disable_all_campaigns":false,"_monsterinsights_skip_tracking":false,"_monsterinsights_sitenote_active":false,"_monsterinsights_sitenote_note":"","_monsterinsights_sitenote_category":0},"categories":[4],"tags":[],"aioseo_notices":[],"gutentor_comment":0,"rttpg_featured_image_url":{"full":["https:\/\/arantv.az\/wp-content\/uploads\/2023\/09\/FotoJet-2023-09-25T134252.548.jpg",620,413,false],"landscape":["https:\/\/arantv.az\/wp-content\/uploads\/2023\/09\/FotoJet-2023-09-25T134252.548.jpg",620,413,false],"portraits":["https:\/\/arantv.az\/wp-content\/uploads\/2023\/09\/FotoJet-2023-09-25T134252.548.jpg",620,413,false],"thumbnail":["https:\/\/arantv.az\/wp-content\/uploads\/2023\/09\/FotoJet-2023-09-25T134252.548-500x280.jpg",500,280,true],"medium":["https:\/\/arantv.az\/wp-content\/uploads\/2023\/09\/FotoJet-2023-09-25T134252.548-548x365.jpg",548,365,true],"large":["https:\/\/arantv.az\/wp-content\/uploads\/2023\/09\/FotoJet-2023-09-25T134252.548.jpg",620,413,false],"1536x1536":["https:\/\/arantv.az\/wp-content\/uploads\/2023\/09\/FotoJet-2023-09-25T134252.548.jpg",620,413,false],"2048x2048":["https:\/\/arantv.az\/wp-content\/uploads\/2023\/09\/FotoJet-2023-09-25T134252.548.jpg",620,413,false],"post-thumbnail":["https:\/\/arantv.az\/wp-content\/uploads\/2023\/09\/FotoJet-2023-09-25T134252.548-240x172.jpg",240,172,true],"advps-thumb-one":["https:\/\/arantv.az\/wp-content\/uploads\/2023\/09\/FotoJet-2023-09-25T134252.548.jpg",620,413,false]},"rttpg_author":{"display_name":"V\u00fcsal Rafiqo\u011flu","author_link":"https:\/\/arantv.az\/?author=2"},"rttpg_comment":0,"rttpg_category":"<a href=\"https:\/\/arantv.az\/?cat=4\" rel=\"category\">Siyas\u0259t<\/a>","rttpg_excerpt":"Sentyabr\u0131n 25-d\u0259 Xocal\u0131 \u015f\u0259h\u0259rind\u0259 Az\u0259rbaycan Respublikas\u0131n\u0131n Qaraba\u011f b\u00f6lg\u0259sind\u0259 ya\u015fayan erm\u0259ni sakinl\u0259rl\u0259 t\u0259maslar \u00fczr\u0259 m\u0259sul \u015f\u0259xs t\u0259yin edilmi\u015f Ramin M\u0259mm\u0259dovun Qaraba\u011f b\u00f6lg\u0259sinin erm\u0259ni sakinl\u0259rinin n\u00fcmay\u0259nd\u0259l\u0259ri il\u0259 n\u00f6vb\u0259ti g\u00f6r\u00fc\u015f\u00fc ba\u015fa \u00e7at\u0131b. 13:22 Sentyabr\u0131n 25-d\u0259 Xocal\u0131 \u015f\u0259h\u0259rind\u0259 Az\u0259rbaycan Respublikas\u0131n\u0131n Qaraba\u011f b\u00f6lg\u0259sind\u0259 ya\u015fayan erm\u0259ni sakinl\u0259rl\u0259 t\u0259maslar \u00fczr\u0259 m\u0259sul \u015f\u0259xs t\u0259yin edilmi\u015f Ramin M\u0259mm\u0259dovun Qaraba\u011f b\u00f6lg\u0259sinin erm\u0259ni sakinl\u0259rinin n\u00fcmay\u0259nd\u0259l\u0259ri il\u0259&hellip;","_links":{"self":[{"href":"https:\/\/arantv.az\/index.php?rest_route=\/wp\/v2\/posts\/637129"}],"collection":[{"href":"https:\/\/arantv.az\/index.php?rest_route=\/wp\/v2\/posts"}],"about":[{"href":"https:\/\/arantv.az\/index.php?rest_route=\/wp\/v2\/types\/post"}],"author":[{"embeddable":true,"href":"https:\/\/arantv.az\/index.php?rest_route=\/wp\/v2\/users\/2"}],"replies":[{"embeddable":true,"href":"https:\/\/arantv.az\/index.php?rest_route=%2Fwp%2Fv2%2Fcomments&post=637129"}],"version-history":[{"count":0,"href":"https:\/\/arantv.az\/index.php?rest_route=\/wp\/v2\/posts\/637129\/revisions"}],"wp:featuredmedia":[{"embeddable":true,"href":"https:\/\/arantv.az\/index.php?rest_route=\/wp\/v2\/media\/637133"}],"wp:attachment":[{"href":"https:\/\/arantv.az\/index.php?rest_route=%2Fwp%2Fv2%2Fmedia&parent=637129"}],"wp:term":[{"taxonomy":"category","embeddable":true,"href":"https:\/\/arantv.az\/index.php?rest_route=%2Fwp%2Fv2%2Fcategories&post=637129"},{"taxonomy":"post_tag","embeddable":true,"href":"https:\/\/arantv.az\/index.php?rest_route=%2Fwp%2Fv2%2Ftags&post=637129"}],"curies":[{"name":"wp","href":"https:\/\/api.w.org\/{rel}","templated":true}]}}