{"id":637132,"date":"2023-09-25T17:01:28","date_gmt":"2023-09-25T13:01:28","guid":{"rendered":"https:\/\/arantv.az\/?p=637132"},"modified":"2023-09-25T17:01:28","modified_gmt":"2023-09-25T13:01:28","slug":"vartanyanin-etirafi-vardenis-basarkec%c9%99rdir","status":"publish","type":"post","link":"https:\/\/arantv.az\/?p=637132","title":{"rendered":"Vartanyan\u0131n etiraf\u0131: Vardenis Basarke\u00e7\u0259rdir"},"content":{"rendered":"<p>M\u0259lum oldu\u011fu kimi, Az\u0259rbaycan\u0131n Erm\u0259nistana qar\u015f\u0131 he\u00e7 bir \u0259razi iddias\u0131 yoxdur. Bu is\u0259 \u00f6z n\u00f6vb\u0259sind\u0259 indiki Erm\u0259nistan \u0259razisinin q\u0259dim Az\u0259rbaycan torpa\u011f\u0131 oldu\u011funu inkar etmir.<\/p>\n<p>B\u0259li, bu tarixi faktd\u0131r. Bunu erm\u0259nil\u0259rin \u00f6zl\u0259ri d\u0259 bilirl\u0259r. Bilirl\u0259r v\u0259 b\u0259z\u0259n, h\u0259tta t\u0259sad\u00fcf\u0259n, ictimaiyy\u0259t qar\u015f\u0131s\u0131nda etiraf edirl\u0259r. M\u0259s\u0259l\u0259n, bu yax\u0131nlarda Erm\u0259nistan telekanallar\u0131n\u0131n birind\u0259 \u00e7\u0131x\u0131\u015f ed\u0259n erm\u0259ni ictimai-siyasi xadimi v\u0259 publisist Arkadi Vartanyan kimi.<\/p>\n<p>Bel\u0259 ki, onun s\u00f6zl\u0259rin\u0259 g\u00f6r\u0259, \u201cAz\u0259rbaycan Z\u0259ng\u0259zurda polis \u0259m\u0259liyyat\u0131 h\u0259yata ke\u00e7irm\u0259y\u0259 c\u0259hd ed\u0259 bil\u0259r\u201d.<\/p>\n<p>\u201cYaxud Vardenisin az\u0259rbaycanca ke\u00e7mi\u015f ad\u0131 olan Basarke\u00e7\u0259r ad\u0131n\u0131n qaytar\u0131lmas\u0131n\u0131 t\u0259l\u0259b ed\u0259c\u0259k\u201d, &#8211; dey\u0259 Vartanyan bildirib.<\/p>\n<p>Qaraba\u011f v\u0259 \u015e\u0259rqi Z\u0259ng\u0259zurda Az\u0259rbaycan\u0131n \u0259razisi v\u0259 ya az\u0259rbaycanl\u0131 m\u00fclki \u0259hali \u00fc\u00e7\u00fcn t\u0259hl\u00fck\u0259 yaranarsa, Bak\u0131 h\u0259qiq\u0259t\u0259n d\u0259 Z\u0259ng\u0259zurda polis \u0259m\u0259liyyat\u0131 ke\u00e7ir\u0259 bil\u0259r. Ancaq Arkadi Ar\u015favirovi\u00e7in 1969-cu ild\u0259n \u0259vv\u0259l Vardenisin nec\u0259 adland\u0131\u011f\u0131n\u0131 xat\u0131rlamas\u0131 is\u0259 \u00e7ox g\u00f6z\u0259ldir.<\/p>\n","protected":false},"excerpt":{"rendered":"<p>M\u0259lum oldu\u011fu kimi, Az\u0259rbaycan\u0131n Erm\u0259nistana qar\u015f\u0131 he\u00e7 bir \u0259razi iddias\u0131 yoxdur. Bu is\u0259 \u00f6z n\u00f6vb\u0259sind\u0259 indiki Erm\u0259nistan \u0259razisinin q\u0259dim Az\u0259rbaycan torpa\u011f\u0131 oldu\u011funu inkar etmir. B\u0259li, bu tarixi faktd\u0131r. Bunu erm\u0259nil\u0259rin \u00f6zl\u0259ri d\u0259 bilirl\u0259r. Bilirl\u0259r v\u0259 b\u0259z\u0259n, h\u0259tta t\u0259sad\u00fcf\u0259n, ictimaiyy\u0259t qar\u015f\u0131s\u0131nda etiraf edirl\u0259r. M\u0259s\u0259l\u0259n, bu yax\u0131nlarda Erm\u0259nistan telekanallar\u0131n\u0131n birind\u0259 \u00e7\u0131x\u0131\u015f ed\u0259n erm\u0259ni ictimai-siyasi xadimi v\u0259 publisist Arkadi Vartanyan kimi. Bel\u0259 ki, onun s\u00f6zl\u0259rin\u0259 g\u00f6r\u0259, \u201cAz\u0259rbaycan Z\u0259ng\u0259zurda polis \u0259m\u0259liyyat\u0131 h\u0259yata ke\u00e7irm\u0259y\u0259 c\u0259hd ed\u0259 bil\u0259r\u201d. \u201cYaxud Vardenisin az\u0259rbaycanca ke\u00e7mi\u015f ad\u0131 olan Basarke\u00e7\u0259r ad\u0131n\u0131n qaytar\u0131lmas\u0131n\u0131 t\u0259l\u0259b ed\u0259c\u0259k\u201d, &#8211; dey\u0259 Vartanyan bildirib. Qaraba\u011f v\u0259 \u015e\u0259rqi&hellip;<\/p>\n","protected":false},"author":2,"featured_media":637136,"comment_status":"closed","ping_status":"closed","sticky":false,"template":"","format":"standard","meta":{"om_disable_all_campaigns":false,"_monsterinsights_skip_tracking":false,"_monsterinsights_sitenote_active":false,"_monsterinsights_sitenote_note":"","_monsterinsights_sitenote_category":0},"categories":[4],"tags":[],"aioseo_notices":[],"gutentor_comment":0,"rttpg_featured_image_url":{"full":["https:\/\/arantv.az\/wp-content\/uploads\/2023\/09\/FotoJet-2023-09-25T144345.811.jpg",620,413,false],"landscape":["https:\/\/arantv.az\/wp-content\/uploads\/2023\/09\/FotoJet-2023-09-25T144345.811.jpg",620,413,false],"portraits":["https:\/\/arantv.az\/wp-content\/uploads\/2023\/09\/FotoJet-2023-09-25T144345.811.jpg",620,413,false],"thumbnail":["https:\/\/arantv.az\/wp-content\/uploads\/2023\/09\/FotoJet-2023-09-25T144345.811-500x280.jpg",500,280,true],"medium":["https:\/\/arantv.az\/wp-content\/uploads\/2023\/09\/FotoJet-2023-09-25T144345.811-548x365.jpg",548,365,true],"large":["https:\/\/arantv.az\/wp-content\/uploads\/2023\/09\/FotoJet-2023-09-25T144345.811.jpg",620,413,false],"1536x1536":["https:\/\/arantv.az\/wp-content\/uploads\/2023\/09\/FotoJet-2023-09-25T144345.811.jpg",620,413,false],"2048x2048":["https:\/\/arantv.az\/wp-content\/uploads\/2023\/09\/FotoJet-2023-09-25T144345.811.jpg",620,413,false],"post-thumbnail":["https:\/\/arantv.az\/wp-content\/uploads\/2023\/09\/FotoJet-2023-09-25T144345.811-240x172.jpg",240,172,true],"advps-thumb-one":["https:\/\/arantv.az\/wp-content\/uploads\/2023\/09\/FotoJet-2023-09-25T144345.811.jpg",620,413,false]},"rttpg_author":{"display_name":"V\u00fcsal Rafiqo\u011flu","author_link":"https:\/\/arantv.az\/?author=2"},"rttpg_comment":0,"rttpg_category":"<a href=\"https:\/\/arantv.az\/?cat=4\" rel=\"category\">Siyas\u0259t<\/a>","rttpg_excerpt":"M\u0259lum oldu\u011fu kimi, Az\u0259rbaycan\u0131n Erm\u0259nistana qar\u015f\u0131 he\u00e7 bir \u0259razi iddias\u0131 yoxdur. Bu is\u0259 \u00f6z n\u00f6vb\u0259sind\u0259 indiki Erm\u0259nistan \u0259razisinin q\u0259dim Az\u0259rbaycan torpa\u011f\u0131 oldu\u011funu inkar etmir. B\u0259li, bu tarixi faktd\u0131r. Bunu erm\u0259nil\u0259rin \u00f6zl\u0259ri d\u0259 bilirl\u0259r. Bilirl\u0259r v\u0259 b\u0259z\u0259n, h\u0259tta t\u0259sad\u00fcf\u0259n, ictimaiyy\u0259t qar\u015f\u0131s\u0131nda etiraf edirl\u0259r. M\u0259s\u0259l\u0259n, bu yax\u0131nlarda Erm\u0259nistan telekanallar\u0131n\u0131n birind\u0259 \u00e7\u0131x\u0131\u015f ed\u0259n erm\u0259ni ictimai-siyasi xadimi v\u0259 publisist&hellip;","_links":{"self":[{"href":"https:\/\/arantv.az\/index.php?rest_route=\/wp\/v2\/posts\/637132"}],"collection":[{"href":"https:\/\/arantv.az\/index.php?rest_route=\/wp\/v2\/posts"}],"about":[{"href":"https:\/\/arantv.az\/index.php?rest_route=\/wp\/v2\/types\/post"}],"author":[{"embeddable":true,"href":"https:\/\/arantv.az\/index.php?rest_route=\/wp\/v2\/users\/2"}],"replies":[{"embeddable":true,"href":"https:\/\/arantv.az\/index.php?rest_route=%2Fwp%2Fv2%2Fcomments&post=637132"}],"version-history":[{"count":0,"href":"https:\/\/arantv.az\/index.php?rest_route=\/wp\/v2\/posts\/637132\/revisions"}],"wp:featuredmedia":[{"embeddable":true,"href":"https:\/\/arantv.az\/index.php?rest_route=\/wp\/v2\/media\/637136"}],"wp:attachment":[{"href":"https:\/\/arantv.az\/index.php?rest_route=%2Fwp%2Fv2%2Fmedia&parent=637132"}],"wp:term":[{"taxonomy":"category","embeddable":true,"href":"https:\/\/arantv.az\/index.php?rest_route=%2Fwp%2Fv2%2Fcategories&post=637132"},{"taxonomy":"post_tag","embeddable":true,"href":"https:\/\/arantv.az\/index.php?rest_route=%2Fwp%2Fv2%2Ftags&post=637132"}],"curies":[{"name":"wp","href":"https:\/\/api.w.org\/{rel}","templated":true}]}}