{"id":637137,"date":"2023-09-25T17:01:58","date_gmt":"2023-09-25T13:01:58","guid":{"rendered":"https:\/\/arantv.az\/?p=637137"},"modified":"2023-09-25T17:01:58","modified_gmt":"2023-09-25T13:01:58","slug":"q%c9%99rbi-az%c9%99rbaycan-icmasi-fransa-prezidentin%c9%99-cavab-verib","status":"publish","type":"post","link":"https:\/\/arantv.az\/?p=637137","title":{"rendered":"Q\u0259rbi Az\u0259rbaycan \u0130cmas\u0131 Fransa Prezidentin\u0259 cavab verib"},"content":{"rendered":"<p>Fransan\u0131n Prezidenti Emmanuel Makron 2023-c\u00fc il sentyabr\u0131n 24-d\u0259 Fransan\u0131n \u201cTF1\u201d v\u0259 \u201cFrance 2\u201d televiziya kanallar\u0131na verdiyi m\u00fcsahib\u0259sind\u0259 Az\u0259rbaycan\u0131 guya Erm\u0259nistan\u0131n \u0259razi b\u00fct\u00f6vl\u00fcy\u00fcn\u0259 t\u0259hdid t\u00f6r\u0259tm\u0259kd\u0259 ittiham edib v\u0259 Qaraba\u011fda humanitar probleml\u0259rin olmas\u0131n\u0131 iddia edib.<\/p>\n<p>Bu bar\u0259d\u0259 Q\u0259rbi Az\u0259rbaycan \u0130cmas\u0131ndan bildirilib.<\/p>\n<p>Qeyd olunub ki, Fransa h\u00f6kum\u0259ti son 30 ild\u0259 Erm\u0259nistan\u0131n Az\u0259rbaycan \u0259razil\u0259rini i\u015f\u011fal etm\u0259sin\u0259, etnik t\u0259mizl\u0259m\u0259 yolu il\u0259 bir milyona yax\u0131n az\u0259rbaycanl\u0131n\u0131 evind\u0259n qovmas\u0131na, Az\u0259rbaycan \u0259razil\u0259rinin \u0259h\u0259miyy\u0259tli bir hiss\u0259sini viran qoymas\u0131na he\u00e7 vaxt m\u00fcnasib\u0259t bildirm\u0259yib. Fransa Erm\u0259nistanda bir n\u0259f\u0259r d\u0259 olsun az\u0259rbaycanl\u0131n\u0131n qalmamas\u0131na g\u00f6z yumur. \u018fksin\u0259, Fransa b\u00fct\u00fcn vasit\u0259l\u0259rl\u0259 Erm\u0259nistan\u0131 m\u00fcdafi\u0259 ed\u0259r\u0259k, onun bu \u0259m\u0259ll\u0259rin\u0259 \u015f\u0259rik olub.<\/p>\n<p>Bel\u0259 olan t\u0259qdird\u0259, iki \u00f6lk\u0259 aras\u0131nda davaml\u0131 s\u00fclh \u00fc\u00e7\u00fcn \u00fcmidl\u0259r yarand\u0131\u011f\u0131 bir m\u0259qamda Fransa prezidentinin destruktiv, t\u0259hrik\u00e7i v\u0259 yanl\u0131\u015f b\u0259yanat\u0131 bu d\u00f6vl\u0259tin regionda s\u00fclhd\u0259 maraql\u0131 olmad\u0131\u011f\u0131n\u0131 g\u00f6st\u0259rir.<\/p>\n<p>Biz Fransa h\u00f6kum\u0259tini \u00f6z b\u0259d \u0259m\u0259ll\u0259rind\u0259n \u0259l \u00e7\u0259km\u0259y\u0259, Az\u0259rbaycan\u0131n suverenliyi v\u0259 \u0259razi b\u00fct\u00f6vl\u00fcy\u00fcn\u0259 h\u00f6rm\u0259tl\u0259 yana\u015fma\u011fa, Az\u0259rbaycan h\u00f6kum\u0259tinin reinteqrasiya t\u0259dbirl\u0259rin\u0259 mane\u0259 olmama\u011fa v\u0259 Erm\u0259nistandan qovulmu\u015f az\u0259rbaycanl\u0131lar\u0131n t\u0259hl\u00fck\u0259siz v\u0259 l\u0259yaq\u0259tli \u015f\u0259kild\u0259 geri qay\u0131tmas\u0131na d\u0259st\u0259k verm\u0259y\u0259 \u00e7a\u011f\u0131r\u0131r\u0131q.<\/p>\n","protected":false},"excerpt":{"rendered":"<p>Fransan\u0131n Prezidenti Emmanuel Makron 2023-c\u00fc il sentyabr\u0131n 24-d\u0259 Fransan\u0131n \u201cTF1\u201d v\u0259 \u201cFrance 2\u201d televiziya kanallar\u0131na verdiyi m\u00fcsahib\u0259sind\u0259 Az\u0259rbaycan\u0131 guya Erm\u0259nistan\u0131n \u0259razi b\u00fct\u00f6vl\u00fcy\u00fcn\u0259 t\u0259hdid t\u00f6r\u0259tm\u0259kd\u0259 ittiham edib v\u0259 Qaraba\u011fda humanitar probleml\u0259rin olmas\u0131n\u0131 iddia edib. Bu bar\u0259d\u0259 Q\u0259rbi Az\u0259rbaycan \u0130cmas\u0131ndan bildirilib. Qeyd olunub ki, Fransa h\u00f6kum\u0259ti son 30 ild\u0259 Erm\u0259nistan\u0131n Az\u0259rbaycan \u0259razil\u0259rini i\u015f\u011fal etm\u0259sin\u0259, etnik t\u0259mizl\u0259m\u0259 yolu il\u0259 bir milyona yax\u0131n az\u0259rbaycanl\u0131n\u0131 evind\u0259n qovmas\u0131na, Az\u0259rbaycan \u0259razil\u0259rinin \u0259h\u0259miyy\u0259tli bir hiss\u0259sini viran qoymas\u0131na he\u00e7 vaxt m\u00fcnasib\u0259t bildirm\u0259yib. Fransa Erm\u0259nistanda bir n\u0259f\u0259r d\u0259 olsun az\u0259rbaycanl\u0131n\u0131n qalmamas\u0131na g\u00f6z yumur. \u018fksin\u0259, Fransa b\u00fct\u00fcn vasit\u0259l\u0259rl\u0259 Erm\u0259nistan\u0131 m\u00fcdafi\u0259 ed\u0259r\u0259k,&hellip;<\/p>\n","protected":false},"author":2,"featured_media":637139,"comment_status":"closed","ping_status":"closed","sticky":false,"template":"","format":"standard","meta":{"om_disable_all_campaigns":false,"_monsterinsights_skip_tracking":false,"_monsterinsights_sitenote_active":false,"_monsterinsights_sitenote_note":"","_monsterinsights_sitenote_category":0},"categories":[4],"tags":[],"aioseo_notices":[],"gutentor_comment":0,"rttpg_featured_image_url":{"full":["https:\/\/arantv.az\/wp-content\/uploads\/2023\/09\/eb8fc95a-7a51-31ef-9629-3540855a6ba1_850-6.jpg",620,413,false],"landscape":["https:\/\/arantv.az\/wp-content\/uploads\/2023\/09\/eb8fc95a-7a51-31ef-9629-3540855a6ba1_850-6.jpg",620,413,false],"portraits":["https:\/\/arantv.az\/wp-content\/uploads\/2023\/09\/eb8fc95a-7a51-31ef-9629-3540855a6ba1_850-6.jpg",620,413,false],"thumbnail":["https:\/\/arantv.az\/wp-content\/uploads\/2023\/09\/eb8fc95a-7a51-31ef-9629-3540855a6ba1_850-6-500x280.jpg",500,280,true],"medium":["https:\/\/arantv.az\/wp-content\/uploads\/2023\/09\/eb8fc95a-7a51-31ef-9629-3540855a6ba1_850-6-548x365.jpg",548,365,true],"large":["https:\/\/arantv.az\/wp-content\/uploads\/2023\/09\/eb8fc95a-7a51-31ef-9629-3540855a6ba1_850-6.jpg",620,413,false],"1536x1536":["https:\/\/arantv.az\/wp-content\/uploads\/2023\/09\/eb8fc95a-7a51-31ef-9629-3540855a6ba1_850-6.jpg",620,413,false],"2048x2048":["https:\/\/arantv.az\/wp-content\/uploads\/2023\/09\/eb8fc95a-7a51-31ef-9629-3540855a6ba1_850-6.jpg",620,413,false],"post-thumbnail":["https:\/\/arantv.az\/wp-content\/uploads\/2023\/09\/eb8fc95a-7a51-31ef-9629-3540855a6ba1_850-6-240x172.jpg",240,172,true],"advps-thumb-one":["https:\/\/arantv.az\/wp-content\/uploads\/2023\/09\/eb8fc95a-7a51-31ef-9629-3540855a6ba1_850-6.jpg",620,413,false]},"rttpg_author":{"display_name":"V\u00fcsal Rafiqo\u011flu","author_link":"https:\/\/arantv.az\/?author=2"},"rttpg_comment":0,"rttpg_category":"<a href=\"https:\/\/arantv.az\/?cat=4\" rel=\"category\">Siyas\u0259t<\/a>","rttpg_excerpt":"Fransan\u0131n Prezidenti Emmanuel Makron 2023-c\u00fc il sentyabr\u0131n 24-d\u0259 Fransan\u0131n \u201cTF1\u201d v\u0259 \u201cFrance 2\u201d televiziya kanallar\u0131na verdiyi m\u00fcsahib\u0259sind\u0259 Az\u0259rbaycan\u0131 guya Erm\u0259nistan\u0131n \u0259razi b\u00fct\u00f6vl\u00fcy\u00fcn\u0259 t\u0259hdid t\u00f6r\u0259tm\u0259kd\u0259 ittiham edib v\u0259 Qaraba\u011fda humanitar probleml\u0259rin olmas\u0131n\u0131 iddia edib. Bu bar\u0259d\u0259 Q\u0259rbi Az\u0259rbaycan \u0130cmas\u0131ndan bildirilib. Qeyd olunub ki, Fransa h\u00f6kum\u0259ti son 30 ild\u0259 Erm\u0259nistan\u0131n Az\u0259rbaycan \u0259razil\u0259rini i\u015f\u011fal etm\u0259sin\u0259, etnik t\u0259mizl\u0259m\u0259 yolu&hellip;","_links":{"self":[{"href":"https:\/\/arantv.az\/index.php?rest_route=\/wp\/v2\/posts\/637137"}],"collection":[{"href":"https:\/\/arantv.az\/index.php?rest_route=\/wp\/v2\/posts"}],"about":[{"href":"https:\/\/arantv.az\/index.php?rest_route=\/wp\/v2\/types\/post"}],"author":[{"embeddable":true,"href":"https:\/\/arantv.az\/index.php?rest_route=\/wp\/v2\/users\/2"}],"replies":[{"embeddable":true,"href":"https:\/\/arantv.az\/index.php?rest_route=%2Fwp%2Fv2%2Fcomments&post=637137"}],"version-history":[{"count":0,"href":"https:\/\/arantv.az\/index.php?rest_route=\/wp\/v2\/posts\/637137\/revisions"}],"wp:featuredmedia":[{"embeddable":true,"href":"https:\/\/arantv.az\/index.php?rest_route=\/wp\/v2\/media\/637139"}],"wp:attachment":[{"href":"https:\/\/arantv.az\/index.php?rest_route=%2Fwp%2Fv2%2Fmedia&parent=637137"}],"wp:term":[{"taxonomy":"category","embeddable":true,"href":"https:\/\/arantv.az\/index.php?rest_route=%2Fwp%2Fv2%2Fcategories&post=637137"},{"taxonomy":"post_tag","embeddable":true,"href":"https:\/\/arantv.az\/index.php?rest_route=%2Fwp%2Fv2%2Ftags&post=637137"}],"curies":[{"name":"wp","href":"https:\/\/api.w.org\/{rel}","templated":true}]}}