{"id":637186,"date":"2023-09-25T17:12:05","date_gmt":"2023-09-25T13:12:05","guid":{"rendered":"https:\/\/arantv.az\/?p=637186"},"modified":"2023-09-25T17:12:05","modified_gmt":"2023-09-25T13:12:05","slug":"s%c9%99fir-tailand-parlamentind%c9%99-az%c9%99rbaycanla-dostluq-qrupu-yaradilacaq","status":"publish","type":"post","link":"https:\/\/arantv.az\/?p=637186","title":{"rendered":"S\u0259fir: \u201cTailand parlamentind\u0259 Az\u0259rbaycanla dostluq qrupu yarad\u0131lacaq\u201d"},"content":{"rendered":"<p>\u201cTailand parlamentind\u0259 tezlikl\u0259 Az\u0259rbaycan parlamenti il\u0259 dostluq qrupu yarad\u0131lacaq. Asiya Parlament Assambleyas\u0131n\u0131n Sosial v\u0259 m\u0259d\u0259ni m\u0259s\u0259l\u0259l\u0259r daimi komit\u0259sinin Bak\u0131da ke\u00e7iril\u0259n iclas\u0131nda Az\u0259rbaycan Milli M\u0259clisinin s\u0259dri Sahib\u0259 Qafarova il\u0259 g\u00f6r\u00fc\u015fd\u00fcm. G\u00f6r\u00fc\u015fd\u0259 dostluq qrupunun g\u0259l\u0259c\u0259k f\u0259aliyy\u0259t istiqam\u0259tl\u0259rini d\u0259 n\u0259z\u0259rd\u0259n ke\u00e7irdik\u201d.<\/p>\n<p>Bunu\u00a0\u201cReport\u201dun Ankara b\u00fcrosuna a\u00e7\u0131qlamas\u0131nda Tailand\u0131n Az\u0259rbaycan v\u0259 T\u00fcrkiy\u0259d\u0259ki s\u0259firi Apirat Suqondhabhirom bildirib.<\/p>\n<div id=\"22889818619\"><\/div>\n<p>\u0130qam\u0259tgah\u0131 Ankarada yerl\u0259\u015f\u0259n diplomat deyib ki, dostluq qrupunun yarad\u0131lmas\u0131 Az\u0259rbaycanla Tailand aras\u0131nda \u0259m\u0259kda\u015fl\u0131\u011f\u0131 daha da geni\u015fl\u0259ndir\u0259c\u0259k.<\/p>\n","protected":false},"excerpt":{"rendered":"<p>\u201cTailand parlamentind\u0259 tezlikl\u0259 Az\u0259rbaycan parlamenti il\u0259 dostluq qrupu yarad\u0131lacaq. Asiya Parlament Assambleyas\u0131n\u0131n Sosial v\u0259 m\u0259d\u0259ni m\u0259s\u0259l\u0259l\u0259r daimi komit\u0259sinin Bak\u0131da ke\u00e7iril\u0259n iclas\u0131nda Az\u0259rbaycan Milli M\u0259clisinin s\u0259dri Sahib\u0259 Qafarova il\u0259 g\u00f6r\u00fc\u015fd\u00fcm. G\u00f6r\u00fc\u015fd\u0259 dostluq qrupunun g\u0259l\u0259c\u0259k f\u0259aliyy\u0259t istiqam\u0259tl\u0259rini d\u0259 n\u0259z\u0259rd\u0259n ke\u00e7irdik\u201d. Bunu\u00a0\u201cReport\u201dun Ankara b\u00fcrosuna a\u00e7\u0131qlamas\u0131nda Tailand\u0131n Az\u0259rbaycan v\u0259 T\u00fcrkiy\u0259d\u0259ki s\u0259firi Apirat Suqondhabhirom bildirib. \u0130qam\u0259tgah\u0131 Ankarada yerl\u0259\u015f\u0259n diplomat deyib ki, dostluq qrupunun yarad\u0131lmas\u0131 Az\u0259rbaycanla Tailand aras\u0131nda \u0259m\u0259kda\u015fl\u0131\u011f\u0131 daha da geni\u015fl\u0259ndir\u0259c\u0259k.<\/p>\n","protected":false},"author":2,"featured_media":637189,"comment_status":"closed","ping_status":"closed","sticky":false,"template":"","format":"standard","meta":{"om_disable_all_campaigns":false,"_monsterinsights_skip_tracking":false,"_monsterinsights_sitenote_active":false,"_monsterinsights_sitenote_note":"","_monsterinsights_sitenote_category":0},"categories":[4],"tags":[],"aioseo_notices":[],"gutentor_comment":0,"rttpg_featured_image_url":{"full":["https:\/\/arantv.az\/wp-content\/uploads\/2023\/09\/8582f040-fff6-3875-b269-b60b7c3d44ba_850.jpg",620,413,false],"landscape":["https:\/\/arantv.az\/wp-content\/uploads\/2023\/09\/8582f040-fff6-3875-b269-b60b7c3d44ba_850.jpg",620,413,false],"portraits":["https:\/\/arantv.az\/wp-content\/uploads\/2023\/09\/8582f040-fff6-3875-b269-b60b7c3d44ba_850.jpg",620,413,false],"thumbnail":["https:\/\/arantv.az\/wp-content\/uploads\/2023\/09\/8582f040-fff6-3875-b269-b60b7c3d44ba_850-500x280.jpg",500,280,true],"medium":["https:\/\/arantv.az\/wp-content\/uploads\/2023\/09\/8582f040-fff6-3875-b269-b60b7c3d44ba_850-548x365.jpg",548,365,true],"large":["https:\/\/arantv.az\/wp-content\/uploads\/2023\/09\/8582f040-fff6-3875-b269-b60b7c3d44ba_850.jpg",620,413,false],"1536x1536":["https:\/\/arantv.az\/wp-content\/uploads\/2023\/09\/8582f040-fff6-3875-b269-b60b7c3d44ba_850.jpg",620,413,false],"2048x2048":["https:\/\/arantv.az\/wp-content\/uploads\/2023\/09\/8582f040-fff6-3875-b269-b60b7c3d44ba_850.jpg",620,413,false],"post-thumbnail":["https:\/\/arantv.az\/wp-content\/uploads\/2023\/09\/8582f040-fff6-3875-b269-b60b7c3d44ba_850-240x172.jpg",240,172,true],"advps-thumb-one":["https:\/\/arantv.az\/wp-content\/uploads\/2023\/09\/8582f040-fff6-3875-b269-b60b7c3d44ba_850.jpg",620,413,false]},"rttpg_author":{"display_name":"V\u00fcsal Rafiqo\u011flu","author_link":"https:\/\/arantv.az\/?author=2"},"rttpg_comment":0,"rttpg_category":"<a href=\"https:\/\/arantv.az\/?cat=4\" rel=\"category\">Siyas\u0259t<\/a>","rttpg_excerpt":"\u201cTailand parlamentind\u0259 tezlikl\u0259 Az\u0259rbaycan parlamenti il\u0259 dostluq qrupu yarad\u0131lacaq. Asiya Parlament Assambleyas\u0131n\u0131n Sosial v\u0259 m\u0259d\u0259ni m\u0259s\u0259l\u0259l\u0259r daimi komit\u0259sinin Bak\u0131da ke\u00e7iril\u0259n iclas\u0131nda Az\u0259rbaycan Milli M\u0259clisinin s\u0259dri Sahib\u0259 Qafarova il\u0259 g\u00f6r\u00fc\u015fd\u00fcm. G\u00f6r\u00fc\u015fd\u0259 dostluq qrupunun g\u0259l\u0259c\u0259k f\u0259aliyy\u0259t istiqam\u0259tl\u0259rini d\u0259 n\u0259z\u0259rd\u0259n ke\u00e7irdik\u201d. Bunu\u00a0\u201cReport\u201dun Ankara b\u00fcrosuna a\u00e7\u0131qlamas\u0131nda Tailand\u0131n Az\u0259rbaycan v\u0259 T\u00fcrkiy\u0259d\u0259ki s\u0259firi Apirat Suqondhabhirom bildirib. \u0130qam\u0259tgah\u0131 Ankarada yerl\u0259\u015f\u0259n diplomat deyib&hellip;","_links":{"self":[{"href":"https:\/\/arantv.az\/index.php?rest_route=\/wp\/v2\/posts\/637186"}],"collection":[{"href":"https:\/\/arantv.az\/index.php?rest_route=\/wp\/v2\/posts"}],"about":[{"href":"https:\/\/arantv.az\/index.php?rest_route=\/wp\/v2\/types\/post"}],"author":[{"embeddable":true,"href":"https:\/\/arantv.az\/index.php?rest_route=\/wp\/v2\/users\/2"}],"replies":[{"embeddable":true,"href":"https:\/\/arantv.az\/index.php?rest_route=%2Fwp%2Fv2%2Fcomments&post=637186"}],"version-history":[{"count":0,"href":"https:\/\/arantv.az\/index.php?rest_route=\/wp\/v2\/posts\/637186\/revisions"}],"wp:featuredmedia":[{"embeddable":true,"href":"https:\/\/arantv.az\/index.php?rest_route=\/wp\/v2\/media\/637189"}],"wp:attachment":[{"href":"https:\/\/arantv.az\/index.php?rest_route=%2Fwp%2Fv2%2Fmedia&parent=637186"}],"wp:term":[{"taxonomy":"category","embeddable":true,"href":"https:\/\/arantv.az\/index.php?rest_route=%2Fwp%2Fv2%2Fcategories&post=637186"},{"taxonomy":"post_tag","embeddable":true,"href":"https:\/\/arantv.az\/index.php?rest_route=%2Fwp%2Fv2%2Ftags&post=637186"}],"curies":[{"name":"wp","href":"https:\/\/api.w.org\/{rel}","templated":true}]}}