{"id":63756,"date":"2019-06-03T13:04:54","date_gmt":"2019-06-03T10:04:54","guid":{"rendered":"http:\/\/arantv.az\/?p=63756"},"modified":"2019-06-03T13:04:54","modified_gmt":"2019-06-03T10:04:54","slug":"tukurp%c9%99d%c9%99n-olay-arvadin-sifarisi-il%c9%99-%c9%99ri-oldur%c9%99nl%c9%99r%c9%99-54-il-c%c9%99za","status":"publish","type":"post","link":"https:\/\/arantv.az\/?p=63756","title":{"rendered":"T\u00dcK\u00dcRP\u018fD\u018fN OLAY! Arvad\u0131n sifari\u015fi il\u0259 \u0259ri \u00f6ld\u00fcr\u0259nl\u0259r\u0259 54 il C\u018fZA"},"content":{"rendered":"<p>L\u0259nk\u0259ran A\u011f\u0131r Cinay\u0259tl\u0259r M\u0259hk\u0259m\u0259sind\u0259 q\u0259sd\u0259n adam \u00f6ld\u00fcrm\u0259kd\u0259 t\u0259qsirl\u0259ndiril\u0259n Aqil Bax\u015fiyev, V\u0259fal\u0131 \u018fliyev v\u0259 Nail\u0259 A\u011fayevan\u0131n cinay\u0259t i\u015fi \u00fczr\u0259 m\u0259hk\u0259m\u0259 prosesi ba\u015fa \u00e7at\u0131b.<\/p>\n<p><b>ARANTV.AZ\u00a0<\/b> Trend-\u0259 istinad\u0259n x\u0259b\u0259r verir ki, hakim \u0130lkin Abdullayevin s\u0259drliyi il\u0259 ke\u00e7iril\u0259n prosesd\u0259 t\u0259qsirl\u0259ndiril\u0259n \u015f\u0259xsl\u0259r\u0259 h\u00f6km oxunub.<\/p>\n<div id=\"AdviadNativeVideo0\" class=\"AdviadNativeVideo\"><\/div>\n<p>M\u0259hk\u0259m\u0259nin h\u00f6km\u00fc il\u0259 A.Bax\u015fiyev 18 il 6 ay, V.\u018fliyev 18 il v\u0259 N.A\u011fayeva is\u0259 17 il 6 ay azadl\u0131qdan m\u0259hrum edilib.<\/p>\n<p>\u0130ttihama g\u00f6r\u0259, \u00f6t\u0259n il iyunun 29-da Yard\u0131ml\u0131 rayonundak\u0131 me\u015f\u0259 zola\u011f\u0131nda yerli me\u015f\u0259b\u0259yi &#8220;UAZ-469&#8221; markal\u0131 avtomobilin yan\u0131nda par\u00e7alanm\u0131\u015f insan meyiti a\u015fkarlay\u0131b.<\/p>\n<p>Meyiti y\u0131rt\u0131c\u0131 heyvanlar &#8211; canavarlar par\u00e7alay\u0131b. H\u00fcquq-m\u00fchafiz\u0259 orqanlar\u0131n\u0131n \u0259m\u0259kda\u015flar\u0131n\u0131n ke\u00e7irdikl\u0259ri \u0259m\u0259liyyat-axtar\u0131\u015f t\u0259dbirl\u0259ri n\u0259tic\u0259sind\u0259 m\u0259lum olub ki, h\u0259min \u015f\u0259xs Lerik rayon sakini Mail A\u011fayevdir.<\/p>\n<p>\u0130stintaq zaman\u0131 m\u0259lum olub ki, q\u0259tl hadis\u0259sini M.A\u011fayevin 43 ya\u015fl\u0131 h\u0259yat yolda\u015f\u0131n\u0131n sifari\u015fi il\u0259 yax\u0131n qohumlar\u0131 olan 22 ya\u015fl\u0131 Lerik rayon sakini A.Bax\u015fiyev v\u0259 25 ya\u015fl\u0131 Bak\u0131 \u015f\u0259h\u0259r sakini V.\u018fliyev t\u00f6r\u0259dibl\u0259r.<\/p>\n<p>\u0130lkin ara\u015fd\u0131rma zaman\u0131 m\u00fc\u0259yy\u0259n edilib ki, N.A\u011fayeva il\u0259 A.Bax\u015f\u0131yev aras\u0131nda sevgi m\u00fcnasib\u0259tl\u0259ri olub. N.A\u011fayeva etiraf edib ki, \u0259rini aradan qald\u0131rmaq q\u0259rar\u0131n\u0131 o, \u00f6z\u00fc verib v\u0259 cinay\u0259ti d\u0259 \u00f6z\u00fc t\u0259\u015fkil edib. A.Bax\u015fiyev M.A\u011fayevi \u00f6ld\u00fcrm\u0259y\u0259 raz\u0131l\u0131q verib v\u0259 bu i\u015f \u00fc\u00e7\u00fcn yax\u0131n qohumuna m\u00fcraci\u0259t edib. V.\u018fliyev M.A\u011fayevin sin\u0259sin\u0259 b\u0131\u00e7aq z\u0259rb\u0259si vurub. Sonra cinay\u0259t ortaqlar\u0131 bo\u015f ma\u015f\u0131n\u0131 u\u00e7uruma it\u0259l\u0259yibl\u0259r v\u0259 meyiti d\u0259 onun yan\u0131na qoyublar.<\/p>\n<p>Bel\u0259likl\u0259, onlar ki\u015finin avtomobil q\u0259zas\u0131 n\u0259tic\u0259sind\u0259 \u00f6ld\u00fcy\u00fc t\u0259s\u0259vv\u00fcr\u00fc yaratmaq ist\u0259yibl\u0259r.<\/p>\n","protected":false},"excerpt":{"rendered":"<p>L\u0259nk\u0259ran A\u011f\u0131r Cinay\u0259tl\u0259r M\u0259hk\u0259m\u0259sind\u0259 q\u0259sd\u0259n adam \u00f6ld\u00fcrm\u0259kd\u0259 t\u0259qsirl\u0259ndiril\u0259n Aqil Bax\u015fiyev, V\u0259fal\u0131 \u018fliyev v\u0259 Nail\u0259 A\u011fayevan\u0131n cinay\u0259t i\u015fi \u00fczr\u0259 m\u0259hk\u0259m\u0259 prosesi ba\u015fa \u00e7at\u0131b. ARANTV.AZ\u00a0 Trend-\u0259 istinad\u0259n x\u0259b\u0259r verir ki, hakim \u0130lkin Abdullayevin s\u0259drliyi il\u0259 ke\u00e7iril\u0259n prosesd\u0259 t\u0259qsirl\u0259ndiril\u0259n \u015f\u0259xsl\u0259r\u0259 h\u00f6km oxunub. M\u0259hk\u0259m\u0259nin h\u00f6km\u00fc il\u0259 A.Bax\u015fiyev 18 il 6 ay, V.\u018fliyev 18 il v\u0259 N.A\u011fayeva is\u0259 17 il 6 ay azadl\u0131qdan m\u0259hrum edilib. \u0130ttihama g\u00f6r\u0259, \u00f6t\u0259n il iyunun 29-da Yard\u0131ml\u0131 rayonundak\u0131 me\u015f\u0259 zola\u011f\u0131nda yerli me\u015f\u0259b\u0259yi &#8220;UAZ-469&#8221; markal\u0131 avtomobilin yan\u0131nda par\u00e7alanm\u0131\u015f insan meyiti a\u015fkarlay\u0131b. Meyiti y\u0131rt\u0131c\u0131 heyvanlar &#8211; canavarlar par\u00e7alay\u0131b. H\u00fcquq-m\u00fchafiz\u0259 orqanlar\u0131n\u0131n \u0259m\u0259kda\u015flar\u0131n\u0131n ke\u00e7irdikl\u0259ri&hellip;<\/p>\n","protected":false},"author":2,"featured_media":63758,"comment_status":"closed","ping_status":"closed","sticky":false,"template":"","format":"standard","meta":{"om_disable_all_campaigns":false,"_monsterinsights_skip_tracking":false,"_monsterinsights_sitenote_active":false,"_monsterinsights_sitenote_note":"","_monsterinsights_sitenote_category":0},"categories":[5],"tags":[],"aioseo_notices":[],"gutentor_comment":0,"rttpg_featured_image_url":{"full":["https:\/\/arantv.az\/wp-content\/uploads\/2019\/06\/small_big_1559556100hebs_0845.jpg",270,180,false],"landscape":["https:\/\/arantv.az\/wp-content\/uploads\/2019\/06\/small_big_1559556100hebs_0845.jpg",270,180,false],"portraits":["https:\/\/arantv.az\/wp-content\/uploads\/2019\/06\/small_big_1559556100hebs_0845.jpg",270,180,false],"thumbnail":["https:\/\/arantv.az\/wp-content\/uploads\/2019\/06\/small_big_1559556100hebs_0845-150x150.jpg",150,150,true],"medium":["https:\/\/arantv.az\/wp-content\/uploads\/2019\/06\/small_big_1559556100hebs_0845.jpg",270,180,false],"large":["https:\/\/arantv.az\/wp-content\/uploads\/2019\/06\/small_big_1559556100hebs_0845.jpg",270,180,false],"1536x1536":["https:\/\/arantv.az\/wp-content\/uploads\/2019\/06\/small_big_1559556100hebs_0845.jpg",270,180,false],"2048x2048":["https:\/\/arantv.az\/wp-content\/uploads\/2019\/06\/small_big_1559556100hebs_0845.jpg",270,180,false],"post-thumbnail":["https:\/\/arantv.az\/wp-content\/uploads\/2019\/06\/small_big_1559556100hebs_0845-240x172.jpg",240,172,true],"advps-thumb-one":["https:\/\/arantv.az\/wp-content\/uploads\/2019\/06\/small_big_1559556100hebs_0845.jpg",270,180,false]},"rttpg_author":{"display_name":"V\u00fcsal Rafiqo\u011flu","author_link":"https:\/\/arantv.az\/?author=2"},"rttpg_comment":0,"rttpg_category":"<a href=\"https:\/\/arantv.az\/?cat=5\" rel=\"category\">Hadis\u0259<\/a>","rttpg_excerpt":"L\u0259nk\u0259ran A\u011f\u0131r Cinay\u0259tl\u0259r M\u0259hk\u0259m\u0259sind\u0259 q\u0259sd\u0259n adam \u00f6ld\u00fcrm\u0259kd\u0259 t\u0259qsirl\u0259ndiril\u0259n Aqil Bax\u015fiyev, V\u0259fal\u0131 \u018fliyev v\u0259 Nail\u0259 A\u011fayevan\u0131n cinay\u0259t i\u015fi \u00fczr\u0259 m\u0259hk\u0259m\u0259 prosesi ba\u015fa \u00e7at\u0131b. ARANTV.AZ\u00a0 Trend-\u0259 istinad\u0259n x\u0259b\u0259r verir ki, hakim \u0130lkin Abdullayevin s\u0259drliyi il\u0259 ke\u00e7iril\u0259n prosesd\u0259 t\u0259qsirl\u0259ndiril\u0259n \u015f\u0259xsl\u0259r\u0259 h\u00f6km oxunub. M\u0259hk\u0259m\u0259nin h\u00f6km\u00fc il\u0259 A.Bax\u015fiyev 18 il 6 ay, V.\u018fliyev 18 il v\u0259 N.A\u011fayeva is\u0259 17 il&hellip;","_links":{"self":[{"href":"https:\/\/arantv.az\/index.php?rest_route=\/wp\/v2\/posts\/63756"}],"collection":[{"href":"https:\/\/arantv.az\/index.php?rest_route=\/wp\/v2\/posts"}],"about":[{"href":"https:\/\/arantv.az\/index.php?rest_route=\/wp\/v2\/types\/post"}],"author":[{"embeddable":true,"href":"https:\/\/arantv.az\/index.php?rest_route=\/wp\/v2\/users\/2"}],"replies":[{"embeddable":true,"href":"https:\/\/arantv.az\/index.php?rest_route=%2Fwp%2Fv2%2Fcomments&post=63756"}],"version-history":[{"count":0,"href":"https:\/\/arantv.az\/index.php?rest_route=\/wp\/v2\/posts\/63756\/revisions"}],"wp:featuredmedia":[{"embeddable":true,"href":"https:\/\/arantv.az\/index.php?rest_route=\/wp\/v2\/media\/63758"}],"wp:attachment":[{"href":"https:\/\/arantv.az\/index.php?rest_route=%2Fwp%2Fv2%2Fmedia&parent=63756"}],"wp:term":[{"taxonomy":"category","embeddable":true,"href":"https:\/\/arantv.az\/index.php?rest_route=%2Fwp%2Fv2%2Fcategories&post=63756"},{"taxonomy":"post_tag","embeddable":true,"href":"https:\/\/arantv.az\/index.php?rest_route=%2Fwp%2Fv2%2Ftags&post=63756"}],"curies":[{"name":"wp","href":"https:\/\/api.w.org\/{rel}","templated":true}]}}