{"id":63760,"date":"2019-06-03T13:05:46","date_gmt":"2019-06-03T10:05:46","guid":{"rendered":"http:\/\/arantv.az\/?p=63760"},"modified":"2019-06-03T13:05:46","modified_gmt":"2019-06-03T10:05:46","slug":"q%c9%99za-audi-q%c9%99fild%c9%99n-dayandi-maraqli-s%c9%99b%c9%99b-video","status":"publish","type":"post","link":"https:\/\/arantv.az\/?p=63760","title":{"rendered":"Q\u018fZA: &#8220;Audi&#8221; q\u0259fild\u0259n dayand\u0131&#8230; &#8211; MARAQLI S\u018fB\u018fB &#8211; V\u0130DEO"},"content":{"rendered":"<p>Bak\u0131da maraql\u0131, bir az da q\u0259rib\u0259 q\u0259za ba\u015f verib.<\/p>\n<p><b>ARANTV.AZ\u00a0<\/b>\u00a0avtosfer.az-a istinadla x\u0259b\u0259r verir ki, q\u0259za an\u0131 t\u0259hl\u00fck\u0259siz \u015f\u0259h\u0259r kameralar\u0131na d\u00fc\u015f\u00fcb. \u0130lk bax\u0131\u015fdan adi q\u0259za kimi g\u00f6r\u00fcns\u0259 d\u0259 diqq\u0259tl\u0259 baxd\u0131qda maraql\u0131 m\u0259qamlar \u00fcz\u0259 \u00e7\u0131x\u0131r. Bel\u0259 ki, &#8220;Audi&#8221; markal\u0131 avtomobil h\u0259r\u0259k\u0259t edir, qar\u015f\u0131s\u0131nda h\u0259r hans\u0131 mane\u0259 olmasa da q\u0259fil tormozlay\u0131r v\u0259 arxadan g\u0259l\u0259n dig\u0259r avtomobil ona \u00e7\u0131rp\u0131l\u0131r.<\/p>\n<p>Q\u0259za ara\u015fd\u0131r\u0131lan zaman m\u0259lum olub ki, &#8220;Audi&#8221;nin q\u0259fil dayanmas\u0131na s\u0259b\u0259b he\u00e7 d\u0259 s\u00fcr\u00fcc\u00fcn\u00fcn \u0259yl\u0259ci basmas\u0131 olmay\u0131b. Avtomobilin qism\u0259n qar\u015f\u0131s\u0131ndan piyada ke\u00e7ib. Bu zaman avtomatik dayanma funksiyas\u0131 i\u015f\u0259 d\u00fc\u015f\u0259r\u0259k ma\u015f\u0131n\u0131 saxlay\u0131b. Bir \u00e7ox m\u00fcasir avtomobill\u0259rd\u0259 bu, sensorla \u00e7al\u0131\u015f\u0131r. H\u0259r hans\u0131 mane\u0259y\u0259 rast g\u0259ldikd\u0259 avtomobil \u00f6z\u00fc dayan\u0131r. Amma, g\u00f6r\u00fcn\u00fcr, b\u0259z\u0259n bel\u0259 n\u0259tic\u0259l\u0259r\u0259 d\u0259 yol a\u00e7\u0131r.<\/p>\n","protected":false},"excerpt":{"rendered":"<p>Bak\u0131da maraql\u0131, bir az da q\u0259rib\u0259 q\u0259za ba\u015f verib. ARANTV.AZ\u00a0\u00a0avtosfer.az-a istinadla x\u0259b\u0259r verir ki, q\u0259za an\u0131 t\u0259hl\u00fck\u0259siz \u015f\u0259h\u0259r kameralar\u0131na d\u00fc\u015f\u00fcb. \u0130lk bax\u0131\u015fdan adi q\u0259za kimi g\u00f6r\u00fcns\u0259 d\u0259 diqq\u0259tl\u0259 baxd\u0131qda maraql\u0131 m\u0259qamlar \u00fcz\u0259 \u00e7\u0131x\u0131r. Bel\u0259 ki, &#8220;Audi&#8221; markal\u0131 avtomobil h\u0259r\u0259k\u0259t edir, qar\u015f\u0131s\u0131nda h\u0259r hans\u0131 mane\u0259 olmasa da q\u0259fil tormozlay\u0131r v\u0259 arxadan g\u0259l\u0259n dig\u0259r avtomobil ona \u00e7\u0131rp\u0131l\u0131r. Q\u0259za ara\u015fd\u0131r\u0131lan zaman m\u0259lum olub ki, &#8220;Audi&#8221;nin q\u0259fil dayanmas\u0131na s\u0259b\u0259b he\u00e7 d\u0259 s\u00fcr\u00fcc\u00fcn\u00fcn \u0259yl\u0259ci basmas\u0131 olmay\u0131b. Avtomobilin qism\u0259n qar\u015f\u0131s\u0131ndan piyada ke\u00e7ib. Bu zaman avtomatik dayanma funksiyas\u0131 i\u015f\u0259 d\u00fc\u015f\u0259r\u0259k ma\u015f\u0131n\u0131 saxlay\u0131b. Bir \u00e7ox m\u00fcasir avtomobill\u0259rd\u0259 bu,&hellip;<\/p>\n","protected":false},"author":2,"featured_media":63761,"comment_status":"closed","ping_status":"closed","sticky":false,"template":"","format":"standard","meta":{"om_disable_all_campaigns":false,"_monsterinsights_skip_tracking":false,"_monsterinsights_sitenote_active":false,"_monsterinsights_sitenote_note":"","_monsterinsights_sitenote_category":0},"categories":[1],"tags":[],"aioseo_notices":[],"gutentor_comment":0,"rttpg_featured_image_url":{"full":["https:\/\/arantv.az\/wp-content\/uploads\/2019\/06\/760096.jpg",549,412,false],"landscape":["https:\/\/arantv.az\/wp-content\/uploads\/2019\/06\/760096.jpg",549,412,false],"portraits":["https:\/\/arantv.az\/wp-content\/uploads\/2019\/06\/760096.jpg",549,412,false],"thumbnail":["https:\/\/arantv.az\/wp-content\/uploads\/2019\/06\/760096-150x150.jpg",150,150,true],"medium":["https:\/\/arantv.az\/wp-content\/uploads\/2019\/06\/760096-300x225.jpg",300,225,true],"large":["https:\/\/arantv.az\/wp-content\/uploads\/2019\/06\/760096.jpg",549,412,false],"1536x1536":["https:\/\/arantv.az\/wp-content\/uploads\/2019\/06\/760096.jpg",549,412,false],"2048x2048":["https:\/\/arantv.az\/wp-content\/uploads\/2019\/06\/760096.jpg",549,412,false],"post-thumbnail":["https:\/\/arantv.az\/wp-content\/uploads\/2019\/06\/760096-240x172.jpg",240,172,true],"advps-thumb-one":["https:\/\/arantv.az\/wp-content\/uploads\/2019\/06\/760096.jpg",549,412,false]},"rttpg_author":{"display_name":"V\u00fcsal Rafiqo\u011flu","author_link":"https:\/\/arantv.az\/?author=2"},"rttpg_comment":0,"rttpg_category":"<a href=\"https:\/\/arantv.az\/?cat=1\" rel=\"category\">C\u0259miyy\u0259t<\/a>","rttpg_excerpt":"Bak\u0131da maraql\u0131, bir az da q\u0259rib\u0259 q\u0259za ba\u015f verib. ARANTV.AZ\u00a0\u00a0avtosfer.az-a istinadla x\u0259b\u0259r verir ki, q\u0259za an\u0131 t\u0259hl\u00fck\u0259siz \u015f\u0259h\u0259r kameralar\u0131na d\u00fc\u015f\u00fcb. \u0130lk bax\u0131\u015fdan adi q\u0259za kimi g\u00f6r\u00fcns\u0259 d\u0259 diqq\u0259tl\u0259 baxd\u0131qda maraql\u0131 m\u0259qamlar \u00fcz\u0259 \u00e7\u0131x\u0131r. Bel\u0259 ki, &#8220;Audi&#8221; markal\u0131 avtomobil h\u0259r\u0259k\u0259t edir, qar\u015f\u0131s\u0131nda h\u0259r hans\u0131 mane\u0259 olmasa da q\u0259fil tormozlay\u0131r v\u0259 arxadan g\u0259l\u0259n dig\u0259r avtomobil ona \u00e7\u0131rp\u0131l\u0131r.&hellip;","_links":{"self":[{"href":"https:\/\/arantv.az\/index.php?rest_route=\/wp\/v2\/posts\/63760"}],"collection":[{"href":"https:\/\/arantv.az\/index.php?rest_route=\/wp\/v2\/posts"}],"about":[{"href":"https:\/\/arantv.az\/index.php?rest_route=\/wp\/v2\/types\/post"}],"author":[{"embeddable":true,"href":"https:\/\/arantv.az\/index.php?rest_route=\/wp\/v2\/users\/2"}],"replies":[{"embeddable":true,"href":"https:\/\/arantv.az\/index.php?rest_route=%2Fwp%2Fv2%2Fcomments&post=63760"}],"version-history":[{"count":0,"href":"https:\/\/arantv.az\/index.php?rest_route=\/wp\/v2\/posts\/63760\/revisions"}],"wp:featuredmedia":[{"embeddable":true,"href":"https:\/\/arantv.az\/index.php?rest_route=\/wp\/v2\/media\/63761"}],"wp:attachment":[{"href":"https:\/\/arantv.az\/index.php?rest_route=%2Fwp%2Fv2%2Fmedia&parent=63760"}],"wp:term":[{"taxonomy":"category","embeddable":true,"href":"https:\/\/arantv.az\/index.php?rest_route=%2Fwp%2Fv2%2Fcategories&post=63760"},{"taxonomy":"post_tag","embeddable":true,"href":"https:\/\/arantv.az\/index.php?rest_route=%2Fwp%2Fv2%2Ftags&post=63760"}],"curies":[{"name":"wp","href":"https:\/\/api.w.org\/{rel}","templated":true}]}}