{"id":63766,"date":"2019-06-03T13:25:32","date_gmt":"2019-06-03T10:25:32","guid":{"rendered":"http:\/\/arantv.az\/?p=63766"},"modified":"2019-06-03T13:54:35","modified_gmt":"2019-06-03T10:54:35","slug":"ilham-%c9%99liyevl%c9%99-putin-arasinda-telefon-danisigi-olub","status":"publish","type":"post","link":"https:\/\/arantv.az\/?p=63766","title":{"rendered":"\u0130lham \u018fliyev F\u0259rman Salmanova g\u00f6r\u0259 Putin\u0259 t\u0259\u015f\u0259kk\u00fcr etdi &#8211; YEN\u0130L\u018fN\u0130B"},"content":{"rendered":"<p>Az\u0259rbaycan Prezidenti \u0130lham \u018fliyev iyunun 3-d\u0259 Rusiya Federasiyas\u0131n\u0131n Prezidenti Vladimir Putin\u0259 telefonla z\u0259ng edib.<\/p>\n<p>Prezidentin M\u0259tbuat Xidm\u0259tinin\u00a0<a href=\"https:\/\/azertag.az\/xeber\/Prezidentin_Metbuat_Xidmetinin_melumati-1290602\" target=\"_blank\" rel=\"noopener\">m\u0259lumat<\/a>\u0131na g\u00f6r\u0259, \u0130lham \u018fliyev Rusiya Federasiyas\u0131n\u0131n Surqut \u015f\u0259h\u0259rinin hava liman\u0131na g\u00f6rk\u0259mli neft\u00e7i F\u0259rman Salmanovun ad\u0131n\u0131n verilm\u0259si il\u0259 ba\u011fl\u0131 t\u0259\u015f\u0259kk\u00fcr\u00fcn\u00fc bildirib v\u0259 bu q\u0259rar\u0131n Az\u0259rbaycan ictimaiyy\u0259ti t\u0259r\u0259find\u0259n b\u00f6y\u00fck minn\u0259tdarl\u0131qla q\u0259bul edildiyini vur\u011fulay\u0131b.<\/p>\n<p>Telefon s\u00f6hb\u0259ti zaman\u0131 Az\u0259rbaycan-Rusiya ikit\u0259r\u0259fli m\u00fcnasib\u0259tl\u0259rinin m\u00fcxt\u0259lif sah\u0259l\u0259rd\u0259 u\u011furla inki\u015faf etdiyi bildirilib, \u0259ld\u0259 edilmi\u015f nailiyy\u0259tl\u0259rd\u0259n m\u0259mnunluq ifad\u0259 olunub. Az\u0259rbaycan v\u0259 Rusiya prezidentl\u0259ri \u0259laq\u0259l\u0259rimizin inki\u015faf\u0131na dair m\u00fcxt\u0259lif m\u0259s\u0259l\u0259l\u0259r v\u0259 \u0259m\u0259kda\u015fl\u0131\u011f\u0131m\u0131z\u0131n perspektivl\u0259ri, el\u0259c\u0259 d\u0259 g\u0259l\u0259c\u0259k t\u0259maslar haqq\u0131nda fikir m\u00fcbadil\u0259si apar\u0131blar.<\/p>\n<div id=\"AdviadNativeVideo0\" class=\"AdviadNativeVideo\"><\/div>\n<p><strong>14:05<\/strong><\/p>\n<p>Az\u0259rbaycan Prezidenti\u00a0<strong>\u0130lham \u018fliyev<\/strong>l\u0259 Rusiya Prezidenti Vladimir Putin aras\u0131nda telefon dan\u0131\u015f\u0131\u011f\u0131 olub.<\/p>\n<p>Bu bar\u0259d\u0259 Kremlin m\u0259tbuat xidm\u0259ti\u00a0<a href=\"http:\/\/kremlin.ru\/events\/president\/news\/60650\" target=\"_blank\" rel=\"noopener\">m\u0259lumat<\/a>\u00a0yay\u0131b.<\/p>\n<p>\u201cS\u00f6hb\u0259t zaman\u0131 f\u0259al inki\u015faf ed\u0259n Rusiya-Az\u0259rbaycan \u0259m\u0259kda\u015fl\u0131q m\u0259s\u0259l\u0259l\u0259ri v\u0259 m\u00fcxt\u0259lif s\u0259viyy\u0259l\u0259rd\u0259 g\u00f6zl\u0259nil\u0259n t\u0259maslar m\u00fczakir\u0259 olunub\u201d, &#8211; m\u0259lumatda deyilir.<\/p>\n","protected":false},"excerpt":{"rendered":"<p>Az\u0259rbaycan Prezidenti \u0130lham \u018fliyev iyunun 3-d\u0259 Rusiya Federasiyas\u0131n\u0131n Prezidenti Vladimir Putin\u0259 telefonla z\u0259ng edib. Prezidentin M\u0259tbuat Xidm\u0259tinin\u00a0m\u0259lumat\u0131na g\u00f6r\u0259, \u0130lham \u018fliyev Rusiya Federasiyas\u0131n\u0131n Surqut \u015f\u0259h\u0259rinin hava liman\u0131na g\u00f6rk\u0259mli neft\u00e7i F\u0259rman Salmanovun ad\u0131n\u0131n verilm\u0259si il\u0259 ba\u011fl\u0131 t\u0259\u015f\u0259kk\u00fcr\u00fcn\u00fc bildirib v\u0259 bu q\u0259rar\u0131n Az\u0259rbaycan ictimaiyy\u0259ti t\u0259r\u0259find\u0259n b\u00f6y\u00fck minn\u0259tdarl\u0131qla q\u0259bul edildiyini vur\u011fulay\u0131b. Telefon s\u00f6hb\u0259ti zaman\u0131 Az\u0259rbaycan-Rusiya ikit\u0259r\u0259fli m\u00fcnasib\u0259tl\u0259rinin m\u00fcxt\u0259lif sah\u0259l\u0259rd\u0259 u\u011furla inki\u015faf etdiyi bildirilib, \u0259ld\u0259 edilmi\u015f nailiyy\u0259tl\u0259rd\u0259n m\u0259mnunluq ifad\u0259 olunub. Az\u0259rbaycan v\u0259 Rusiya prezidentl\u0259ri \u0259laq\u0259l\u0259rimizin inki\u015faf\u0131na dair m\u00fcxt\u0259lif m\u0259s\u0259l\u0259l\u0259r v\u0259 \u0259m\u0259kda\u015fl\u0131\u011f\u0131m\u0131z\u0131n perspektivl\u0259ri, el\u0259c\u0259 d\u0259 g\u0259l\u0259c\u0259k t\u0259maslar haqq\u0131nda fikir m\u00fcbadil\u0259si apar\u0131blar. 14:05 Az\u0259rbaycan Prezidenti\u00a0\u0130lham \u018fliyevl\u0259 Rusiya&hellip;<\/p>\n","protected":false},"author":2,"featured_media":63767,"comment_status":"closed","ping_status":"closed","sticky":false,"template":"","format":"standard","meta":{"om_disable_all_campaigns":false,"_monsterinsights_skip_tracking":false,"_monsterinsights_sitenote_active":false,"_monsterinsights_sitenote_note":"","_monsterinsights_sitenote_category":0},"categories":[4],"tags":[],"aioseo_notices":[],"gutentor_comment":0,"rttpg_featured_image_url":{"full":["https:\/\/arantv.az\/wp-content\/uploads\/2019\/06\/14706562944545025864.jpg",620,437,false],"landscape":["https:\/\/arantv.az\/wp-content\/uploads\/2019\/06\/14706562944545025864.jpg",620,437,false],"portraits":["https:\/\/arantv.az\/wp-content\/uploads\/2019\/06\/14706562944545025864.jpg",620,437,false],"thumbnail":["https:\/\/arantv.az\/wp-content\/uploads\/2019\/06\/14706562944545025864-150x150.jpg",150,150,true],"medium":["https:\/\/arantv.az\/wp-content\/uploads\/2019\/06\/14706562944545025864-300x211.jpg",300,211,true],"large":["https:\/\/arantv.az\/wp-content\/uploads\/2019\/06\/14706562944545025864.jpg",620,437,false],"1536x1536":["https:\/\/arantv.az\/wp-content\/uploads\/2019\/06\/14706562944545025864.jpg",620,437,false],"2048x2048":["https:\/\/arantv.az\/wp-content\/uploads\/2019\/06\/14706562944545025864.jpg",620,437,false],"post-thumbnail":["https:\/\/arantv.az\/wp-content\/uploads\/2019\/06\/14706562944545025864-240x172.jpg",240,172,true],"advps-thumb-one":["https:\/\/arantv.az\/wp-content\/uploads\/2019\/06\/14706562944545025864.jpg",620,437,false]},"rttpg_author":{"display_name":"V\u00fcsal Rafiqo\u011flu","author_link":"https:\/\/arantv.az\/?author=2"},"rttpg_comment":0,"rttpg_category":"<a href=\"https:\/\/arantv.az\/?cat=4\" rel=\"category\">Siyas\u0259t<\/a>","rttpg_excerpt":"Az\u0259rbaycan Prezidenti \u0130lham \u018fliyev iyunun 3-d\u0259 Rusiya Federasiyas\u0131n\u0131n Prezidenti Vladimir Putin\u0259 telefonla z\u0259ng edib. Prezidentin M\u0259tbuat Xidm\u0259tinin\u00a0m\u0259lumat\u0131na g\u00f6r\u0259, \u0130lham \u018fliyev Rusiya Federasiyas\u0131n\u0131n Surqut \u015f\u0259h\u0259rinin hava liman\u0131na g\u00f6rk\u0259mli neft\u00e7i F\u0259rman Salmanovun ad\u0131n\u0131n verilm\u0259si il\u0259 ba\u011fl\u0131 t\u0259\u015f\u0259kk\u00fcr\u00fcn\u00fc bildirib v\u0259 bu q\u0259rar\u0131n Az\u0259rbaycan ictimaiyy\u0259ti t\u0259r\u0259find\u0259n b\u00f6y\u00fck minn\u0259tdarl\u0131qla q\u0259bul edildiyini vur\u011fulay\u0131b. Telefon s\u00f6hb\u0259ti zaman\u0131 Az\u0259rbaycan-Rusiya ikit\u0259r\u0259fli m\u00fcnasib\u0259tl\u0259rinin m\u00fcxt\u0259lif sah\u0259l\u0259rd\u0259&hellip;","_links":{"self":[{"href":"https:\/\/arantv.az\/index.php?rest_route=\/wp\/v2\/posts\/63766"}],"collection":[{"href":"https:\/\/arantv.az\/index.php?rest_route=\/wp\/v2\/posts"}],"about":[{"href":"https:\/\/arantv.az\/index.php?rest_route=\/wp\/v2\/types\/post"}],"author":[{"embeddable":true,"href":"https:\/\/arantv.az\/index.php?rest_route=\/wp\/v2\/users\/2"}],"replies":[{"embeddable":true,"href":"https:\/\/arantv.az\/index.php?rest_route=%2Fwp%2Fv2%2Fcomments&post=63766"}],"version-history":[{"count":0,"href":"https:\/\/arantv.az\/index.php?rest_route=\/wp\/v2\/posts\/63766\/revisions"}],"wp:featuredmedia":[{"embeddable":true,"href":"https:\/\/arantv.az\/index.php?rest_route=\/wp\/v2\/media\/63767"}],"wp:attachment":[{"href":"https:\/\/arantv.az\/index.php?rest_route=%2Fwp%2Fv2%2Fmedia&parent=63766"}],"wp:term":[{"taxonomy":"category","embeddable":true,"href":"https:\/\/arantv.az\/index.php?rest_route=%2Fwp%2Fv2%2Fcategories&post=63766"},{"taxonomy":"post_tag","embeddable":true,"href":"https:\/\/arantv.az\/index.php?rest_route=%2Fwp%2Fv2%2Ftags&post=63766"}],"curies":[{"name":"wp","href":"https:\/\/api.w.org\/{rel}","templated":true}]}}