{"id":637898,"date":"2023-09-26T20:35:49","date_gmt":"2023-09-26T16:35:49","guid":{"rendered":"https:\/\/arantv.az\/?p=637898"},"modified":"2023-09-26T20:35:49","modified_gmt":"2023-09-26T16:35:49","slug":"agd%c9%99r%c9%99d%c9%99n-erm%c9%99nistana-ged%c9%99n-erm%c9%99ni-kiml%c9%99ri-gunahlandirdi-video-2","status":"publish","type":"post","link":"https:\/\/arantv.az\/?p=637898","title":{"rendered":"A\u011fd\u0259r\u0259d\u0259n Erm\u0259nistana ged\u0259n erm\u0259ni kiml\u0259ri g\u00fcnahland\u0131rd\u0131? &#8211; V\u0130DEO"},"content":{"rendered":"<article class=\"news\">\n<div class=\"news-inner\">\n<p>\u201cA\u011fd\u0259r\u0259d\u0259n g\u0259lir\u0259m. Erm\u0259nistana gedir\u0259m. \u0130r\u0259vanda da, Rusiyada da qohumlar\u0131m var\u201d.<\/p>\n<p>Bunu Baku TV-y\u0259 a\u00e7\u0131qlamas\u0131nda Qaraba\u011f\u0131 t\u0259rk ed\u0259n erm\u0259ni sakin Vova Danelyan deyib.<\/p>\n<p>O, bir g\u00fcn yenid\u0259n Qaraba\u011fa qay\u0131tmaq ist\u0259diyini s\u00f6yl\u0259yib:<\/p>\n<p>\u201cVaxt\u0131 ik\u0259n az\u0259rbaycanl\u0131 dostlar\u0131m var idi. T\u0259\u0259ss\u00fcf ki, bel\u0259 oldu. Bizim g\u00fcnah\u0131m\u0131z deyildi. Bu, bizim dostca ya\u015fama\u011f\u0131m\u0131z\u0131 ist\u0259m\u0259y\u0259nl\u0259rin g\u00fcnah\u0131d\u0131r\u201d.<\/p>\n<div><iframe loading=\"lazy\" title=\"YouTube video player\" src=\"https:\/\/www.youtube.com\/embed\/xN66g5LAVGo?si=w7lo_Bel7BaarrwK\" width=\"560\" height=\"315\" frameborder=\"0\" allowfullscreen=\"allowfullscreen\" data-mce-fragment=\"1\"><\/iframe><\/div>\n<\/div>\n<\/article>\n","protected":false},"excerpt":{"rendered":"<p>\u201cA\u011fd\u0259r\u0259d\u0259n g\u0259lir\u0259m. Erm\u0259nistana gedir\u0259m. \u0130r\u0259vanda da, Rusiyada da qohumlar\u0131m var\u201d. Bunu Baku TV-y\u0259 a\u00e7\u0131qlamas\u0131nda Qaraba\u011f\u0131 t\u0259rk ed\u0259n erm\u0259ni sakin Vova Danelyan deyib. O, bir g\u00fcn yenid\u0259n Qaraba\u011fa qay\u0131tmaq ist\u0259diyini s\u00f6yl\u0259yib: \u201cVaxt\u0131 ik\u0259n az\u0259rbaycanl\u0131 dostlar\u0131m var idi. T\u0259\u0259ss\u00fcf ki, bel\u0259 oldu. Bizim g\u00fcnah\u0131m\u0131z deyildi. Bu, bizim dostca ya\u015fama\u011f\u0131m\u0131z\u0131 ist\u0259m\u0259y\u0259nl\u0259rin g\u00fcnah\u0131d\u0131r\u201d.<\/p>\n","protected":false},"author":2,"featured_media":637900,"comment_status":"closed","ping_status":"closed","sticky":false,"template":"","format":"standard","meta":{"om_disable_all_campaigns":false,"_monsterinsights_skip_tracking":false,"_monsterinsights_sitenote_active":false,"_monsterinsights_sitenote_note":"","_monsterinsights_sitenote_category":0},"categories":[1],"tags":[],"aioseo_notices":[],"gutentor_comment":0,"rttpg_featured_image_url":{"full":["https:\/\/arantv.az\/wp-content\/uploads\/2023\/09\/vova-1.jpg",620,413,false],"landscape":["https:\/\/arantv.az\/wp-content\/uploads\/2023\/09\/vova-1.jpg",620,413,false],"portraits":["https:\/\/arantv.az\/wp-content\/uploads\/2023\/09\/vova-1.jpg",620,413,false],"thumbnail":["https:\/\/arantv.az\/wp-content\/uploads\/2023\/09\/vova-1-500x280.jpg",500,280,true],"medium":["https:\/\/arantv.az\/wp-content\/uploads\/2023\/09\/vova-1-548x365.jpg",548,365,true],"large":["https:\/\/arantv.az\/wp-content\/uploads\/2023\/09\/vova-1.jpg",620,413,false],"1536x1536":["https:\/\/arantv.az\/wp-content\/uploads\/2023\/09\/vova-1.jpg",620,413,false],"2048x2048":["https:\/\/arantv.az\/wp-content\/uploads\/2023\/09\/vova-1.jpg",620,413,false],"post-thumbnail":["https:\/\/arantv.az\/wp-content\/uploads\/2023\/09\/vova-1-240x172.jpg",240,172,true],"advps-thumb-one":["https:\/\/arantv.az\/wp-content\/uploads\/2023\/09\/vova-1.jpg",620,413,false]},"rttpg_author":{"display_name":"V\u00fcsal Rafiqo\u011flu","author_link":"https:\/\/arantv.az\/?author=2"},"rttpg_comment":0,"rttpg_category":"<a href=\"https:\/\/arantv.az\/?cat=1\" rel=\"category\">C\u0259miyy\u0259t<\/a>","rttpg_excerpt":"\u201cA\u011fd\u0259r\u0259d\u0259n g\u0259lir\u0259m. Erm\u0259nistana gedir\u0259m. \u0130r\u0259vanda da, Rusiyada da qohumlar\u0131m var\u201d. Bunu Baku TV-y\u0259 a\u00e7\u0131qlamas\u0131nda Qaraba\u011f\u0131 t\u0259rk ed\u0259n erm\u0259ni sakin Vova Danelyan deyib. O, bir g\u00fcn yenid\u0259n Qaraba\u011fa qay\u0131tmaq ist\u0259diyini s\u00f6yl\u0259yib: \u201cVaxt\u0131 ik\u0259n az\u0259rbaycanl\u0131 dostlar\u0131m var idi. T\u0259\u0259ss\u00fcf ki, bel\u0259 oldu. Bizim g\u00fcnah\u0131m\u0131z deyildi. Bu, bizim dostca ya\u015fama\u011f\u0131m\u0131z\u0131 ist\u0259m\u0259y\u0259nl\u0259rin g\u00fcnah\u0131d\u0131r\u201d.","_links":{"self":[{"href":"https:\/\/arantv.az\/index.php?rest_route=\/wp\/v2\/posts\/637898"}],"collection":[{"href":"https:\/\/arantv.az\/index.php?rest_route=\/wp\/v2\/posts"}],"about":[{"href":"https:\/\/arantv.az\/index.php?rest_route=\/wp\/v2\/types\/post"}],"author":[{"embeddable":true,"href":"https:\/\/arantv.az\/index.php?rest_route=\/wp\/v2\/users\/2"}],"replies":[{"embeddable":true,"href":"https:\/\/arantv.az\/index.php?rest_route=%2Fwp%2Fv2%2Fcomments&post=637898"}],"version-history":[{"count":0,"href":"https:\/\/arantv.az\/index.php?rest_route=\/wp\/v2\/posts\/637898\/revisions"}],"wp:featuredmedia":[{"embeddable":true,"href":"https:\/\/arantv.az\/index.php?rest_route=\/wp\/v2\/media\/637900"}],"wp:attachment":[{"href":"https:\/\/arantv.az\/index.php?rest_route=%2Fwp%2Fv2%2Fmedia&parent=637898"}],"wp:term":[{"taxonomy":"category","embeddable":true,"href":"https:\/\/arantv.az\/index.php?rest_route=%2Fwp%2Fv2%2Fcategories&post=637898"},{"taxonomy":"post_tag","embeddable":true,"href":"https:\/\/arantv.az\/index.php?rest_route=%2Fwp%2Fv2%2Ftags&post=637898"}],"curies":[{"name":"wp","href":"https:\/\/api.w.org\/{rel}","templated":true}]}}