{"id":637903,"date":"2023-09-26T20:36:38","date_gmt":"2023-09-26T16:36:38","guid":{"rendered":"https:\/\/arantv.az\/?p=637903"},"modified":"2023-09-26T20:36:38","modified_gmt":"2023-09-26T16:36:38","slug":"az%c9%99rbaycan-reinteqrasiya-prosesinin-intensiv-s%c9%99kild%c9%99-reallasmasi-ucun-butun-t%c9%99dbirl%c9%99ri-gorur-r%c9%99y-foto","status":"publish","type":"post","link":"https:\/\/arantv.az\/?p=637903","title":{"rendered":"\u201cAz\u0259rbaycan reinteqrasiya prosesinin intensiv \u015f\u0259kild\u0259 realla\u015fmas\u0131 \u00fc\u00e7\u00fcn b\u00fct\u00fcn t\u0259dbirl\u0259ri g\u00f6r\u00fcr\u201d &#8211; R\u018fY + FOTO"},"content":{"rendered":"<p>\u201cAz\u0259rbaycan reinteqrasiya prosesinin \u00e7evik v\u0259 intensiv \u015f\u0259kild\u0259 realla\u015fmas\u0131 \u00fc\u00e7\u00fcn b\u00fct\u00fcn t\u0259dbirl\u0259ri g\u00f6r\u00fcr\u201d.<\/p>\n<p>Bunu \u201cReport\u201da a\u00e7\u0131qlamas\u0131nda Milli M\u0259clisin deputat\u0131 B\u0259hruz M\u0259h\u0259rr\u0259mov deyib.<\/p>\n<p><img src=\"https:\/\/cdn.oxu.az\/uploads\/W1siZiIsIjIwMjMvMDkvMjYvMTYvMzYvMjgvMjIxOTRiMDQtZGUxMS00N2JmLThkY2MtZmFjMWQ0OWU3NDFjL2JlaHJ1ei5qcGciXSxbInAiLCJlbmNvZGUiLCJqcGciLCItcXVhbGl0eSA4MCJdLFsicCIsInRodW1iIiwiNTkweDU5MFx1MDAzZSJdXQ?sha=6fa9c4a433108579\" \/><\/p>\n<p>Onun s\u00f6zl\u0259rin\u0259 g\u00f6r\u0259, lokal antiterror t\u0259dbirl\u0259ri regionda separatizm\u0259 h\u0259lledici z\u0259rb\u0259 vursa da, qar\u015f\u0131da reinteqrasiya prosesinin realla\u015fd\u0131r\u0131lmas\u0131 istiqam\u0259tind\u0259 ciddi v\u0259zif\u0259l\u0259r dayanmaqdad\u0131r:<\/p>\n<p>\u201cCari t\u0259maslar dem\u0259y\u0259 \u0259sas verir ki, Qaraba\u011fda qalaraq Az\u0259rbaycan v\u0259t\u0259nda\u015f\u0131 kimi ya\u015famaq ist\u0259y\u0259n erm\u0259nil\u0259r reinteqrasiya prosesinin \u0259leyhin\u0259 deyill\u0259r, \u0259ksin\u0259, h\u0259rbi xuntan\u0131n girovlu\u011fundan qurtulan erm\u0259ni\u0259silli sakinl\u0259r m\u0259mnuniyy\u0259tl\u0259 Az\u0259rbaycan v\u0259t\u0259nda\u015fl\u0131\u011f\u0131 \u00fc\u00e7\u00fcn m\u00fcraci\u0259t edirl\u0259r. Az\u0259rbaycan is\u0259 reinteqrasiya prosesinin \u00e7evik v\u0259 intensiv \u015f\u0259kild\u0259 realla\u015fmas\u0131 \u00fc\u00e7\u00fcn b\u00fct\u00fcn t\u0259dbirl\u0259ri g\u00f6r\u00fcr. Lakin 30 il m\u00fcharib\u0259 \u015f\u0259raitind\u0259 ya\u015fam\u0131\u015f toplumlar\u0131n reinteqrasiyas\u0131 \u00fc\u00e7\u00fcn yaln\u0131z d\u00f6vl\u0259t t\u0259r\u0259find\u0259n h\u0259yata ke\u00e7iril\u0259n inzibati mahiyy\u0259tli t\u0259dbirl\u0259r kafi deyil.<\/p>\n<p>Bu m\u0259nada proses\u0259 v\u0259t\u0259nda\u015f c\u0259miyy\u0259ti institutlar\u0131n\u0131n c\u0259lb edilm\u0259si, v\u0259t\u0259nda\u015f c\u0259miyy\u0259ti dialoqu platformas\u0131n\u0131n yarad\u0131lmas\u0131 vacibdir. Lakin Qaraba\u011fda formala\u015facaq institutlar, ilk n\u00f6vb\u0259d\u0259, praqmatik \u015f\u0259xsl\u0259rd\u0259n t\u0259\u015fkil olunmal\u0131, bu insanlar regionda f\u0259lak\u0259tl\u0259r\u0259 yol a\u00e7m\u0131\u015f uydurma erm\u0259ni mifl\u0259rinin v\u0259 saxtakar iddialar\u0131n t\u0259sirl\u0259rind\u0259n azad d\u00fc\u015f\u00fcnc\u0259y\u0259 sahib olmal\u0131d\u0131rlar. \u0130lk n\u00f6vb\u0259d\u0259, onlar \u00f6zl\u0259ri reinteqrasiyan\u0131n yegan\u0259 \u015f\u0259rt oldu\u011funu d\u0259rk etm\u0259li, Qaraba\u011f\u0131n erm\u0259ni sakinl\u0259rinin g\u0259l\u0259c\u0259yinin yaln\u0131z Az\u0259rbaycan c\u0259miyy\u0259tinin bir hiss\u0259si kimi m\u00fcmk\u00fcnl\u00fcy\u00fcn\u00fc anlamal\u0131d\u0131rlar. Bu g\u00fcn \u0259minlikl\u0259 dem\u0259k olar ki, erm\u0259nil\u0259rin Az\u0259rbaycan c\u0259miyy\u0259tinin bir hiss\u0259si kimi ya\u015famas\u0131 v\u0259 m\u00f6vcud t\u0259r\u0259qqid\u0259n faydalanmas\u0131 \u00f6n\u00fcnd\u0259 he\u00e7 bir mane\u0259 yoxdur. Az\u0259rbaycan d\u00f6vl\u0259ti v\u0259 c\u0259miyy\u0259tinin h\u0259d\u0259find\u0259 he\u00e7 vaxt \u201cerm\u0259ni\u201d amili olmay\u0131b. Biz erm\u0259nil\u0259rl\u0259 yox, etnik separatizm meyill\u0259ri, i\u015f\u011fal v\u0259 t\u0259cav\u00fczl\u0259 m\u00fcbariz\u0259 apar\u0131b z\u0259f\u0259r qazanm\u0131\u015f\u0131q\u201d.<\/p>\n<p>Milli M\u0259clisin \u00fczv\u00fc bildirib ki, Prezident\u00a0<strong>\u0130lham \u018fliyevin\u00a0<\/strong>Az\u0259rbaycan xalq\u0131na m\u00fcraci\u0259t ed\u0259rk\u0259n d\u0259 ifad\u0259 etdiyi kimi, b\u00fct\u00fcn haqs\u0131zl\u0131qlara baxmayaraq, b\u00fct\u00fcn kriminal Erm\u0259nistan rejimi t\u0259r\u0259find\u0259n t\u00f6r\u0259dilmi\u015f cinay\u0259tl\u0259r\u0259 baxmayaraq, biz erm\u0259ni xalq\u0131n\u0131 bu cinay\u0259tl\u0259rd\u0259 he\u00e7 vaxt g\u00fcnahland\u0131rmam\u0131\u015f\u0131q:<\/p>\n<p>\u201cBu, qalib lider t\u0259r\u0259find\u0259n erm\u0259nil\u0259r\u0259 \u0259n ali s\u0259viyy\u0259d\u0259 veril\u0259n \u015fansd\u0131r v\u0259 Az\u0259rbaycan Prezidenti d\u0259 niyy\u0259tind\u0259 kifay\u0259t q\u0259d\u0259r s\u0259mimidir. Cari situasiyada Qaraba\u011f iqtisadi rayonunda ya\u015fayan erm\u0259ni\u0259silli v\u0259t\u0259nda\u015f c\u0259miyy\u0259ti t\u0259msil\u00e7il\u0259ri v\u0259 ictimai f\u0259allar\u0131n Bak\u0131ya v\u0259 ya Az\u0259rbaycan\u0131n dig\u0259r \u015f\u0259h\u0259rl\u0259rin\u0259 s\u0259f\u0259rl\u0259rinin t\u0259\u015fkil edilm\u0259si t\u0259klifi d\u0259 m\u0259hz Az\u0259rbaycan\u0131n ir\u0259liy\u0259 baxd\u0131\u011f\u0131n\u0131, d\u00f6vl\u0259timizin prosesd\u0259 q\u0259rarl\u0131 oldu\u011funu g\u00f6st\u0259rir. Reinteqrasiyaya start verildiyi indiki h\u0259ssas m\u0259rh\u0259l\u0259d\u0259 Qaraba\u011f erm\u0259nil\u0259rinin n\u00fcmay\u0259nd\u0259l\u0259rinin Bak\u0131 v\u0259 dig\u0259r \u015f\u0259h\u0259rl\u0259rimizd\u0259 birba\u015fa t\u0259maslar\u0131n\u0131n is\u0259 etimad m\u00fchitinin formala\u015fmas\u0131 \u00fc\u00e7\u00fcn \u00e7ox s\u0259m\u0259r\u0259li vasit\u0259 olaca\u011f\u0131 \u015f\u00fcbh\u0259 do\u011furmur. Bu m\u0259nada Qaraba\u011fda ya\u015famaq ist\u0259y\u0259n erm\u0259ni\u0259silli insanlar \u015fans\u0131 buraxmamal\u0131, proses\u0259 a\u00e7\u0131q g\u00f6zl\u0259 baxmal\u0131d\u0131r\u201d.<\/p>\n<p>B.M\u0259h\u0259rr\u0259mov vur\u011fulay\u0131b ki, antiterror t\u0259dbirl\u0259rinin gedi\u015find\u0259 v\u0259 sonrak\u0131 d\u00f6vrd\u0259 Az\u0259rbaycan h\u0259rb\u00e7il\u0259ri v\u0259 polisinin davran\u0131\u015flar\u0131 da c\u0259miyy\u0259tin buna haz\u0131r oldu\u011funu g\u00f6st\u0259rir:<\/p>\n<p><img src=\"https:\/\/cdn.oxu.az\/uploads\/W1siZiIsIjIwMjMvMDkvMjYvMTYvMjgvMjkvZjljYWMyYzYtZDJjOS00Mzg0LWIzMjEtYjVmYWZkMDk0NzEyLzY2ZjVkMmRhLTdiOGQtMzUzYi1hZGZiLTdlNmM3YTM1Nzk3ZS5qcGciXSxbInAiLCJlbmNvZGUiLCJqcGciLCItcXVhbGl0eSA4MCJdLFsicCIsInRodW1iIiwiNTkweDU5MFx1MDAzZSJdXQ?sha=463e5fc1a719de2e\" alt=\"\" \/><\/p>\n<p>\u201cXocal\u0131dan ayaqyal\u0131n, don vurmu\u015f, yar\u0131mcan halda qa\u00e7ma\u011f\u0131 bacaranlardan f\u0259rqli olaraq, Qaraba\u011fda ya\u015famaq ist\u0259m\u0259yib k\u00f6\u00e7\u0259nl\u0259r\u0259 g\u00f6st\u0259ril\u0259n m\u00fcnasib\u0259t, onlar\u0131n gedi\u015finin komfortlu formada t\u0259\u015fkili, qocalara v\u0259 x\u0259st\u0259l\u0259r\u0259 l\u0259yaq\u0259tli davran\u0131\u015f bizim etnik d\u00fc\u015fm\u0259n\u00e7ilik niyy\u0259timizin olmad\u0131\u011f\u0131n\u0131 g\u00f6st\u0259rir. \u018fksin\u0259, r\u0259smi Bak\u0131 dayan\u0131ql\u0131 birg\u0259ya\u015fay\u0131\u015f v\u0259 qar\u015f\u0131l\u0131ql\u0131 etimad m\u00fchitini t\u0259min etm\u0259k \u00fc\u00e7\u00fcn \u0259lav\u0259 t\u0259dbir kimi humanitar f\u0259aliyy\u0259tin birg\u0259 h\u0259yata ke\u00e7irilm\u0259sini, Az\u0259rbaycan v\u0259 erm\u0259ni\u0259silli tibb hey\u0259ti t\u0259r\u0259find\u0259n birg\u0259 xidm\u0259tin t\u0259\u015fkilini \u0259lav\u0259 imkan kimi m\u0259qbul hesab edir. Y\u0259ni Az\u0259rbaycan\u0131n reinteqrasiya t\u0259\u015fviqat\u0131 kosmetik t\u0259bli\u011fat t\u0259dbirl\u0259rini yox, k\u00f6kl\u00fc v\u0259 dayan\u0131ql\u0131 add\u0131mlar\u0131n realla\u015fd\u0131r\u0131lmas\u0131n\u0131 n\u0259z\u0259rd\u0259 tutur. \u00dcst\u0259lik, daha effektiv n\u0259tic\u0259 v\u0259 davaml\u0131 sabit birg\u0259ya\u015fay\u0131\u015f \u00fc\u00e7\u00fcn inkl\u00fcziv yana\u015fmaya haz\u0131r\u0131q. Erm\u0259ni\u0259silli sakinl\u0259rimiz d\u0259 \u00f6t\u0259n 30 illik perioda n\u0259z\u0259r salaraq bu tarixi \u015fans\u0131 qa\u00e7\u0131rmamal\u0131d\u0131rlar\u201d.<\/p>\n","protected":false},"excerpt":{"rendered":"<p>\u201cAz\u0259rbaycan reinteqrasiya prosesinin \u00e7evik v\u0259 intensiv \u015f\u0259kild\u0259 realla\u015fmas\u0131 \u00fc\u00e7\u00fcn b\u00fct\u00fcn t\u0259dbirl\u0259ri g\u00f6r\u00fcr\u201d. Bunu \u201cReport\u201da a\u00e7\u0131qlamas\u0131nda Milli M\u0259clisin deputat\u0131 B\u0259hruz M\u0259h\u0259rr\u0259mov deyib. Onun s\u00f6zl\u0259rin\u0259 g\u00f6r\u0259, lokal antiterror t\u0259dbirl\u0259ri regionda separatizm\u0259 h\u0259lledici z\u0259rb\u0259 vursa da, qar\u015f\u0131da reinteqrasiya prosesinin realla\u015fd\u0131r\u0131lmas\u0131 istiqam\u0259tind\u0259 ciddi v\u0259zif\u0259l\u0259r dayanmaqdad\u0131r: \u201cCari t\u0259maslar dem\u0259y\u0259 \u0259sas verir ki, Qaraba\u011fda qalaraq Az\u0259rbaycan v\u0259t\u0259nda\u015f\u0131 kimi ya\u015famaq ist\u0259y\u0259n erm\u0259nil\u0259r reinteqrasiya prosesinin \u0259leyhin\u0259 deyill\u0259r, \u0259ksin\u0259, h\u0259rbi xuntan\u0131n girovlu\u011fundan qurtulan erm\u0259ni\u0259silli sakinl\u0259r m\u0259mnuniyy\u0259tl\u0259 Az\u0259rbaycan v\u0259t\u0259nda\u015fl\u0131\u011f\u0131 \u00fc\u00e7\u00fcn m\u00fcraci\u0259t edirl\u0259r. Az\u0259rbaycan is\u0259 reinteqrasiya prosesinin \u00e7evik v\u0259 intensiv \u015f\u0259kild\u0259 realla\u015fmas\u0131 \u00fc\u00e7\u00fcn b\u00fct\u00fcn t\u0259dbirl\u0259ri g\u00f6r\u00fcr. Lakin 30 il m\u00fcharib\u0259 \u015f\u0259raitind\u0259&hellip;<\/p>\n","protected":false},"author":2,"featured_media":637905,"comment_status":"closed","ping_status":"closed","sticky":false,"template":"","format":"standard","meta":{"om_disable_all_campaigns":false,"_monsterinsights_skip_tracking":false,"_monsterinsights_sitenote_active":false,"_monsterinsights_sitenote_note":"","_monsterinsights_sitenote_category":0},"categories":[4],"tags":[],"aioseo_notices":[],"gutentor_comment":0,"rttpg_featured_image_url":{"full":["https:\/\/arantv.az\/wp-content\/uploads\/2023\/09\/8ae19e31-4d3a-36a0-8cfd-eebaf4d81d5c_850-1.jpg",620,413,false],"landscape":["https:\/\/arantv.az\/wp-content\/uploads\/2023\/09\/8ae19e31-4d3a-36a0-8cfd-eebaf4d81d5c_850-1.jpg",620,413,false],"portraits":["https:\/\/arantv.az\/wp-content\/uploads\/2023\/09\/8ae19e31-4d3a-36a0-8cfd-eebaf4d81d5c_850-1.jpg",620,413,false],"thumbnail":["https:\/\/arantv.az\/wp-content\/uploads\/2023\/09\/8ae19e31-4d3a-36a0-8cfd-eebaf4d81d5c_850-1-500x280.jpg",500,280,true],"medium":["https:\/\/arantv.az\/wp-content\/uploads\/2023\/09\/8ae19e31-4d3a-36a0-8cfd-eebaf4d81d5c_850-1-548x365.jpg",548,365,true],"large":["https:\/\/arantv.az\/wp-content\/uploads\/2023\/09\/8ae19e31-4d3a-36a0-8cfd-eebaf4d81d5c_850-1.jpg",620,413,false],"1536x1536":["https:\/\/arantv.az\/wp-content\/uploads\/2023\/09\/8ae19e31-4d3a-36a0-8cfd-eebaf4d81d5c_850-1.jpg",620,413,false],"2048x2048":["https:\/\/arantv.az\/wp-content\/uploads\/2023\/09\/8ae19e31-4d3a-36a0-8cfd-eebaf4d81d5c_850-1.jpg",620,413,false],"post-thumbnail":["https:\/\/arantv.az\/wp-content\/uploads\/2023\/09\/8ae19e31-4d3a-36a0-8cfd-eebaf4d81d5c_850-1-240x172.jpg",240,172,true],"advps-thumb-one":["https:\/\/arantv.az\/wp-content\/uploads\/2023\/09\/8ae19e31-4d3a-36a0-8cfd-eebaf4d81d5c_850-1.jpg",620,413,false]},"rttpg_author":{"display_name":"V\u00fcsal Rafiqo\u011flu","author_link":"https:\/\/arantv.az\/?author=2"},"rttpg_comment":0,"rttpg_category":"<a href=\"https:\/\/arantv.az\/?cat=4\" rel=\"category\">Siyas\u0259t<\/a>","rttpg_excerpt":"\u201cAz\u0259rbaycan reinteqrasiya prosesinin \u00e7evik v\u0259 intensiv \u015f\u0259kild\u0259 realla\u015fmas\u0131 \u00fc\u00e7\u00fcn b\u00fct\u00fcn t\u0259dbirl\u0259ri g\u00f6r\u00fcr\u201d. Bunu \u201cReport\u201da a\u00e7\u0131qlamas\u0131nda Milli M\u0259clisin deputat\u0131 B\u0259hruz M\u0259h\u0259rr\u0259mov deyib. Onun s\u00f6zl\u0259rin\u0259 g\u00f6r\u0259, lokal antiterror t\u0259dbirl\u0259ri regionda separatizm\u0259 h\u0259lledici z\u0259rb\u0259 vursa da, qar\u015f\u0131da reinteqrasiya prosesinin realla\u015fd\u0131r\u0131lmas\u0131 istiqam\u0259tind\u0259 ciddi v\u0259zif\u0259l\u0259r dayanmaqdad\u0131r: \u201cCari t\u0259maslar dem\u0259y\u0259 \u0259sas verir ki, Qaraba\u011fda qalaraq Az\u0259rbaycan v\u0259t\u0259nda\u015f\u0131 kimi ya\u015famaq ist\u0259y\u0259n erm\u0259nil\u0259r&hellip;","_links":{"self":[{"href":"https:\/\/arantv.az\/index.php?rest_route=\/wp\/v2\/posts\/637903"}],"collection":[{"href":"https:\/\/arantv.az\/index.php?rest_route=\/wp\/v2\/posts"}],"about":[{"href":"https:\/\/arantv.az\/index.php?rest_route=\/wp\/v2\/types\/post"}],"author":[{"embeddable":true,"href":"https:\/\/arantv.az\/index.php?rest_route=\/wp\/v2\/users\/2"}],"replies":[{"embeddable":true,"href":"https:\/\/arantv.az\/index.php?rest_route=%2Fwp%2Fv2%2Fcomments&post=637903"}],"version-history":[{"count":0,"href":"https:\/\/arantv.az\/index.php?rest_route=\/wp\/v2\/posts\/637903\/revisions"}],"wp:featuredmedia":[{"embeddable":true,"href":"https:\/\/arantv.az\/index.php?rest_route=\/wp\/v2\/media\/637905"}],"wp:attachment":[{"href":"https:\/\/arantv.az\/index.php?rest_route=%2Fwp%2Fv2%2Fmedia&parent=637903"}],"wp:term":[{"taxonomy":"category","embeddable":true,"href":"https:\/\/arantv.az\/index.php?rest_route=%2Fwp%2Fv2%2Fcategories&post=637903"},{"taxonomy":"post_tag","embeddable":true,"href":"https:\/\/arantv.az\/index.php?rest_route=%2Fwp%2Fv2%2Ftags&post=637903"}],"curies":[{"name":"wp","href":"https:\/\/api.w.org\/{rel}","templated":true}]}}