{"id":637921,"date":"2023-09-26T20:46:56","date_gmt":"2023-09-26T16:46:56","guid":{"rendered":"https:\/\/arantv.az\/?p=637921"},"modified":"2023-09-26T20:46:56","modified_gmt":"2023-09-26T16:46:56","slug":"%c9%99rdogan-naxcivan-s%c9%99f%c9%99rind%c9%99n-danisdi","status":"publish","type":"post","link":"https:\/\/arantv.az\/?p=637921","title":{"rendered":"\u018frdo\u011fan Nax\u00e7\u0131van s\u0259f\u0259rind\u0259n dan\u0131\u015fd\u0131"},"content":{"rendered":"<p>T\u00fcrkiy\u0259 Prezidenti R\u0259c\u0259b Tayyib \u018frdo\u011fan\u0131n s\u0259drliyil\u0259 Ankarada \u00f6lk\u0259 kabinetinin toplant\u0131s\u0131 ke\u00e7irilib.<\/p>\n<p>\u0130clasdan sonra m\u0259tbuata a\u00e7\u0131qlamalar ver\u0259n d\u00f6vl\u0259t ba\u015f\u00e7\u0131s\u0131 Nax\u00e7\u0131vana s\u0259f\u0259rind\u0259n dan\u0131\u015f\u0131b, Qaraba\u011f\u0131n Az\u0259rbaycan torpa\u011f\u0131 oldu\u011funu bir daha xat\u0131rlad\u0131b.<\/p>\n<p>\u201cD\u00fcn\u0259n d\u00f6vl\u0259timizin banisi olan Mustafa Kamal Atat\u00fcrk\u00fcn \u201cT\u00fcrk d\u00fcnyas\u0131n\u0131n qap\u0131s\u0131\u201d adland\u0131rd\u0131\u011f\u0131 Nax\u00e7\u0131vanda qarda\u015flar\u0131m\u0131z\u0131 ziyar\u0259t etdik. S\u0259f\u0259rimiz strateji anla\u015fmalarla yana\u015f\u0131, h\u0259m d\u0259 m\u00fch\u00fcm mesajlar verdi. Do\u011fma topraqlar\u0131n\u0131 terror\u00e7u \u00fcns\u00fcrl\u0259rd\u0259n t\u0259mizl\u0259y\u0259n m\u00fcz\u0259ff\u0259r Az\u0259rbaycan Ordusunu bir daha t\u0259brik edir\u0259m. Erm\u0259nistan\u0131n bundan sonrak\u0131 inki\u015faf\u0131 yaln\u0131z qon\u015fular\u0131 il\u0259 dinc m\u00fcnasib\u0259tl\u0259rind\u0259n as\u0131l\u0131d\u0131r\u201d, &#8211; dey\u0259 d\u00f6vl\u0259t ba\u015f\u00e7\u0131s\u0131 b\u0259yan edib.<\/p>\n<p>O, \u00e7\u0131x\u0131\u015f\u0131nda Z\u0259rng\u0259zur d\u0259hlizinin \u0259h\u0259miyy\u0259tini vur\u011fulayaraq yeni infrastrukturun Az\u0259rbaycanla T\u00fcrkiy\u0259 aras\u0131ndak\u0131 qarda\u015fl\u0131q ba\u011flar\u0131n\u0131 daha da m\u00f6hk\u0259ml\u0259ndir\u0259c\u0259yini qeyd edib.<\/p>\n<p>M\u0259nb\u0259: TRT<\/p>\n","protected":false},"excerpt":{"rendered":"<p>T\u00fcrkiy\u0259 Prezidenti R\u0259c\u0259b Tayyib \u018frdo\u011fan\u0131n s\u0259drliyil\u0259 Ankarada \u00f6lk\u0259 kabinetinin toplant\u0131s\u0131 ke\u00e7irilib. \u0130clasdan sonra m\u0259tbuata a\u00e7\u0131qlamalar ver\u0259n d\u00f6vl\u0259t ba\u015f\u00e7\u0131s\u0131 Nax\u00e7\u0131vana s\u0259f\u0259rind\u0259n dan\u0131\u015f\u0131b, Qaraba\u011f\u0131n Az\u0259rbaycan torpa\u011f\u0131 oldu\u011funu bir daha xat\u0131rlad\u0131b. \u201cD\u00fcn\u0259n d\u00f6vl\u0259timizin banisi olan Mustafa Kamal Atat\u00fcrk\u00fcn \u201cT\u00fcrk d\u00fcnyas\u0131n\u0131n qap\u0131s\u0131\u201d adland\u0131rd\u0131\u011f\u0131 Nax\u00e7\u0131vanda qarda\u015flar\u0131m\u0131z\u0131 ziyar\u0259t etdik. S\u0259f\u0259rimiz strateji anla\u015fmalarla yana\u015f\u0131, h\u0259m d\u0259 m\u00fch\u00fcm mesajlar verdi. Do\u011fma topraqlar\u0131n\u0131 terror\u00e7u \u00fcns\u00fcrl\u0259rd\u0259n t\u0259mizl\u0259y\u0259n m\u00fcz\u0259ff\u0259r Az\u0259rbaycan Ordusunu bir daha t\u0259brik edir\u0259m. Erm\u0259nistan\u0131n bundan sonrak\u0131 inki\u015faf\u0131 yaln\u0131z qon\u015fular\u0131 il\u0259 dinc m\u00fcnasib\u0259tl\u0259rind\u0259n as\u0131l\u0131d\u0131r\u201d, &#8211; dey\u0259 d\u00f6vl\u0259t ba\u015f\u00e7\u0131s\u0131 b\u0259yan edib. O, \u00e7\u0131x\u0131\u015f\u0131nda Z\u0259rng\u0259zur d\u0259hlizinin \u0259h\u0259miyy\u0259tini vur\u011fulayaraq yeni infrastrukturun Az\u0259rbaycanla T\u00fcrkiy\u0259&hellip;<\/p>\n","protected":false},"author":2,"featured_media":637923,"comment_status":"closed","ping_status":"closed","sticky":false,"template":"","format":"standard","meta":{"om_disable_all_campaigns":false,"_monsterinsights_skip_tracking":false,"_monsterinsights_sitenote_active":false,"_monsterinsights_sitenote_note":"","_monsterinsights_sitenote_category":0},"categories":[4],"tags":[],"aioseo_notices":[],"gutentor_comment":0,"rttpg_featured_image_url":{"full":["https:\/\/arantv.az\/wp-content\/uploads\/2023\/09\/1111680_881.jpg",620,413,false],"landscape":["https:\/\/arantv.az\/wp-content\/uploads\/2023\/09\/1111680_881.jpg",620,413,false],"portraits":["https:\/\/arantv.az\/wp-content\/uploads\/2023\/09\/1111680_881.jpg",620,413,false],"thumbnail":["https:\/\/arantv.az\/wp-content\/uploads\/2023\/09\/1111680_881-500x280.jpg",500,280,true],"medium":["https:\/\/arantv.az\/wp-content\/uploads\/2023\/09\/1111680_881-548x365.jpg",548,365,true],"large":["https:\/\/arantv.az\/wp-content\/uploads\/2023\/09\/1111680_881.jpg",620,413,false],"1536x1536":["https:\/\/arantv.az\/wp-content\/uploads\/2023\/09\/1111680_881.jpg",620,413,false],"2048x2048":["https:\/\/arantv.az\/wp-content\/uploads\/2023\/09\/1111680_881.jpg",620,413,false],"post-thumbnail":["https:\/\/arantv.az\/wp-content\/uploads\/2023\/09\/1111680_881-240x172.jpg",240,172,true],"advps-thumb-one":["https:\/\/arantv.az\/wp-content\/uploads\/2023\/09\/1111680_881.jpg",620,413,false]},"rttpg_author":{"display_name":"V\u00fcsal Rafiqo\u011flu","author_link":"https:\/\/arantv.az\/?author=2"},"rttpg_comment":0,"rttpg_category":"<a href=\"https:\/\/arantv.az\/?cat=4\" rel=\"category\">Siyas\u0259t<\/a>","rttpg_excerpt":"T\u00fcrkiy\u0259 Prezidenti R\u0259c\u0259b Tayyib \u018frdo\u011fan\u0131n s\u0259drliyil\u0259 Ankarada \u00f6lk\u0259 kabinetinin toplant\u0131s\u0131 ke\u00e7irilib. \u0130clasdan sonra m\u0259tbuata a\u00e7\u0131qlamalar ver\u0259n d\u00f6vl\u0259t ba\u015f\u00e7\u0131s\u0131 Nax\u00e7\u0131vana s\u0259f\u0259rind\u0259n dan\u0131\u015f\u0131b, Qaraba\u011f\u0131n Az\u0259rbaycan torpa\u011f\u0131 oldu\u011funu bir daha xat\u0131rlad\u0131b. \u201cD\u00fcn\u0259n d\u00f6vl\u0259timizin banisi olan Mustafa Kamal Atat\u00fcrk\u00fcn \u201cT\u00fcrk d\u00fcnyas\u0131n\u0131n qap\u0131s\u0131\u201d adland\u0131rd\u0131\u011f\u0131 Nax\u00e7\u0131vanda qarda\u015flar\u0131m\u0131z\u0131 ziyar\u0259t etdik. S\u0259f\u0259rimiz strateji anla\u015fmalarla yana\u015f\u0131, h\u0259m d\u0259 m\u00fch\u00fcm mesajlar verdi. Do\u011fma topraqlar\u0131n\u0131 terror\u00e7u&hellip;","_links":{"self":[{"href":"https:\/\/arantv.az\/index.php?rest_route=\/wp\/v2\/posts\/637921"}],"collection":[{"href":"https:\/\/arantv.az\/index.php?rest_route=\/wp\/v2\/posts"}],"about":[{"href":"https:\/\/arantv.az\/index.php?rest_route=\/wp\/v2\/types\/post"}],"author":[{"embeddable":true,"href":"https:\/\/arantv.az\/index.php?rest_route=\/wp\/v2\/users\/2"}],"replies":[{"embeddable":true,"href":"https:\/\/arantv.az\/index.php?rest_route=%2Fwp%2Fv2%2Fcomments&post=637921"}],"version-history":[{"count":0,"href":"https:\/\/arantv.az\/index.php?rest_route=\/wp\/v2\/posts\/637921\/revisions"}],"wp:featuredmedia":[{"embeddable":true,"href":"https:\/\/arantv.az\/index.php?rest_route=\/wp\/v2\/media\/637923"}],"wp:attachment":[{"href":"https:\/\/arantv.az\/index.php?rest_route=%2Fwp%2Fv2%2Fmedia&parent=637921"}],"wp:term":[{"taxonomy":"category","embeddable":true,"href":"https:\/\/arantv.az\/index.php?rest_route=%2Fwp%2Fv2%2Fcategories&post=637921"},{"taxonomy":"post_tag","embeddable":true,"href":"https:\/\/arantv.az\/index.php?rest_route=%2Fwp%2Fv2%2Ftags&post=637921"}],"curies":[{"name":"wp","href":"https:\/\/api.w.org\/{rel}","templated":true}]}}