{"id":637926,"date":"2023-09-26T20:47:55","date_gmt":"2023-09-26T16:47:55","guid":{"rendered":"https:\/\/arantv.az\/?p=637926"},"modified":"2023-09-26T20:47:55","modified_gmt":"2023-09-26T16:47:55","slug":"q%c9%99rbi-az%c9%99rbaycan-xronikasi-g%c9%99nc-f%c9%99al-erm%c9%99ni-qizlarin-az%c9%99rbaycanla-bagli-etiraflari-video","status":"publish","type":"post","link":"https:\/\/arantv.az\/?p=637926","title":{"rendered":"Q\u0259rbi Az\u0259rbaycan Xronikas\u0131: G\u0259nc f\u0259al erm\u0259ni q\u0131zlar\u0131n Az\u0259rbaycanla ba\u011fl\u0131 etiraflar\u0131 &#8211; V\u0130DEO"},"content":{"rendered":"<article class=\"news\">\n<div class=\"news-inner\">\n<p>Q\u0259rbi Az\u0259rbaycan Xronikas\u0131 layih\u0259si \u00e7\u0259r\u00e7iv\u0259sind\u0259 s\u0259n\u0259t\u015f\u00fcnasl\u0131q \u00fczr\u0259 f\u0259ls\u0259f\u0259 doktoru El\u00e7in \u018flib\u0259ylinin t\u0259qdimat\u0131nda \u201cErm\u0259ni q\u0131zlardan Az\u0259rbaycan etiraf\u0131\u201d adl\u0131 verili\u015f efir\u0259 gedib.<\/p>\n<p>Verili\u015fd\u0259 g\u0259nc erm\u0259ni f\u0259al\u0131 Culi Ba\u011fdasaryan v\u0259 ara\u015fd\u0131rma\u00e7\u0131 Meri Aslanyan\u0131n ger\u00e7\u0259k tarixi \u00fcz\u0259 \u00e7\u0131xarmaq ist\u0259kl\u0259rin\u0259 yer verilir.<\/p>\n<p>Bildirilir ki, Erm\u0259nistan hakimiyy\u0259ti son 35 ild\u0259 ciddi c\u0259hdl\u0259 Q\u0259rbi Az\u0259rbaycanda Az\u0259rbaycan izl\u0259rini, \u0259halisi, ya\u015fam t\u0259rzi v\u0259 yaratd\u0131\u011f\u0131 m\u0259d\u0259niyy\u0259ti silm\u0259k, danmaq v\u0259 saxtala\u015fd\u0131rmaq siyas\u0259ti yeridir. Onlar saxta v\u0259 qurama ara\u015fd\u0131rma, d\u0259rslik v\u0259 monoqrafiyalarda, h\u0259m\u00e7inin d\u00f6vri m\u0259tbuatda az\u0259rbaycanl\u0131lar\u0131n izl\u0259rinin silinm\u0259sin\u0259 dem\u0259k olar ki, nail olublar. Bu g\u00fcn \u00e7ox az m\u0259nb\u0259d\u0259 az\u0259rbaycanl\u0131lar\u0131n tarixi yurd yerl\u0259ri olan \u0259razil\u0259r v\u0259 yaratd\u0131qlar\u0131 izl\u0259r haqq\u0131nda m\u0259lumata rast g\u0259lm\u0259k olar. Amma b\u0259zi erm\u0259ni ara\u015fd\u0131rma\u00e7\u0131lar total saxtala\u015fd\u0131rma v\u0259 vandall\u0131q siyas\u0259ti il\u0259 raz\u0131la\u015fmay\u0131b ger\u00e7\u0259k tarixi \u00fcz\u0259 \u00e7\u0131xarmaq ist\u0259yirl\u0259r.<\/p>\n<p>C.Ba\u011fdasaryan m\u00fcxt\u0259lif m\u00f6vzularda bloqunda yaz\u0131lar verir, \u00f6z\u00fcn\u00fc v\u0259t\u0259np\u0259rv\u0259r say\u0131r v\u0259 erm\u0259ni x\u0259st\u0259 siyas\u0259tinin qurban\u0131d\u0131r. O, \u00f6z h\u0259mv\u0259t\u0259nl\u0259rinin v\u0259 onlar\u0131n havadarlar\u0131n\u0131n t\u00f6r\u0259tdiyi \u0259m\u0259lin d\u0259h\u015f\u0259tini, 1988-ci il hadis\u0259l\u0259rini erm\u0259ni saxta m\u0259lumatlar\u0131 \u0259sas\u0131nda t\u0259qdim ets\u0259 d\u0259 Qafan hadis\u0259l\u0259ri n\u0259tic\u0259sind\u0259 az\u0259rbaycanl\u0131lar\u0131n qovulmas\u0131n\u0131 v\u0259 onlar\u0131n ilk qa\u00e7q\u0131n olmas\u0131n\u0131 etiraf edir.<\/p>\n<p>G\u0259nc ara\u015fd\u0131rma\u00e7\u0131 \u00f6z yaz\u0131lar\u0131nda Meri Aslanyan 1926, 1939, 1959-cu il siyah\u0131yaal\u0131nmalar\u0131n\u0131 xat\u0131rladaraq bu m\u0259lumat\u0131 Erm\u0259nistan\u0131n saxtala\u015fd\u0131r\u0131lan statistsikas\u0131ndan g\u00f6t\u00fcr\u00fcld\u00fcy\u00fcn\u00fc, real r\u0259q\u0259ml\u0259rin is\u0259 f\u0259rqli oldu\u011funu bildirir: \u201cM\u0259hz Stalinin k\u00f6\u00e7\u00fcr\u00fclm\u0259 q\u0259rar\u0131 il\u0259 Q\u0259rbi Az\u0259rbaycandan minl\u0259rl\u0259\u00a0 yerli az\u0259rbaycan \u0259halisi deportasiya olundu. Onun irad\u0259si, Mikoyanlar\u0131n fitn\u0259si il\u0259 bo\u015fald\u0131lan h\u0259r k\u0259nd\u0259, h\u0259r ev\u0259 Suriyadan, Livandan, d\u00fcnyan\u0131n d\u00f6rd bir yerind\u0259n erm\u0259nil\u0259r g\u0259tirilib m\u0259skunla\u015fd\u0131r\u0131ld\u0131\u201d<\/p>\n<p>\u018fslinin Q\u0259rbi Az\u0259rbaycana k\u00f6\u00e7m\u0259 oldu\u011funu bil\u0259n M.Aslanyan tr\u00fcks\u00fcz Erm\u0259nistan siyas\u0259tinin a\u011f\u0131r n\u0259tic\u0259l\u0259rini el\u0259 r\u0259q\u0259ml\u0259rin dili il\u0259 t\u0259qdim edir. Onun \u00f6z m\u0259qal\u0259sin\u0259 Q\u0259rbi az\u0259rbaycanl\u0131lar\u0131 simvoliz\u0259 ed\u0259n m\u0259qam kimi, bu il 140 ya\u015f\u0131 tamam olan \u0130r\u0259van D\u00f6vl\u0259t Az\u0259rbaycan Dram Teatr\u0131n\u0131n kollektivinin 1939-cu il\u0259 aid fotonu yerl\u0259\u015fdirm\u0259si d\u0259 maraq do\u011furur. M\u0259hz \u0130r\u0259van teatr\u0131 Q\u0259rbi A\u0259rbaycanl\u0131lar\u0131n tarixi-m\u0259d\u0259ni irsini, m\u0259d\u0259ni inki\u015faf s\u0259viyy\u0259sini g\u00f6st\u0259r\u0259n m\u00fch\u00fcm tarixi s\u00fcbutdur. Bu bir daha \u0130r\u0259van v\u0259 onun \u0259traf\u0131nda olan mahallar\u0131n tarix\u0259n \u0259halisinin Az\u0259rbaycan t\u00fcrkl\u0259rind\u0259n ibar\u0259t oldu\u011funu, orada iri m\u0259d\u0259niyy\u0259t ocaqlar\u0131, s\u0259n\u0259t m\u0259b\u0259dl\u0259ri yaratd\u0131\u011f\u0131n\u0131 s\u00fcbut edir.<\/p>\n<p>Verili\u015fd\u0259 Culi v\u0259 Merinin yaz\u0131lar\u0131nda indiki Erm\u0259nidtanda ya\u015fam\u0131\u015f az\u0259rbaycanl\u0131lar\u0131n ac\u0131 taleyi v\u0259 b\u00f6y\u00fck\u00a0 tarixi izl\u0259ri \u00f6z\u00fcn\u00fc \u0259ks etdirir: \u201cBu g\u0259ncl\u0259r \u0259n sad\u0259 ger\u00e7\u0259yi gizl\u0259tm\u0259k ist\u0259m\u0259yib, daha vicdanl\u0131 olmaq ist\u0259yirl\u0259r. Lakin r\u0259smi t\u0259bli\u011fat ma\u015f\u0131n\u0131 v\u0259 ideoloji silahlar erm\u0259ni \u0259halisini vicdans\u0131zlar toplusuna \u00e7evirir\u201d.<\/p>\n<p>Xat\u0131rladaq ki, Q\u0259rbi Az\u0259rbaycan Xronikas\u0131 layih\u0259sinin m\u0259qs\u0259di tarixi torpaqlar\u0131m\u0131z\u0131n ad\u0131n\u0131n ya\u015fad\u0131lmas\u0131, tan\u0131d\u0131lmas\u0131, h\u0259m\u00e7inin az\u0259rbaycanl\u0131lar\u0131n erm\u0259nil\u0259r t\u0259r\u0259find\u0259n deportasiyaya m\u0259ruz qoyulmas\u0131ndan, h\u0259min \u0259razil\u0259rd\u0259 m\u00f6vcud olmu\u015f, lakin ad\u0131 silin\u0259n toponiml\u0259rin, says\u0131z-hesabs\u0131z yeralt\u0131 v\u0259 yer\u00fcst\u00fc maddi m\u0259d\u0259niyy\u0259t n\u00fcmun\u0259l\u0259ri \u2013 q\u0259dim ya\u015fay\u0131\u015f m\u0259sk\u0259nl\u0259ri, nekropollar, kurqanlar, qala, saray v\u0259 istehkam qal\u0131qlar\u0131, karvansaralar, k\u00f6rp\u00fcl\u0259r, q\u0259bir\u00fcst\u00fc s\u0259nduq\u0259l\u0259r, xa\u00e7da\u015flar, at-qo\u00e7 heyk\u0259ll\u0259ri, m\u0259b\u0259d, kils\u0259, m\u0259scid, pir v\u0259 ocaqlar\u0131n \u00fcz\u0259 \u00e7\u0131xar\u0131lmas\u0131, h\u0259min \u0259razinin t\u0259miz o\u011fuz-t\u00fcrk m\u0259sk\u0259nl\u0259ri oldu\u011funu t\u0259sdiq ed\u0259n faktlar\u0131n d\u00fcnya ictimaiyy\u0259tin\u0259 \u00e7atd\u0131r\u0131lmas\u0131d\u0131r.<\/p>\n<p>H\u0259m\u00e7inin Prezident\u00a0<strong>\u0130lham \u018fliyevin<\/strong>\u00a0Q\u0259rbi Az\u0259rbaycanla ba\u011fl\u0131 dediyi \u201cXX \u0259srin \u0259vv\u0259ll\u0259rin\u0259 t\u0259sad\u00fcf ed\u0259n x\u0259rit\u0259 bir daha onu g\u00f6st\u0259rir ki, Q\u0259rbi Az\u0259rbaycan tarixi Az\u0259rbaycan diyar\u0131d\u0131r, \u015f\u0259h\u0259rl\u0259rin, k\u0259ndl\u0259rin adlar\u0131 Az\u0259rbaycan m\u0259n\u015f\u0259lidir v\u0259 biz yax\u015f\u0131 bilirik ki, indiki Erm\u0259nistan \u0259razisind\u0259 tarix boyu Az\u0259rbaycan xalq\u0131 ya\u015fay\u0131b. \u0130ndi \u0259sas v\u0259zif\u0259 ondan ibar\u0259tdir ki, d\u00fcnya ictimaiyy\u0259ti d\u0259 bunu bilsin\u201d, \u2013 fikrini \u0259sas tutaraq, Q\u0259rbi Az\u0259rbaycan \u0130cmas\u0131n\u0131n haz\u0131rlad\u0131\u011f\u0131 Qay\u0131d\u0131\u015f Konsepsiyas\u0131ndan ir\u0259li g\u0259l\u0259n v\u0259zif\u0259l\u0259rin t\u0259bli\u011fidir.<\/p>\n<p>Bundan \u0259lav\u0259, Q\u0259rbi Az\u0259rbaycanla ba\u011fl\u0131 tarix\u00e7il\u0259rin, ara\u015fd\u0131rma\u00e7\u0131lar\u0131n d\u00fc\u015f\u00fcnc\u0259l\u0259rini, deportasiyaya m\u0259ruz qalm\u0131\u015f \u015f\u0259xsl\u0259rin h\u0259yat hekay\u0259sini i\u015f\u0131qland\u0131rmaqd\u0131r.<\/p>\n<p>\u018ftrafl\u0131 Baku TV-nin s\u00fcjetind\u0259:<\/p>\n<div><iframe loading=\"lazy\" title=\"YouTube video player\" src=\"https:\/\/www.youtube.com\/embed\/DTdyQh-B-mg?si=TW23IICAJCdB0tfW\" width=\"560\" height=\"315\" frameborder=\"0\" allowfullscreen=\"allowfullscreen\" data-mce-fragment=\"1\"><\/iframe><\/div>\n<\/div>\n<\/article>\n","protected":false},"excerpt":{"rendered":"<p>Q\u0259rbi Az\u0259rbaycan Xronikas\u0131 layih\u0259si \u00e7\u0259r\u00e7iv\u0259sind\u0259 s\u0259n\u0259t\u015f\u00fcnasl\u0131q \u00fczr\u0259 f\u0259ls\u0259f\u0259 doktoru El\u00e7in \u018flib\u0259ylinin t\u0259qdimat\u0131nda \u201cErm\u0259ni q\u0131zlardan Az\u0259rbaycan etiraf\u0131\u201d adl\u0131 verili\u015f efir\u0259 gedib. Verili\u015fd\u0259 g\u0259nc erm\u0259ni f\u0259al\u0131 Culi Ba\u011fdasaryan v\u0259 ara\u015fd\u0131rma\u00e7\u0131 Meri Aslanyan\u0131n ger\u00e7\u0259k tarixi \u00fcz\u0259 \u00e7\u0131xarmaq ist\u0259kl\u0259rin\u0259 yer verilir. Bildirilir ki, Erm\u0259nistan hakimiyy\u0259ti son 35 ild\u0259 ciddi c\u0259hdl\u0259 Q\u0259rbi Az\u0259rbaycanda Az\u0259rbaycan izl\u0259rini, \u0259halisi, ya\u015fam t\u0259rzi v\u0259 yaratd\u0131\u011f\u0131 m\u0259d\u0259niyy\u0259ti silm\u0259k, danmaq v\u0259 saxtala\u015fd\u0131rmaq siyas\u0259ti yeridir. Onlar saxta v\u0259 qurama ara\u015fd\u0131rma, d\u0259rslik v\u0259 monoqrafiyalarda, h\u0259m\u00e7inin d\u00f6vri m\u0259tbuatda az\u0259rbaycanl\u0131lar\u0131n izl\u0259rinin silinm\u0259sin\u0259 dem\u0259k olar ki, nail olublar. Bu g\u00fcn \u00e7ox az m\u0259nb\u0259d\u0259 az\u0259rbaycanl\u0131lar\u0131n tarixi yurd yerl\u0259ri&hellip;<\/p>\n","protected":false},"author":2,"featured_media":637929,"comment_status":"closed","ping_status":"closed","sticky":false,"template":"","format":"standard","meta":{"om_disable_all_campaigns":false,"_monsterinsights_skip_tracking":false,"_monsterinsights_sitenote_active":false,"_monsterinsights_sitenote_note":"","_monsterinsights_sitenote_category":0},"categories":[4],"tags":[],"aioseo_notices":[],"gutentor_comment":0,"rttpg_featured_image_url":{"full":["https:\/\/arantv.az\/wp-content\/uploads\/2023\/09\/FotoJet-2023-09-26T195955.436.jpg",620,413,false],"landscape":["https:\/\/arantv.az\/wp-content\/uploads\/2023\/09\/FotoJet-2023-09-26T195955.436.jpg",620,413,false],"portraits":["https:\/\/arantv.az\/wp-content\/uploads\/2023\/09\/FotoJet-2023-09-26T195955.436.jpg",620,413,false],"thumbnail":["https:\/\/arantv.az\/wp-content\/uploads\/2023\/09\/FotoJet-2023-09-26T195955.436-500x280.jpg",500,280,true],"medium":["https:\/\/arantv.az\/wp-content\/uploads\/2023\/09\/FotoJet-2023-09-26T195955.436-548x365.jpg",548,365,true],"large":["https:\/\/arantv.az\/wp-content\/uploads\/2023\/09\/FotoJet-2023-09-26T195955.436.jpg",620,413,false],"1536x1536":["https:\/\/arantv.az\/wp-content\/uploads\/2023\/09\/FotoJet-2023-09-26T195955.436.jpg",620,413,false],"2048x2048":["https:\/\/arantv.az\/wp-content\/uploads\/2023\/09\/FotoJet-2023-09-26T195955.436.jpg",620,413,false],"post-thumbnail":["https:\/\/arantv.az\/wp-content\/uploads\/2023\/09\/FotoJet-2023-09-26T195955.436-240x172.jpg",240,172,true],"advps-thumb-one":["https:\/\/arantv.az\/wp-content\/uploads\/2023\/09\/FotoJet-2023-09-26T195955.436.jpg",620,413,false]},"rttpg_author":{"display_name":"V\u00fcsal Rafiqo\u011flu","author_link":"https:\/\/arantv.az\/?author=2"},"rttpg_comment":0,"rttpg_category":"<a href=\"https:\/\/arantv.az\/?cat=4\" rel=\"category\">Siyas\u0259t<\/a>","rttpg_excerpt":"Q\u0259rbi Az\u0259rbaycan Xronikas\u0131 layih\u0259si \u00e7\u0259r\u00e7iv\u0259sind\u0259 s\u0259n\u0259t\u015f\u00fcnasl\u0131q \u00fczr\u0259 f\u0259ls\u0259f\u0259 doktoru El\u00e7in \u018flib\u0259ylinin t\u0259qdimat\u0131nda \u201cErm\u0259ni q\u0131zlardan Az\u0259rbaycan etiraf\u0131\u201d adl\u0131 verili\u015f efir\u0259 gedib. Verili\u015fd\u0259 g\u0259nc erm\u0259ni f\u0259al\u0131 Culi Ba\u011fdasaryan v\u0259 ara\u015fd\u0131rma\u00e7\u0131 Meri Aslanyan\u0131n ger\u00e7\u0259k tarixi \u00fcz\u0259 \u00e7\u0131xarmaq ist\u0259kl\u0259rin\u0259 yer verilir. Bildirilir ki, Erm\u0259nistan hakimiyy\u0259ti son 35 ild\u0259 ciddi c\u0259hdl\u0259 Q\u0259rbi Az\u0259rbaycanda Az\u0259rbaycan izl\u0259rini, \u0259halisi, ya\u015fam t\u0259rzi v\u0259 yaratd\u0131\u011f\u0131&hellip;","_links":{"self":[{"href":"https:\/\/arantv.az\/index.php?rest_route=\/wp\/v2\/posts\/637926"}],"collection":[{"href":"https:\/\/arantv.az\/index.php?rest_route=\/wp\/v2\/posts"}],"about":[{"href":"https:\/\/arantv.az\/index.php?rest_route=\/wp\/v2\/types\/post"}],"author":[{"embeddable":true,"href":"https:\/\/arantv.az\/index.php?rest_route=\/wp\/v2\/users\/2"}],"replies":[{"embeddable":true,"href":"https:\/\/arantv.az\/index.php?rest_route=%2Fwp%2Fv2%2Fcomments&post=637926"}],"version-history":[{"count":0,"href":"https:\/\/arantv.az\/index.php?rest_route=\/wp\/v2\/posts\/637926\/revisions"}],"wp:featuredmedia":[{"embeddable":true,"href":"https:\/\/arantv.az\/index.php?rest_route=\/wp\/v2\/media\/637929"}],"wp:attachment":[{"href":"https:\/\/arantv.az\/index.php?rest_route=%2Fwp%2Fv2%2Fmedia&parent=637926"}],"wp:term":[{"taxonomy":"category","embeddable":true,"href":"https:\/\/arantv.az\/index.php?rest_route=%2Fwp%2Fv2%2Fcategories&post=637926"},{"taxonomy":"post_tag","embeddable":true,"href":"https:\/\/arantv.az\/index.php?rest_route=%2Fwp%2Fv2%2Ftags&post=637926"}],"curies":[{"name":"wp","href":"https:\/\/api.w.org\/{rel}","templated":true}]}}