{"id":637928,"date":"2023-09-26T20:48:22","date_gmt":"2023-09-26T16:48:22","guid":{"rendered":"https:\/\/arantv.az\/?p=637928"},"modified":"2023-09-26T20:48:22","modified_gmt":"2023-09-26T16:48:22","slug":"%c9%99ld%c9%99-olunan-razilasmalar-erm%c9%99nil%c9%99rin-reinteqrasiyasi-istiqam%c9%99tind%c9%99-ciddi-ir%c9%99lil%c9%99yisdir-r%c9%99y-foto","status":"publish","type":"post","link":"https:\/\/arantv.az\/?p=637928","title":{"rendered":"\u201c\u018fld\u0259 olunan raz\u0131la\u015fmalar erm\u0259nil\u0259rin reinteqrasiyas\u0131 istiqam\u0259tind\u0259 ciddi ir\u0259lil\u0259yi\u015fdir\u201d &#8211; R\u018fY + FOTO"},"content":{"rendered":"<p>\u201cQaraba\u011fdak\u0131 erm\u0259ni sakinl\u0259rin t\u0259msil\u00e7il\u0259ri il\u0259 Xocal\u0131da ke\u00e7iril\u0259n g\u00f6r\u00fc\u015fd\u0259 \u0259ld\u0259 olunan raz\u0131la\u015fmalar reinteqrasiya prosesi istiqam\u0259tind\u0259 \u0259h\u0259miyy\u0259tli ir\u0259lil\u0259yi\u015f hesab oluna bil\u0259r\u201d.<\/p>\n<p>Bunu \u201cReport\u201d a\u00e7\u0131qlamas\u0131nda siyasi \u015f\u0259rh\u00e7i Asif N\u0259rimanl\u0131 deyib.<\/p>\n<p>Onun s\u00f6zl\u0259rin\u0259 g\u00f6r\u0259, Xank\u0259ndi \u015f\u0259h\u0259ri d\u0259 daxil olmaqla, \u0259razid\u0259 kommunal, s\u0259hiyy\u0259 xidm\u0259tl\u0259ri v\u0259 dig\u0259r m\u00fclki f\u0259aliyy\u0259tl\u0259 m\u0259\u015f\u011ful olan erm\u0259nil\u0259rl\u0259 birlikd\u0259 i\u015f\u00e7i qrupun yarad\u0131lmas\u0131 il\u0259 ba\u011fl\u0131 raz\u0131la\u015fma art\u0131q ciddi n\u0259tic\u0259l\u0259rd\u0259n x\u0259b\u0259r verir: \u201cBu, o dem\u0259kdir ki, Xank\u0259ndi \u015f\u0259h\u0259rinin b\u00fct\u00fcn kommunal xidm\u0259tl\u0259ri Az\u0259rbaycan\u0131n kommunal \u015f\u0259b\u0259k\u0259sin\u0259 birl\u0259\u015fdiril\u0259c\u0259k. Art\u0131q elektrik enerjisinin Az\u0259rbaycandan t\u0259min edilm\u0259si h\u0259yata ke\u00e7irilib, dig\u0259r kommunal xidm\u0259tl\u0259r \u2013 su, qaz, internet, telefon v\u0259 s. d\u0259 t\u0259min olunacaq. H\u0259m\u00e7inin, Xank\u0259ndi yax\u0131nl\u0131\u011f\u0131nda, yaxud Xocal\u0131da s\u0259hra hospital\u0131 qurulacaq, s\u0259hiyy\u0259 xidm\u0259tl\u0259ri Az\u0259rbaycan v\u0259 erm\u0259ni\u0259silli tibbi hey\u0259tin t\u0259r\u0259find\u0259n birg\u0259 t\u0259\u015fkil edil\u0259c\u0259k. Xroniki a\u011f\u0131r x\u0259st\u0259likl\u0259rd\u0259n \u0259ziyy\u0259t \u00e7\u0259k\u0259n v\u0259 ya x\u00fcsusi c\u0259rrahiyy\u0259 \u0259m\u0259liyyat\u0131na ehtiyac\u0131 olan \u015f\u0259xsl\u0259r\u0259 z\u0259ruri tibbi yard\u0131m\u0131n g\u00f6st\u0259rilm\u0259si h\u0259yata ke\u00e7iril\u0259c\u0259k. Az\u0259rbaycan v\u0259 erm\u0259ni\u0259silli tibb i\u015f\u00e7il\u0259rind\u0259n ibar\u0259t s\u0259yyar birg\u0259 h\u0259kim briqadalar\u0131n\u0131n formala\u015fd\u0131r\u0131lmas\u0131, h\u0259min briqadalar t\u0259r\u0259find\u0259n ucqar k\u0259ndl\u0259rd\u0259 t\u0259nha v\u0259 tibbi xidm\u0259t\u0259 ehtiyac\u0131 olan \u015f\u0259xsl\u0259r\u0259 xidm\u0259t g\u00f6st\u0259rilm\u0259si planla\u015fd\u0131r\u0131l\u0131r. Erm\u0259ni sakinl\u0259r\u0259 tibbi xidm\u0259tin g\u00f6st\u0259rilm\u0259si h\u0259m b\u00f6lg\u0259d\u0259 m\u0259rk\u0259zi hakimiyy\u0259tin b\u0259rpas\u0131n\u0131n s\u00fcr\u0259tl\u0259nm\u0259si, h\u0259m d\u0259 \u0259halinin daha rahat v\u0259 keyfiyy\u0259tli xidm\u0259t g\u00f6rm\u0259si bax\u0131m\u0131ndan \u0259h\u0259miyy\u0259tlidir. M\u0259lumdur ki, b\u00f6lg\u0259d\u0259 x\u0259st\u0259l\u0259r, x\u00fcsusil\u0259 xroniki x\u0259st\u0259liyi olanlar, yaxud c\u0259rrahiyy\u0259 \u0259m\u0259liyyat\u0131 olunmaq ist\u0259y\u0259nl\u0259r Erm\u0259nistana \u00fcz tutur. Az\u0259rbaycan humanist m\u00f6vqe s\u0259rgil\u0259y\u0259r\u0259k buna tam \u015f\u0259rait yarad\u0131r, lakin erm\u0259ni sakinl\u0259rin m\u00fcalic\u0259 \u00fc\u00e7\u00fcn ba\u015fqa bir \u00f6lk\u0259y\u0259 getm\u0259si h\u0259m \u00f6lk\u0259miz\u0259 k\u0259nar m\u00fcdaxil\u0259y\u0259 s\u0259b\u0259b olur, h\u0259m d\u0259 onlar\u0131n \u00f6zl\u0259ri \u00fc\u00e7\u00fcn \u00e7\u0259tinlikl\u0259r yarad\u0131r\u201d.<\/p>\n<p>A.N\u0259rimanl\u0131 bildirib ki, s\u0259hra hospital\u0131n\u0131n qurulmas\u0131, xroniki a\u011f\u0131r x\u0259st\u0259likl\u0259rd\u0259n \u0259ziyy\u0259t \u00e7\u0259k\u0259n v\u0259 ya x\u00fcsusi c\u0259rrahiyy\u0259 \u0259m\u0259liyyat\u0131na ehtiyac\u0131 olan \u015f\u0259xsl\u0259r\u0259 z\u0259ruri tibbi yard\u0131m\u0131n g\u00f6st\u0259rilm\u0259si, \u00fcmumilikd\u0259 tibbi xidm\u0259tl\u0259rin erm\u0259ni\u0259silli h\u0259kiml\u0259rl\u0259 birlikd\u0259 h\u0259yata ke\u00e7irilm\u0259sind\u0259n sonra \u0259halinin m\u00fcalic\u0259 \u00fc\u00e7\u00fcn Erm\u0259nistana getm\u0259sin\u0259 ehtiyac qalmayacaq. Bununla Erm\u0259nistan\u0131n tibbi xidm\u0259t ad\u0131 alt\u0131nda \u0259razimiz\u0259 m\u00fcdaxil\u0259sinin qar\u015f\u0131s\u0131 al\u0131nacaq, eyni zamanda, erm\u0259ni sakinl\u0259r daha yax\u015f\u0131 xidm\u0259t g\u00f6r\u0259 bil\u0259c\u0259kl\u0259r.<\/p>\n<p>\u201cTibb m\u0259s\u0259l\u0259si h\u0259m d\u0259 Beyn\u0259lxalq Q\u0131z\u0131l Xa\u00e7 Komit\u0259sinin (BQXK) \u00f6lk\u0259mizd\u0259ki f\u0259aliyy\u0259tini qanunla t\u0259nziml\u0259y\u0259c\u0259k. \u00c7\u00fcnki erm\u0259ni x\u0259st\u0259l\u0259ri Erm\u0259nistana bu komit\u0259 apar\u0131r, buna g\u00f6r\u0259 d\u0259 Xank\u0259ndid\u0259ki n\u00fcmay\u0259nd\u0259liyi \u0130r\u0259van ofisi il\u0259 i\u015fl\u0259yir. Halbuki, bu, n\u0259 Az\u0259rbaycan qanunvericiliyin\u0259, n\u0259 d\u0259 beyn\u0259lxalq h\u00fcquqa uy\u011fundur. Erm\u0259ni sakinl\u0259r\u0259 tibbi xidm\u0259tin \u00f6z \u0259razimizd\u0259 g\u00f6st\u0259rilm\u0259si BQXK-n\u0131n Xank\u0259ndid\u0259ki n\u00fcmay\u0259nd\u0259liyinin f\u0259aliyy\u0259tinin Bak\u0131da ofisi t\u0259r\u0259find\u0259n koordinasiya edilm\u0259sin\u0259 z\u0259min yarad\u0131r, bu da \u00f6lk\u0259 qanunvericiliyin\u0259 uy\u011fundur.<\/p>\n<p>&nbsp;<\/p>\n<div class=\"gallery\">\n<div class=\"gallery-i\"><img src=\"https:\/\/cdn.oxu.az\/uploads\/W1siZiIsIjIwMjMvMDkvMjYvMTcvNTgvNTUvYzAyZmQwNDQtNzA3OC00YWE3LWFiNTAtNmViODgyNWZhN2Q5LzE1MmQwZGUyLWVkYTYtM2MxMi1hNDYwLTFiMjU0YzY5M2NiMy5qcGciXSxbInAiLCJlbmNvZGUiLCJqcGciLCItcXVhbGl0eSA4MCJdLFsicCIsInRodW1iIiwiNTkweDU5MFx1MDAzZSJdXQ?sha=b8c3aca758d7e2fc\" alt=\"\" \/><\/p>\n<div class=\"gallery-i-caption\"><\/div>\n<\/div>\n<\/div>\n<p>Az\u0259rbaycan \u00f6z v\u0259t\u0259nda\u015flar\u0131n\u0131n y\u00fcks\u0259k s\u0259viyy\u0259li tibbi xidm\u0259t g\u00f6rm\u0259si, \u00fcmumiyy\u0259tl\u0259 b\u00fct\u00fcn probleml\u0259rinin h\u0259ll edilm\u0259si istiqam\u0259tind\u0259 \u00e7al\u0131\u015f\u0131r. Mobil qida t\u0259minat\u0131 xidm\u0259tinin yarad\u0131lmas\u0131 t\u0259klifi d\u0259 buna hesablan\u0131b. Burada \u0259sas diqq\u0259t\u00e7\u0259k\u0259n m\u0259qam Az\u0259rbaycan\u0131n m\u0259rk\u0259zi hakimiyy\u0259tinin m\u00f6vcud v\u0259ziyy\u0259t\u0259 uy\u011fun add\u0131ma, erm\u0259ni sakinl\u0259rin probleml\u0259rini maksimum s\u00fcr\u0259tli h\u0259llin\u0259 nail olmaqd\u0131r. Mobil qida t\u0259minat\u0131 xidm\u0259tinin, el\u0259c\u0259 d\u0259 s\u0259hra hospital\u0131n\u0131n yarad\u0131lmas\u0131 t\u0259klifl\u0259ri d\u0259 bunu dem\u0259y\u0259 \u0259sas verir\u201d, &#8211; ekspert qeyd edib.<\/p>\n<p>Onun fikrinc\u0259, \u00fcmumiyy\u0259tl\u0259, Az\u0259rbaycan\u0131n m\u0259rk\u0259zi hakimiyy\u0259ti Qaraba\u011fda erm\u0259ni sakinl\u0259rin reinteqrasiya m\u0259s\u0259l\u0259sind\u0259 inklyuziv yana\u015fman\u0131 n\u00fcmay\u0131\u015f etdirir: \u201cArt\u0131q Qaraba\u011fda yeni reall\u0131qlar yaran\u0131b v\u0259 m\u0259rk\u0259zi hakimiyy\u0259tin b\u0259rpas\u0131 s\u00fcr\u0259tl\u0259 h\u0259yata ke\u00e7irilir, bunun alternativi yoxdur. Erm\u0259ni sakinl\u0259rin n\u00fcmay\u0259nd\u0259l\u0259ri bu proses\u0259 mane olma\u011fa \u00e7al\u0131\u015fsalar, bundan \u00f6nc\u0259 \u0259hali \u0259ziyy\u0259t \u00e7\u0259k\u0259 bil\u0259r. Reinteqrasiya prosesinin h\u0259yata ke\u00e7irilm\u0259si m\u0259qs\u0259dil\u0259 ke\u00e7iril\u0259n iki g\u00f6r\u00fc\u015fd\u0259 erm\u0259ni \u0259halinin ist\u0259kl\u0259rinin qar\u015f\u0131lanmas\u0131 v\u0259 r\u0259smi Bak\u0131n\u0131n humanitar f\u0259aliyy\u0259t\u0259 hesablanm\u0131\u015f t\u0259klifl\u0259ri d\u0259 g\u00f6st\u0259rir ki, Az\u0259rbaycan\u0131n prioritet m\u0259qs\u0259di erm\u0259ni sakinl\u0259rin t\u0259minat\u0131, onlar\u0131n daha yax\u015f\u0131 \u015f\u0259rtl\u0259rd\u0259 ya\u015famas\u0131d\u0131r.<\/p>\n<p>V\u0259t\u0259nda\u015f c\u0259miyy\u0259ti dialoqu platformas\u0131n\u0131n yarad\u0131lmas\u0131, Qaraba\u011f iqtisadi rayonunda ya\u015fayan erm\u0259ni\u0259silli v\u0259t\u0259nda\u015f c\u0259miyy\u0259ti t\u0259msil\u00e7il\u0259ri v\u0259 ictimai f\u0259allar\u0131n Bak\u0131ya v\u0259 ya Az\u0259rbaycan\u0131n dig\u0259r \u015f\u0259h\u0259rl\u0259rin\u0259 s\u0259f\u0259rl\u0259rinin t\u0259\u015fkil edilm\u0259si t\u0259klifi d\u0259 reinteqrasiya prosesind\u0259 \u0259n \u0259h\u0259miyy\u0259tli kompenentl\u0259rd\u0259ndir. Bel\u0259 bir platforman\u0131n yarad\u0131lmas\u0131 erm\u0259ni sakinl\u0259rl\u0259 t\u0259maslar\u0131n g\u00fccl\u0259nm\u0259sin\u0259 v\u0259 onlar\u0131n h\u0259m h\u00fcquqlar\u0131n\u0131n t\u0259min edilm\u0259si, h\u0259m d\u0259 ehtiyaclar\u0131n\u0131n qar\u015f\u0131lanmas\u0131nda m\u00fch\u00fcm rol oynaya bil\u0259r\u201d.<\/p>\n","protected":false},"excerpt":{"rendered":"<p>\u201cQaraba\u011fdak\u0131 erm\u0259ni sakinl\u0259rin t\u0259msil\u00e7il\u0259ri il\u0259 Xocal\u0131da ke\u00e7iril\u0259n g\u00f6r\u00fc\u015fd\u0259 \u0259ld\u0259 olunan raz\u0131la\u015fmalar reinteqrasiya prosesi istiqam\u0259tind\u0259 \u0259h\u0259miyy\u0259tli ir\u0259lil\u0259yi\u015f hesab oluna bil\u0259r\u201d. Bunu \u201cReport\u201d a\u00e7\u0131qlamas\u0131nda siyasi \u015f\u0259rh\u00e7i Asif N\u0259rimanl\u0131 deyib. Onun s\u00f6zl\u0259rin\u0259 g\u00f6r\u0259, Xank\u0259ndi \u015f\u0259h\u0259ri d\u0259 daxil olmaqla, \u0259razid\u0259 kommunal, s\u0259hiyy\u0259 xidm\u0259tl\u0259ri v\u0259 dig\u0259r m\u00fclki f\u0259aliyy\u0259tl\u0259 m\u0259\u015f\u011ful olan erm\u0259nil\u0259rl\u0259 birlikd\u0259 i\u015f\u00e7i qrupun yarad\u0131lmas\u0131 il\u0259 ba\u011fl\u0131 raz\u0131la\u015fma art\u0131q ciddi n\u0259tic\u0259l\u0259rd\u0259n x\u0259b\u0259r verir: \u201cBu, o dem\u0259kdir ki, Xank\u0259ndi \u015f\u0259h\u0259rinin b\u00fct\u00fcn kommunal xidm\u0259tl\u0259ri Az\u0259rbaycan\u0131n kommunal \u015f\u0259b\u0259k\u0259sin\u0259 birl\u0259\u015fdiril\u0259c\u0259k. Art\u0131q elektrik enerjisinin Az\u0259rbaycandan t\u0259min edilm\u0259si h\u0259yata ke\u00e7irilib, dig\u0259r kommunal xidm\u0259tl\u0259r \u2013 su, qaz, internet, telefon v\u0259 s. d\u0259&hellip;<\/p>\n","protected":false},"author":2,"featured_media":637932,"comment_status":"closed","ping_status":"closed","sticky":false,"template":"","format":"standard","meta":{"om_disable_all_campaigns":false,"_monsterinsights_skip_tracking":false,"_monsterinsights_sitenote_active":false,"_monsterinsights_sitenote_note":"","_monsterinsights_sitenote_category":0},"categories":[4],"tags":[],"aioseo_notices":[],"gutentor_comment":0,"rttpg_featured_image_url":{"full":["https:\/\/arantv.az\/wp-content\/uploads\/2023\/09\/a6b45983-c19d-3f2d-be0b-0a8c0ba38485_850-1.jpg",620,413,false],"landscape":["https:\/\/arantv.az\/wp-content\/uploads\/2023\/09\/a6b45983-c19d-3f2d-be0b-0a8c0ba38485_850-1.jpg",620,413,false],"portraits":["https:\/\/arantv.az\/wp-content\/uploads\/2023\/09\/a6b45983-c19d-3f2d-be0b-0a8c0ba38485_850-1.jpg",620,413,false],"thumbnail":["https:\/\/arantv.az\/wp-content\/uploads\/2023\/09\/a6b45983-c19d-3f2d-be0b-0a8c0ba38485_850-1-500x280.jpg",500,280,true],"medium":["https:\/\/arantv.az\/wp-content\/uploads\/2023\/09\/a6b45983-c19d-3f2d-be0b-0a8c0ba38485_850-1-548x365.jpg",548,365,true],"large":["https:\/\/arantv.az\/wp-content\/uploads\/2023\/09\/a6b45983-c19d-3f2d-be0b-0a8c0ba38485_850-1.jpg",620,413,false],"1536x1536":["https:\/\/arantv.az\/wp-content\/uploads\/2023\/09\/a6b45983-c19d-3f2d-be0b-0a8c0ba38485_850-1.jpg",620,413,false],"2048x2048":["https:\/\/arantv.az\/wp-content\/uploads\/2023\/09\/a6b45983-c19d-3f2d-be0b-0a8c0ba38485_850-1.jpg",620,413,false],"post-thumbnail":["https:\/\/arantv.az\/wp-content\/uploads\/2023\/09\/a6b45983-c19d-3f2d-be0b-0a8c0ba38485_850-1-240x172.jpg",240,172,true],"advps-thumb-one":["https:\/\/arantv.az\/wp-content\/uploads\/2023\/09\/a6b45983-c19d-3f2d-be0b-0a8c0ba38485_850-1.jpg",620,413,false]},"rttpg_author":{"display_name":"V\u00fcsal Rafiqo\u011flu","author_link":"https:\/\/arantv.az\/?author=2"},"rttpg_comment":0,"rttpg_category":"<a href=\"https:\/\/arantv.az\/?cat=4\" rel=\"category\">Siyas\u0259t<\/a>","rttpg_excerpt":"\u201cQaraba\u011fdak\u0131 erm\u0259ni sakinl\u0259rin t\u0259msil\u00e7il\u0259ri il\u0259 Xocal\u0131da ke\u00e7iril\u0259n g\u00f6r\u00fc\u015fd\u0259 \u0259ld\u0259 olunan raz\u0131la\u015fmalar reinteqrasiya prosesi istiqam\u0259tind\u0259 \u0259h\u0259miyy\u0259tli ir\u0259lil\u0259yi\u015f hesab oluna bil\u0259r\u201d. Bunu \u201cReport\u201d a\u00e7\u0131qlamas\u0131nda siyasi \u015f\u0259rh\u00e7i Asif N\u0259rimanl\u0131 deyib. Onun s\u00f6zl\u0259rin\u0259 g\u00f6r\u0259, Xank\u0259ndi \u015f\u0259h\u0259ri d\u0259 daxil olmaqla, \u0259razid\u0259 kommunal, s\u0259hiyy\u0259 xidm\u0259tl\u0259ri v\u0259 dig\u0259r m\u00fclki f\u0259aliyy\u0259tl\u0259 m\u0259\u015f\u011ful olan erm\u0259nil\u0259rl\u0259 birlikd\u0259 i\u015f\u00e7i qrupun yarad\u0131lmas\u0131 il\u0259 ba\u011fl\u0131 raz\u0131la\u015fma art\u0131q ciddi&hellip;","_links":{"self":[{"href":"https:\/\/arantv.az\/index.php?rest_route=\/wp\/v2\/posts\/637928"}],"collection":[{"href":"https:\/\/arantv.az\/index.php?rest_route=\/wp\/v2\/posts"}],"about":[{"href":"https:\/\/arantv.az\/index.php?rest_route=\/wp\/v2\/types\/post"}],"author":[{"embeddable":true,"href":"https:\/\/arantv.az\/index.php?rest_route=\/wp\/v2\/users\/2"}],"replies":[{"embeddable":true,"href":"https:\/\/arantv.az\/index.php?rest_route=%2Fwp%2Fv2%2Fcomments&post=637928"}],"version-history":[{"count":0,"href":"https:\/\/arantv.az\/index.php?rest_route=\/wp\/v2\/posts\/637928\/revisions"}],"wp:featuredmedia":[{"embeddable":true,"href":"https:\/\/arantv.az\/index.php?rest_route=\/wp\/v2\/media\/637932"}],"wp:attachment":[{"href":"https:\/\/arantv.az\/index.php?rest_route=%2Fwp%2Fv2%2Fmedia&parent=637928"}],"wp:term":[{"taxonomy":"category","embeddable":true,"href":"https:\/\/arantv.az\/index.php?rest_route=%2Fwp%2Fv2%2Fcategories&post=637928"},{"taxonomy":"post_tag","embeddable":true,"href":"https:\/\/arantv.az\/index.php?rest_route=%2Fwp%2Fv2%2Ftags&post=637928"}],"curies":[{"name":"wp","href":"https:\/\/api.w.org\/{rel}","templated":true}]}}