{"id":638083,"date":"2023-09-27T09:11:10","date_gmt":"2023-09-27T05:11:10","guid":{"rendered":"https:\/\/arantv.az\/?p=638083"},"modified":"2023-09-27T09:11:10","modified_gmt":"2023-09-27T05:11:10","slug":"biz-hec-vaxt-tariximizi-t%c9%99hrif-etm%c9%99m%c9%99liyik","status":"publish","type":"post","link":"https:\/\/arantv.az\/?p=638083","title":{"rendered":"Biz he\u00e7 vaxt tariximizi t\u0259hrif etm\u0259m\u0259liyik"},"content":{"rendered":"<p><em><strong>D\u00f6vl\u0259t ba\u015f\u00e7\u0131s\u0131 \u0130lham \u018fliyev bu \u00e7a\u011f\u0131r\u0131\u015f\u0131 edir ki, nec\u0259 vaxtil\u0259 Qaraba\u011f m\u00f6vzusu b\u00fct\u00fcn Az\u0259rbaycan xalq\u0131n\u0131 birl\u0259\u015fdirdi v\u0259 biz ist\u0259yimiz\u0259 nail olduq, eyni yana\u015fman\u0131 Q\u0259rbi Az\u0259rbaycana qay\u0131d\u0131\u015fda da g\u00f6rm\u0259liyik<\/strong><\/em><\/p>\n<p>\u00ab\u018flb\u0259tt\u0259 ki, Qaraba\u011f d\u0259rdi, problemi olan yerd\u0259 Q\u0259rbi az\u0259rbaycanl\u0131lar\u0131n h\u00fcquqlar\u0131ndan dan\u0131\u015fmaq b\u0259lk\u0259 d\u0259 vaxt\u0131ndan \u0259vv\u0259l at\u0131lan bir at\u0259\u015f\u0259 b\u0259nz\u0259y\u0259 bil\u0259rdi. Amma bu g\u00fcn hesab edir\u0259m ki, biz tam haql\u0131 olaraq bu m\u00f6vzunu art\u0131q beyn\u0259lxalq arenaya \u00e7\u0131xarm\u0131\u015f\u0131q.\u00bb D\u00f6vl\u0259t ba\u015f\u00e7\u0131s\u0131 \u0130lham \u018fliyev bu ilin \u0259vv\u0259lind\u0259 yerli televiziya kanallar\u0131na m\u00fcsahib\u0259sind\u0259 h\u0259d\u0259fl\u0259ri a\u00e7\u0131lqlayark\u0259n bu m\u0259qam\u0131 x\u00fcsusi qeyd etmi\u015fdir ki, \u0259lb\u0259tt\u0259, Q\u0259rbi az\u0259rbaycanl\u0131lar \u00f6z d\u0259d\u0259-baba torpaqlar\u0131na qay\u0131tmal\u0131d\u0131rlar. Bu, onlar\u0131n h\u00fcququdur, b\u00fct\u00fcn beyn\u0259lxalq konvensiyalar bu h\u00fcququ onlar \u00fc\u00e7\u00fcn tan\u0131y\u0131r. Biz d\u0259 Az\u0259rbaycan d\u00f6vl\u0259ti olaraq \u0259limizd\u0259n g\u0259l\u0259ni etm\u0259liyik ki, bu h\u00fcququ t\u0259min ed\u0259k. O da m\u0259lumdur ki, \u00f6t\u0259n ilin 24 dekabr tarixind\u0259 d\u00f6vl\u0259t ba\u015f\u00e7\u0131s\u0131 \u0130lham \u018fliyev Q\u0259rbi Az\u0259rbaycandan olan bir qrup ziyal\u0131 il\u0259 g\u00f6r\u00fc\u015f\u00fcnd\u0259 bildirmi\u015fdir ki, biz bunu s\u00fclh yolu il\u0259 etm\u0259k ist\u0259yirik v\u0259 \u0259min\u0259m ki, buna nail olaca\u011f\u0131q: \u00ab\u00c7\u00fcnki bu g\u00fcn bizim m\u0259kanda, \u00fcmumiyy\u0259tl\u0259, Avrasiya m\u0259kan\u0131nda monod\u00f6vl\u0259tl\u0259r yoxdur v\u0259 Erm\u0259nistan \u00fc\u00e7\u00fcn d\u0259 yax\u015f\u0131 olar ki, nec\u0259 dey\u0259rl\u0259r, bu monod\u00f6vl\u0259t dam\u011fas\u0131n\u0131 \u00f6z \u00fcz\u0259rind\u0259n g\u00f6t\u00fcrs\u00fcn. Bunun \u0259n yax\u015f\u0131 v\u0259 \u0259n \u0259dal\u0259tli yolu Q\u0259rbi az\u0259rbaycanl\u0131lar\u0131n \u00f6z do\u011fma torpaqlar\u0131na qay\u0131tmalar\u0131d\u0131r.\u00bb<\/p>\n<p>Bu reall\u0131q inkaredilm\u0259zdir ki, xalq\u0131m\u0131z \u0259srl\u0259r boyu \u00f6z h\u00fcquqlar\u0131n\u0131 qorumaq, \u00f6z tarixi torpaqlar\u0131nda ya\u015famaq \u00fc\u00e7\u00fcn b\u00f6y\u00fck f\u0259dakarl\u0131q g\u00f6st\u0259rmi\u015fdir. Ancaq buna baxmayaraq, tarixin m\u00fcxt\u0259lif vaxtlar\u0131nda xalq\u0131m\u0131z \u00f6z do\u011fma torpaqlar\u0131ndan m\u0259hrum edilmi\u015fdir. XX \u0259sr bu bax\u0131mdan xalq\u0131m\u0131z \u00fc\u00e7\u00fcn \u00e7ox b\u00f6y\u00fck faci\u0259l\u0259r g\u0259tirmi\u015fdir. 1918-ci ild\u0259 yeni yarad\u0131lm\u0131\u015f Az\u0259rbaycan Xalq C\u00fcmhuriyy\u0259ti \u00f6z\u00fcn\u00fcn ilk q\u0259rarlar\u0131ndan birind\u0259 tarixi \u015f\u0259h\u0259rimizi \u2013 \u0130r\u0259van\u0131 Erm\u0259nistana faktiki olaraq ba\u011f\u0131\u015flam\u0131\u015fd\u0131r. D\u00f6vl\u0259t ba\u015f\u00e7\u0131s\u0131 bildirir ki, bu, ba\u011f\u0131\u015flanmaz bir add\u0131m, x\u0259yan\u0259t v\u0259 cinay\u0259t idi: \u00abBunu biz ham\u0131m\u0131z yax\u015f\u0131 bilirik, xalq\u0131m\u0131z da bunu bilm\u0259lidir. Biz he\u00e7 vaxt tariximizi t\u0259hrif etm\u0259m\u0259liyik.\u00bb<\/p>\n<p>Erm\u0259ni mill\u0259t\u00e7il\u0259ri tarixin m\u00fcxt\u0259lif m\u0259rh\u0259l\u0259l\u0259rind\u0259 mifik \u201cb\u00f6y\u00fck Erm\u0259nistan\u201d ideyas\u0131n\u0131 ger\u00e7\u0259kl\u0259\u015fdirm\u0259k m\u0259qs\u0259dil\u0259 soyda\u015flar\u0131m\u0131za qar\u015f\u0131 etnik t\u0259mizl\u0259m\u0259, deportasiya v\u0259 soyq\u0131r\u0131mlar\u0131 h\u0259yata ke\u00e7iribl\u0259r. Az\u0259rbaycan xalq\u0131n\u0131n ba\u015f\u0131na g\u0259tiril\u0259n \u0259n d\u0259h\u015f\u0259tli faci\u0259l\u0259rd\u0259n biri d\u0259 105 il bundan \u0259vv\u0259l &#8211; 1918-ci ilin mart-aprel aylar\u0131nda Bak\u0131 Sovetinin mandat\u0131 alt\u0131nda f\u0259aliyy\u0259t g\u00f6st\u0259r\u0259n da\u015fnak-bol\u015fevik silahl\u0131 d\u0259st\u0259l\u0259ri t\u0259r\u0259find\u0259n x\u00fcsusi q\u0259ddarl\u0131qla t\u00f6r\u0259dilmi\u015f k\u00fctl\u0259vi q\u0131r\u011f\u0131nlard\u0131r. H\u0259min g\u00fcnl\u0259rd\u0259 Bak\u0131 \u015f\u0259h\u0259rind\u0259, habel\u0259 Bak\u0131 quberniyas\u0131na daxil olan dig\u0259r \u015f\u0259h\u0259r v\u0259 q\u0259zalarda on minl\u0259rl\u0259 dinc sakin m\u0259hz etnik v\u0259 dini m\u0259nsubiyy\u0259tin\u0259 g\u00f6r\u0259 q\u0259tl\u0259 yetirilib, ya\u015fay\u0131\u015f m\u0259nt\u0259q\u0259l\u0259ri da\u011f\u0131d\u0131l\u0131b, m\u0259d\u0259niyy\u0259t abid\u0259l\u0259ri, m\u0259scid v\u0259 q\u0259biristanl\u0131qlar yerl\u0259-yeksan edilib. Sonrak\u0131 d\u00f6vrl\u0259rd\u0259 daha da az\u011f\u0131nla\u015fan erm\u0259ni mill\u0259t\u00e7il\u0259ri qeyri-insani \u0259m\u0259ll\u0259rini davam etdirib, Qaraba\u011f, Z\u0259ng\u0259zur, Nax\u00e7\u0131van, \u015eirvan, \u0130r\u0259van v\u0259 dig\u0259r b\u00f6lg\u0259l\u0259rd\u0259 k\u00fctl\u0259vi q\u0259tll\u0259r, talanlar v\u0259 etnik t\u0259mizl\u0259m\u0259l\u0259r h\u0259yata ke\u00e7iribl\u0259r. Az\u0259rbaycan Xalq C\u00fcmhuriyy\u0259tinin h\u00f6kum\u0259ti erm\u0259nil\u0259rin t\u00f6r\u0259tdikl\u0259ri a\u011f\u0131r cinay\u0259tl\u0259rin ara\u015fd\u0131r\u0131lmas\u0131 \u00fc\u00e7\u00fcn F\u00f6vq\u0259lad\u0259 \u0130stintaq Komissiyas\u0131 yarad\u0131b, komissiyan\u0131n \u00fcz\u0259 \u00e7\u0131xard\u0131\u011f\u0131 h\u0259qiq\u0259tl\u0259rin xalq\u0131n yadda\u015f\u0131nda hifz edilm\u0259si v\u0259 d\u00fcnya ictimaiyy\u0259tin\u0259 \u00e7atd\u0131r\u0131lmas\u0131 \u00fc\u00e7\u00fcn bir s\u0131ra t\u0259dbirl\u0259r g\u00f6r\u00fcb. Lakin Xalq C\u00fcmhuriyy\u0259tinin s\u00fcqutundan sonra bu proses dayand\u0131r\u0131l\u0131b, ba\u015f ver\u0259nl\u0259rin sona q\u0259d\u0259r t\u0259hqiq edilm\u0259sinin v\u0259 ona m\u00fcvafiq siyasi-h\u00fcquqi qiym\u0259t verilm\u0259sinin qar\u015f\u0131s\u0131 al\u0131n\u0131b. Yaln\u0131z 80 il sonra &#8211; 1998-ci il mart\u0131n 26-da \u00dcmummilli Lider Heyd\u0259r \u018fliyevin imzalad\u0131\u011f\u0131 \u201cAz\u0259rbaycanl\u0131lar\u0131n soyq\u0131r\u0131m\u0131 haqq\u0131nda\u201d Az\u0259rbaycan Respublikas\u0131 Prezidentinin F\u0259rman\u0131nda h\u0259min d\u0259h\u015f\u0259tli hadis\u0259l\u0259r\u0259 adekvat siyasi qiym\u0259t verilib v\u0259 31 mart \u201cAz\u0259rbaycanl\u0131lar\u0131n Soyq\u0131r\u0131m\u0131 G\u00fcn\u00fc\u201d elan edilib. \u00d6t\u0259n 25 il \u0259rzind\u0259 apar\u0131lm\u0131\u015f ara\u015fd\u0131rmalar say\u0259sind\u0259 \u00e7oxlu sayda yeni faktlar v\u0259 s\u0259n\u0259dl\u0259r toplan\u0131b, Quba \u015f\u0259h\u0259rind\u0259 k\u00fctl\u0259vi m\u0259zarl\u0131q a\u015fkar olunub. \u00dcz\u0259 \u00e7\u0131xm\u0131\u015f tarixi faktlar 1918-ci ilin mart &#8211; aprel aylar\u0131nda v\u0259 sonrak\u0131 d\u00f6vrl\u0259rd\u0259 erm\u0259ni mill\u0259t\u00e7il\u0259rinin h\u0259yata ke\u00e7irdikl\u0259ri qanl\u0131 aksiyalar\u0131n co\u011frafiyas\u0131n\u0131n daha geni\u015f v\u0259 faci\u0259 qurbanlar\u0131n\u0131n say\u0131n\u0131n qat-qat \u00e7ox oldu\u011funu s\u00fcbut edib.<\/p>\n<p>1948-1953-c\u00fc ill\u0259rd\u0259 soyda\u015flar\u0131m\u0131z\u0131n Q\u0259rbi Az\u0259rbaycandan \u00e7\u0131xar\u0131lmas\u0131 \u00ab\u0259n\u0259n\u0259sini\u00bb davam etdir\u0259n da\u015fnaklar soyda\u015flar\u0131m\u0131z\u0131n n\u00f6vb\u0259ti deportasiyas\u0131n\u0131 h\u0259yata ke\u00e7irdil\u0259r. 1945-ci ild\u0259 iqtisadi \u0259laq\u0259l\u0259r b\u0259han\u0259 g\u0259tirilm\u0259kl\u0259 Qaraba\u011f\u0131n Erm\u0259nistanla birl\u0259\u015fdirilm\u0259si t\u0259klifl\u0259ri r\u0259dd edildiyin\u0259 g\u00f6r\u0259 erm\u0259nil\u0259r niyy\u0259tl\u0259rin\u0259 \u00e7atmaq \u00fc\u00e7\u00fcn ba\u015fqa hiyl\u0259l\u0259r\u0259 \u0259l atd\u0131lar. Suriyadan, Yunan\u0131standan, Livandan, \u0130randan, \u0130raqdan 35. 400 erm\u0259nini Erm\u0259nistana k\u00f6\u00e7\u00fcrd\u00fcl\u0259r. 1948-1952-ci ill\u0259rd\u0259 Q\u0259rbi Az\u0259rbaycan\u0131n \u0259sas\u0259n da\u011f \u0259razil\u0259rind\u0259n \u00e7\u0131xar\u0131lan 100 min soyda\u015f\u0131m\u0131z\u0131n \u0259ks\u0259riyy\u0259ti aran zonas\u0131n\u0131n isti hava \u015f\u0259raitin\u0259 d\u00f6zm\u0259y\u0259r\u0259k h\u0259yatlar\u0131n\u0131 itirdi. XX \u0259srin sonlar\u0131nda SSR\u0130-nin r\u0259hb\u0259ri Mixail Qorba\u00e7ovun xain plan\u0131 olan yenid\u0259nqurma v\u0259 a\u015fkarl\u0131q prosesl\u0259rinin h\u0259yata ke\u00e7irilm\u0259si da\u015fnaklar \u00fc\u00e7\u00fcn \u0259lav\u0259 f\u00fcrs\u0259t yaratd\u0131. 1945-ci ild\u0259ki taktika davam etdirildi. Erm\u0259ni mill\u0259t\u00e7il\u0259ri az\u0259rbaycanl\u0131lar\u0131n Erm\u0259nistandan bird\u0259f\u0259lik \u00e7\u0131xar\u0131lmas\u0131 v\u0259 Qaraba\u011f\u0131n Erm\u0259nistana birl\u0259\u015fdirilm\u0259si il\u0259 ba\u011fl\u0131 art\u0131q tarix\u0259 qovu\u015fmu\u015f ke\u00e7mi\u015f \u00abDa\u011fl\u0131q Qaraba\u011f Muxtar Vilay\u0259ti\u00bbnd\u0259 v\u0259 \u0130r\u0259vanda k\u00fctl\u0259vi aksiyalar t\u0259\u015fkil etdil\u0259r. 1988-ci ild\u0259 70 n\u0259f\u0259r soyda\u015f\u0131m\u0131z\u0131n, o c\u00fcml\u0259d\u0259n 21 qad\u0131n v\u0259 6 u\u015fa\u011f\u0131n, \u00f6ld\u00fcr\u00fclm\u0259si il\u0259 n\u0259tic\u0259l\u0259n\u0259n Qukark faci\u0259si son olmad\u0131. Vardenisd\u0259, Yerevanda, Masisd\u0259, Kalinind\u0259, Kacaranda, Qafanda, Kirovakanda, Gorusda, Sisyanda, Amasyada, Alaverdid\u0259 t\u00f6r\u0259dilmi\u015f qanl\u0131 hadis\u0259l\u0259r n\u0259tic\u0259sind\u0259 250.000 az\u0259rbaycanl\u0131 da\u015fnaklar\u0131n etnik t\u0259mizl\u0259m\u0259 siyas\u0259tinin qurban\u0131 kimi Q\u0259rbi Az\u0259rbaycan\u0131 t\u0259rk etm\u0259y\u0259 m\u0259cbur qald\u0131lar. Erm\u0259nil\u0259rin havadar\u0131 Mixail Qorba\u00e7ovun g\u00f6st\u0259ri\u015fi il\u0259 Q\u0259rbi Az\u0259rbaycandan \u00e7\u0131xar\u0131lan soyda\u015flar\u0131m\u0131z Qaraba\u011fda deyil, \u00e7ad\u0131rlarda yerl\u0259\u015fdirildil\u0259r. 18 fevral 1929-cu ild\u0259 Erm\u0259nistana verilmi\u015f N\u00fcv\u0259di k\u0259ndind\u0259n az\u0259rbaycanl\u0131 \u0259halinin 1991-ci il avqustun 8-d\u0259 \u00e7\u0131xar\u0131lmas\u0131 il\u0259 da\u015fnaklar\u0131n \u00abaz\u0259rbaycanl\u0131lars\u0131z Erm\u0259nistan\u00bb ideyas\u0131 tam h\u0259ll olundu. 1988-ci ild\u0259n sonra Erm\u0259nistan\u0131n h\u0259rbi t\u0259cav\u00fcz\u00fc n\u0259tic\u0259sind\u0259 Az\u0259rbaycan\u0131n torpaqlar\u0131n\u0131n 20 faizi i\u015f\u011fal edildi. 1 milyona q\u0259d\u0259r soyda\u015f\u0131m\u0131z do\u011fma torpa\u011f\u0131nda qa\u00e7q\u0131n, k\u00f6\u00e7k\u00fcn kimi ya\u015fama\u011fa m\u0259cbur oldu. XIX- XX \u0259srl\u0259rd\u0259 da\u015fnaklar\u0131n h\u0259yata ke\u00e7irdikl\u0259ri \u015fovinist, etnik t\u0259mizl\u0259m\u0259 siyas\u0259ti xalq\u0131m\u0131za Xocal\u0131 soyq\u0131r\u0131m\u0131n\u0131, biri-birind\u0259n d\u0259h\u015f\u0259tli faci\u0259l\u0259r ya\u015fatd\u0131.<\/p>\n<p>Prezident \u0130lham \u018fliyev Q\u0259rbi Az\u0259rbaycandan olan bir qrup ziyal\u0131 il\u0259 g\u00f6r\u00fc\u015f\u00fcnd\u0259 Erm\u0259nistan\u0131n Az\u0259rbaycan torpaqlar\u0131n\u0131 z\u0259bt etm\u0259si, soyda\u015flar\u0131m\u0131z\u0131n ata yurdlar\u0131ndan \u00e7\u0131xar\u0131lmas\u0131 il\u0259 ba\u011fl\u0131 tarixi faktlar\u0131 diqq\u0259t\u0259 \u00e7atd\u0131raraq da\u015fnaklar\u0131n 1948-1953-c\u00fc ill\u0259rd\u0259 xalq\u0131m\u0131za qar\u015f\u0131 h\u0259yata ke\u00e7iril\u0259n deportasiyalar\u0131n\u0131 n\u00f6vb\u0259ti cinay\u0259t, \u0259dal\u0259tsizlik adland\u0131rd\u0131: \u00abN\u0259hay\u0259t 1980-ci ill\u0259rin sonlar\u0131nda sovet h\u00f6kum\u0259ti xalq\u0131m\u0131za qar\u015f\u0131 n\u00f6vb\u0259ti cinay\u0259t t\u00f6r\u0259tdi. Bu d\u0259f\u0259 Ulu \u00d6nd\u0259r Heyd\u0259r \u018fliyevin hakimiyy\u0259td\u0259n getm\u0259sind\u0259n istifad\u0259 ed\u0259n h\u0259m erm\u0259ni mill\u0259t\u00e7il\u0259ri, h\u0259m onlar\u0131n sovet h\u00f6kum\u0259tind\u0259ki havadarlar\u0131 d\u0259rhal h\u0259r\u0259k\u0259t\u0259 ke\u00e7dil\u0259r. Heyd\u0259r \u018fliyev 1987-ci ilin noyabr\u0131nda b\u00fct\u00fcn v\u0259zif\u0259l\u0259rd\u0259n uzaqla\u015fd\u0131r\u0131landan iki h\u0259ft\u0259 sonra erm\u0259ni mill\u0259t\u00e7il\u0259ri ba\u015f qald\u0131rd\u0131lar. Sovet h\u00f6kum\u0259ti onlara d\u0259st\u0259k oldu v\u0259 h\u0259m Qaraba\u011fda, h\u0259m ovaxtk\u0131 Erm\u0259nistan Respublikas\u0131nda xalq\u0131m\u0131za qar\u015f\u0131 n\u00f6vb\u0259ti cinay\u0259t ba\u015fland\u0131. Az\u0259rbaycanl\u0131lar tarixi diyar\u0131 olan Q\u0259rbi Az\u0259rbaycandan deportasiya edildi v\u0259 biz bu tarixi yax\u015f\u0131 bilirik, xat\u0131rlay\u0131r\u0131q v\u0259 az\u0259rbaycanl\u0131lar\u0131n ya\u015fad\u0131qlar\u0131 o m\u0259nt\u0259q\u0259l\u0259rin say\u0131n\u0131 da yax\u015f\u0131 bilirik &#8211; 170-d\u0259n \u00e7ox k\u0259ndd\u0259 ancaq az\u0259rbaycanl\u0131lar ya\u015fay\u0131rd\u0131lar. M\u0259n ovaxtk\u0131 Erm\u0259nistan\u0131 n\u0259z\u0259rd\u0259 tuturam, Erm\u0259nistan Respublikas\u0131n\u0131 n\u0259z\u0259rd\u0259 tuturam, 90-a yax\u0131n k\u0259ndd\u0259 az\u0259rbaycanl\u0131lar \u0259ks\u0259riyy\u0259t t\u0259\u015fkil edirdil\u0259r v\u0259 b\u00fct\u00f6vl\u00fckd\u0259 300-d\u0259n \u00e7ox \u015f\u0259h\u0259r v\u0259 k\u0259ndd\u0259 az\u0259rbaycanl\u0131lar ya\u015fam\u0131\u015flar. Onlar\u0131n ham\u0131s\u0131 3 il \u0259rzind\u0259 Erm\u0259nistandan zorla \u00e7\u0131xar\u0131ld\u0131, qovuldu, bir \u00e7oxlar\u0131 \u00f6ld\u00fcr\u00fcld\u00fc, onlara i\u015fg\u0259nc\u0259l\u0259r verildi. B\u00fct\u00fcn bu cinay\u0259tl\u0259r sovet h\u00f6kum\u0259tinin g\u00f6z\u00fcn\u00fcn \u00f6n\u00fcnd\u0259 ba\u015f vermi\u015fdi. Sonuncu k\u0259ndimiz N\u00fcv\u0259di 1991-ci ilin avqustunda deportasiyaya m\u0259ruz qald\u0131. O da azm\u0131\u015f kimi Qaraba\u011fda da xalq\u0131m\u0131za qar\u015f\u0131 cinay\u0259t t\u00f6r\u0259dildi.\u00bb<\/p>\n<p>Qaraba\u011f\u0131n v\u0259 \u015e\u0259rqi Z\u0259ng\u0259zurun i\u015f\u011fal\u0131 is\u0259 daha a\u011fr\u0131l\u0131 faci\u0259miz idi. Az\u0259rbaycan Ordusu 3 il bundan \u00f6nc\u0259 \u00fcz\u0259rin\u0259 d\u00fc\u015f\u0259n missiyan\u0131 \u015f\u0259r\u0259fl\u0259 yerin\u0259 yetir\u0259r\u0259k tarixi Z\u0259f\u0259r\u0259 imza atd\u0131. Az\u0259rbaycan\u0131n \u0259razi b\u00fct\u00f6vl\u00fcy\u00fc v\u0259 tarixi \u0259dal\u0259t b\u0259rpa edildi. D\u00fc\u015fm\u0259nl\u0259ri torpaqlar\u0131m\u0131zdan qovduq. Haz\u0131rda Erm\u0259nistan\u0131n i\u015f\u011fal\u0131ndan azad edilmi\u015f torpaqlar\u0131m\u0131zda b\u0259rpa-quruculuq i\u015fl\u0259ri apar\u0131l\u0131r. \u00abA\u011fal\u0131 k\u0259ndinin timsal\u0131nda biz xalq\u0131m\u0131z\u0131n tarixi yadda\u015f\u0131n\u0131 g\u00f6r\u00fcr\u00fck. \u00c7\u00fcnki oran\u0131 he\u00e7 vaxt g\u00f6rm\u0259y\u0259n u\u015faqlar, g\u0259ncl\u0259r oraya qay\u0131d\u0131blar. \u018fmin\u0259m ki, biz eynisini Q\u0259rbi Az\u0259rbaycanda da g\u00f6r\u0259c\u0259yik\u00bb s\u00f6yl\u0259y\u0259n Prezident \u0130lham \u018fliyevin \u00e7a\u011f\u0131r\u0131\u015flar\u0131ndan biri budur ki, b\u00fct\u00f6vl\u00fckd\u0259 XX \u0259srd\u0259 xalq\u0131m\u0131z\u0131n \u00e7\u0259kdiyi \u0259zablar haqq\u0131nda d\u00fcnya ictimaiyy\u0259tin\u0259 daha geni\u015f m\u0259lumat verilm\u0259lidir. C\u0259nab \u0130lham \u018fliyevin tap\u015f\u0131r\u0131\u011f\u0131na uy\u011fun olaraq Q\u0259rbi Az\u0259rbaycana Qay\u0131d\u0131\u015f Konsepsiyas\u0131 haz\u0131rland\u0131. D\u00f6vl\u0259t ba\u015f\u00e7\u0131s\u0131 ilk g\u00fcnd\u0259n bu h\u0259d\u0259fi a\u00e7\u0131qlad\u0131 ki, bu, s\u00fclhsev\u0259r konsepsiya olmal\u0131d\u0131r. Biz b\u00fct\u00fcn beyn\u0259lxalq konvensiyalarda biz\u0259 m\u0259qbul olan m\u00fcdd\u0259alar\u0131 g\u00f6t\u00fcr\u00fcb bunun \u0259sas\u0131nda \u00f6z h\u00fcququmuzu t\u0259l\u0259b etm\u0259liyik: \u00abBizim tarixi ya\u015fay\u0131\u015f yerl\u0259rinin bir \u00e7oxu, m\u00fctl\u0259q \u0259ks\u0259riyy\u0259ti indi bombo\u015fdur. Biz bunu bilirik. Biz \u00f6z ke\u00e7mi\u015fimizi yax\u015f\u0131 bilirik. Q\u0259rbi Az\u0259rbaycandan olan h\u0259r bir insan \u00f6z ulu babalar\u0131n\u0131n ya\u015fad\u0131qlar\u0131 yerl\u0259ri yax\u015f\u0131 bilir. \u0130ndi m\u00fcxt\u0259lif yollarla bu informasiyan\u0131 \u0259ld\u0259 etm\u0259k olar.\u00bb<\/p>\n<p>D\u00f6vl\u0259t ba\u015f\u00e7\u0131s\u0131 \u0130lham \u018fliyevin h\u0259r bir \u00e7a\u011f\u0131r\u0131\u015f\u0131 qar\u015f\u0131dak\u0131 d\u00f6vr\u0259 hesablanm\u0131\u015f add\u0131md\u0131r. Tarixi \u0259dal\u0259t Q\u0259rbi Az\u0259rbaycana qay\u0131d\u0131\u015f\u0131m\u0131za \u0259sas verir. Az\u0259rbaycan h\u0259r bir m\u0259s\u0259l\u0259nin \u0259dal\u0259t v\u0259 beyn\u0259lxalq h\u00fcquq \u00e7\u0259r\u00e7iv\u0259sind\u0259 h\u0259llin\u0259 s\u0259y g\u00f6st\u0259rir. Daim bu \u00e7a\u011f\u0131r\u0131\u015f s\u0259sl\u0259ndirilir ki, nec\u0259 vaxtil\u0259 Qaraba\u011f m\u00f6vzusu b\u00fct\u00fcn Az\u0259rbaycan xalq\u0131n\u0131 birl\u0259\u015fdirdi v\u0259 biz ist\u0259yimiz\u0259 nail olduq, eyni yana\u015fman\u0131 burada da g\u00f6rm\u0259liyik. O g\u00fcn uzaqda deyil. O g\u00fcn\u0259 uzanan yol is\u0259 Z\u0259ng\u0259zurdan ba\u015flan\u0131r. Bu d\u0259hliz is\u0259 m\u00fctl\u0259q a\u00e7\u0131lacaq. Q\u0259rbi Az\u0259rbaycan yenid\u0259n do\u011fmalar\u0131na qovu\u015facaq. \u00c7ox b\u00f6y\u00fck n\u0259qliyyat bazar\u0131nda Az\u0259rbaycan ciddi aktora \u00e7evrilib. \u018flb\u0259tt\u0259, Z\u0259ng\u0259zur d\u0259hlizinin realla\u015fmas\u0131 tarixi z\u0259rur\u0259tdir.<\/p>\n<p>Q\u0259rbi Az\u0259rbaycana qay\u0131d\u0131\u015f\u0131m\u0131za s\u00fclh yolu il\u0259 nail olaca\u011f\u0131q. D\u00f6vl\u0259t ba\u015f\u00e7\u0131s\u0131 \u0130lham \u018fliyevin qeyd etdiyi kimi, Avrasiya m\u0259kan\u0131nda monod\u00f6vl\u0259tl\u0259r yoxdur v\u0259 Erm\u0259nistan \u00fc\u00e7\u00fcn d\u0259 yax\u015f\u0131 olar ki, nec\u0259 dey\u0259rl\u0259r, bu monod\u00f6vl\u0259t dam\u011fas\u0131n\u0131 \u00f6z \u00fcz\u0259rind\u0259n g\u00f6t\u00fcrs\u00fcn. Bunun \u0259n yax\u015f\u0131 v\u0259 \u0259n \u0259dal\u0259tli yolu Q\u0259rbi az\u0259rbaycanl\u0131lar\u0131n \u00f6z do\u011fma torpaqlar\u0131na qay\u0131tmalar\u0131d\u0131r.<\/p>\n","protected":false},"excerpt":{"rendered":"<p>D\u00f6vl\u0259t ba\u015f\u00e7\u0131s\u0131 \u0130lham \u018fliyev bu \u00e7a\u011f\u0131r\u0131\u015f\u0131 edir ki, nec\u0259 vaxtil\u0259 Qaraba\u011f m\u00f6vzusu b\u00fct\u00fcn Az\u0259rbaycan xalq\u0131n\u0131 birl\u0259\u015fdirdi v\u0259 biz ist\u0259yimiz\u0259 nail olduq, eyni yana\u015fman\u0131 Q\u0259rbi Az\u0259rbaycana qay\u0131d\u0131\u015fda da g\u00f6rm\u0259liyik \u00ab\u018flb\u0259tt\u0259 ki, Qaraba\u011f d\u0259rdi, problemi olan yerd\u0259 Q\u0259rbi az\u0259rbaycanl\u0131lar\u0131n h\u00fcquqlar\u0131ndan dan\u0131\u015fmaq b\u0259lk\u0259 d\u0259 vaxt\u0131ndan \u0259vv\u0259l at\u0131lan bir at\u0259\u015f\u0259 b\u0259nz\u0259y\u0259 bil\u0259rdi. Amma bu g\u00fcn hesab edir\u0259m ki, biz tam haql\u0131 olaraq bu m\u00f6vzunu art\u0131q beyn\u0259lxalq arenaya \u00e7\u0131xarm\u0131\u015f\u0131q.\u00bb D\u00f6vl\u0259t ba\u015f\u00e7\u0131s\u0131 \u0130lham \u018fliyev bu ilin \u0259vv\u0259lind\u0259 yerli televiziya kanallar\u0131na m\u00fcsahib\u0259sind\u0259 h\u0259d\u0259fl\u0259ri a\u00e7\u0131lqlayark\u0259n bu m\u0259qam\u0131 x\u00fcsusi qeyd etmi\u015fdir ki, \u0259lb\u0259tt\u0259, Q\u0259rbi az\u0259rbaycanl\u0131lar \u00f6z d\u0259d\u0259-baba torpaqlar\u0131na qay\u0131tmal\u0131d\u0131rlar.&hellip;<\/p>\n","protected":false},"author":2,"featured_media":638086,"comment_status":"closed","ping_status":"closed","sticky":false,"template":"","format":"standard","meta":{"om_disable_all_campaigns":false,"_monsterinsights_skip_tracking":false,"_monsterinsights_sitenote_active":false,"_monsterinsights_sitenote_note":"","_monsterinsights_sitenote_category":0},"categories":[19],"tags":[],"aioseo_notices":[],"gutentor_comment":0,"rttpg_featured_image_url":{"full":["https:\/\/arantv.az\/wp-content\/uploads\/2023\/09\/964d180e169099198242004740210345598-1.jpg",975,540,false],"landscape":["https:\/\/arantv.az\/wp-content\/uploads\/2023\/09\/964d180e169099198242004740210345598-1.jpg",975,540,false],"portraits":["https:\/\/arantv.az\/wp-content\/uploads\/2023\/09\/964d180e169099198242004740210345598-1.jpg",975,540,false],"thumbnail":["https:\/\/arantv.az\/wp-content\/uploads\/2023\/09\/964d180e169099198242004740210345598-1-500x280.jpg",500,280,true],"medium":["https:\/\/arantv.az\/wp-content\/uploads\/2023\/09\/964d180e169099198242004740210345598-1-660x365.jpg",660,365,true],"large":["https:\/\/arantv.az\/wp-content\/uploads\/2023\/09\/964d180e169099198242004740210345598-1-840x465.jpg",640,354,true],"1536x1536":["https:\/\/arantv.az\/wp-content\/uploads\/2023\/09\/964d180e169099198242004740210345598-1.jpg",975,540,false],"2048x2048":["https:\/\/arantv.az\/wp-content\/uploads\/2023\/09\/964d180e169099198242004740210345598-1.jpg",975,540,false],"post-thumbnail":["https:\/\/arantv.az\/wp-content\/uploads\/2023\/09\/964d180e169099198242004740210345598-1-240x172.jpg",240,172,true],"advps-thumb-one":["https:\/\/arantv.az\/wp-content\/uploads\/2023\/09\/964d180e169099198242004740210345598-1.jpg",975,540,false]},"rttpg_author":{"display_name":"V\u00fcsal Rafiqo\u011flu","author_link":"https:\/\/arantv.az\/?author=2"},"rttpg_comment":0,"rttpg_category":"<a href=\"https:\/\/arantv.az\/?cat=19\" rel=\"category\">G\u00fcnd\u0259m<\/a>","rttpg_excerpt":"D\u00f6vl\u0259t ba\u015f\u00e7\u0131s\u0131 \u0130lham \u018fliyev bu \u00e7a\u011f\u0131r\u0131\u015f\u0131 edir ki, nec\u0259 vaxtil\u0259 Qaraba\u011f m\u00f6vzusu b\u00fct\u00fcn Az\u0259rbaycan xalq\u0131n\u0131 birl\u0259\u015fdirdi v\u0259 biz ist\u0259yimiz\u0259 nail olduq, eyni yana\u015fman\u0131 Q\u0259rbi Az\u0259rbaycana qay\u0131d\u0131\u015fda da g\u00f6rm\u0259liyik \u00ab\u018flb\u0259tt\u0259 ki, Qaraba\u011f d\u0259rdi, problemi olan yerd\u0259 Q\u0259rbi az\u0259rbaycanl\u0131lar\u0131n h\u00fcquqlar\u0131ndan dan\u0131\u015fmaq b\u0259lk\u0259 d\u0259 vaxt\u0131ndan \u0259vv\u0259l at\u0131lan bir at\u0259\u015f\u0259 b\u0259nz\u0259y\u0259 bil\u0259rdi. Amma bu g\u00fcn hesab edir\u0259m ki, biz&hellip;","_links":{"self":[{"href":"https:\/\/arantv.az\/index.php?rest_route=\/wp\/v2\/posts\/638083"}],"collection":[{"href":"https:\/\/arantv.az\/index.php?rest_route=\/wp\/v2\/posts"}],"about":[{"href":"https:\/\/arantv.az\/index.php?rest_route=\/wp\/v2\/types\/post"}],"author":[{"embeddable":true,"href":"https:\/\/arantv.az\/index.php?rest_route=\/wp\/v2\/users\/2"}],"replies":[{"embeddable":true,"href":"https:\/\/arantv.az\/index.php?rest_route=%2Fwp%2Fv2%2Fcomments&post=638083"}],"version-history":[{"count":0,"href":"https:\/\/arantv.az\/index.php?rest_route=\/wp\/v2\/posts\/638083\/revisions"}],"wp:featuredmedia":[{"embeddable":true,"href":"https:\/\/arantv.az\/index.php?rest_route=\/wp\/v2\/media\/638086"}],"wp:attachment":[{"href":"https:\/\/arantv.az\/index.php?rest_route=%2Fwp%2Fv2%2Fmedia&parent=638083"}],"wp:term":[{"taxonomy":"category","embeddable":true,"href":"https:\/\/arantv.az\/index.php?rest_route=%2Fwp%2Fv2%2Fcategories&post=638083"},{"taxonomy":"post_tag","embeddable":true,"href":"https:\/\/arantv.az\/index.php?rest_route=%2Fwp%2Fv2%2Ftags&post=638083"}],"curies":[{"name":"wp","href":"https:\/\/api.w.org\/{rel}","templated":true}]}}