{"id":638088,"date":"2023-09-27T09:13:05","date_gmt":"2023-09-27T05:13:05","guid":{"rendered":"https:\/\/arantv.az\/?p=638088"},"modified":"2023-09-27T09:13:05","modified_gmt":"2023-09-27T05:13:05","slug":"universitetl%c9%99rd%c9%99-ucillik-t%c9%99hsil-t%c9%99klifi-hansi-ixtisaslarda-ixtisar","status":"publish","type":"post","link":"https:\/\/arantv.az\/?p=638088","title":{"rendered":"Universitetl\u0259rd\u0259 \u00fc\u00e7illik t\u0259hsil t\u0259klifi &#8211; hans\u0131 ixtisaslarda ixtisar?"},"content":{"rendered":"<p><strong>\u201cJurnalistika ixtisas\u0131 \u00fczr\u0259 t\u0259hsil m\u00fcdd\u0259ti maksimum bir il olmal\u0131&#8230;\u201d<\/strong><\/p>\n<p>Az\u0259rbaycanda b\u0259zi ali m\u0259kt\u0259bl\u0259rd\u0259 ixtisaslar\u0131n t\u0259dris m\u00fcdd\u0259ti azald\u0131la bil\u0259r. Bunu elm v\u0259 t\u0259hsil naziri Emin \u018fmrullayev bir ne\u00e7\u0259 g\u00fcn \u00f6nc\u0259 ke\u00e7irdiyi brifinqd\u0259 deyib.<\/p>\n<p>\u201cAli m\u0259kt\u0259bl\u0259rd\u0259 b\u0259zi ixtisaslar\u0131n t\u0259dris m\u00fcdd\u0259tinin 4 ild\u0259n 3 il\u0259 sal\u0131nmas\u0131 il\u0259 ba\u011fl\u0131 m\u0259s\u0259l\u0259 pilot layih\u0259 \u00e7\u0259r\u00e7iv\u0259sind\u0259 n\u00f6vb\u0259ti ill\u0259rd\u0259 h\u0259yata ke\u00e7iril\u0259c\u0259k\u201d, &#8211; dey\u0259 nazir bildirib. Onun s\u00f6zl\u0259rin\u0259 g\u00f6r\u0259, bu, t\u0259hsilalanlar\u0131n say\u0131n\u0131n art\u0131r\u0131lmas\u0131na da s\u0259b\u0259b olacaq: \u201cHesab edir\u0259m ki, bu, faydal\u0131 olacaq. Bu d\u0259yi\u015fikliyin informasiya texnologiyalar\u0131 v\u0259 turizm sah\u0259sind\u0259 edilm\u0259si n\u0259z\u0259rd\u0259 tutulur\u201d.<\/p>\n<p><strong>B\u0259s g\u00f6r\u0259s\u0259n, ali t\u0259hsil m\u00fc\u0259ssis\u0259l\u0259ri bu yeniliyi nec\u0259 qar\u015f\u0131lay\u0131r? T\u0259dris m\u00fcdd\u0259tinin a\u015fa\u011f\u0131 sal\u0131nmas\u0131 t\u0259hsild\u0259 keyfiyy\u0259t\u0259 t\u0259sir etm\u0259y\u0259c\u0259k ki?<\/strong><\/p>\n<p><strong>Az\u0259rbaycan Turizm v\u0259 Menecment Universitetin Turizm biznesi kafedras\u0131n\u0131n dosenti Bahadur Bilalov \u201cSputnik Az\u0259rbaycan\u201da bildirib ki, Avropan\u0131n b\u0259zi universitetl\u0259rind\u0259 turizm t\u0259hsili \u00fc\u00e7 ildir:<\/strong>\u00a0\u201cEl\u0259 bizim \u0259m\u0259kda\u015fl\u0131q etdiyimiz Avstriyan\u0131n \u0130MC Krems Universitetind\u0259 d\u0259 t\u0259hsil \u00fc\u00e7 ildir. Amma bir m\u0259s\u0259l\u0259 var ki, Avropada orta m\u0259kt\u0259b 12 illikdir. Bu s\u0259b\u0259bd\u0259n bizim bakalavr t\u0259hsil proqramlar\u0131nda olan f\u0259nl\u0259r (m\u0259s\u0259l\u0259n, \u00f6lk\u0259 tarixi v\u0259 dig\u0259rl\u0259ri) orta m\u0259kt\u0259bin 12-ci sinfind\u0259 t\u0259dris olundu\u011fundan, bakalavr proqram\u0131na sal\u0131nm\u0131r. Bunun hesab\u0131na 3 illik proqram t\u0259tbiq edilir\u201d.<\/p>\n<p><img src=\"https:\/\/www.baki-xeber.com\/media\/2018\/08\/21\/bahadur-bilalov.jpg\" alt=\"Bak\u0131 X\u0259b\u0259r - \u0130ctimai Siyasi Q\u0259zet\" \/><\/p>\n<p><strong>Bahadur Bilalov<\/strong><\/p>\n<p>Az\u0259rbaycan Texniki Universitetinin (AzTU) \u0130qtisadiyyat v\u0259 idar\u0259etm\u0259 fak\u00fclt\u0259sinin dekan\u0131 F\u0259rqan\u0259 Musayeva agentliyz\u0259 deyib ki, bakalavriat s\u0259viyy\u0259si \u00fczr\u0259 turizm v\u0259 b\u0259zi texnoloji ixtisaslar\u0131n t\u0259hsil m\u00fcdd\u0259tinin azald\u0131lmas\u0131 beyn\u0259lxalq t\u0259cr\u00fcb\u0259d\u0259 rast g\u0259lin\u0259n hald\u0131r. D\u00fcnyan\u0131n bir \u00e7ox n\u00fcfuzlu universitetl\u0259rind\u0259 uy\u011fun ixtisaslar \u00fczr\u0259 t\u0259hsil d\u00f6vr\u00fc 3 il m\u00fcdd\u0259tin\u0259 n\u0259z\u0259rd\u0259 tutulub: \u201cS\u00f6z\u00fcged\u0259n ixtisaslar \u00fczr\u0259 q\u0259bul olunan t\u0259hsil proqramlar\u0131 ixtisas\u0131n pe\u015f\u0259 kompetensiyalar\u0131n\u0131 \u0259hat\u0259 etdiyi, h\u0259mi\u00e7inin t\u0259drisin qrafiki d\u00fczg\u00fcn planla\u015fd\u0131r\u0131ld\u0131\u011f\u0131 t\u0259qdird\u0259 m\u00fcmk\u00fcn say\u0131la bil\u0259r. Vacib olan t\u0259hsil proqramlar\u0131n\u0131n yekununda m\u0259zunlarda \u0259m\u0259k bazar\u0131na uy\u011fun m\u00fcvafiq pe\u015f\u0259 bacar\u0131qlar\u0131n\u0131 v\u0259 analitik d\u00fc\u015f\u00fcnc\u0259 t\u0259rzini formala\u015fd\u0131rmaqd\u0131r\u201d.<\/p>\n<p><img src=\"https:\/\/www.aztu.edu.az\/sub_site\/web_admin\/upload\/files\/aztu.edu.az\/menus\/9-2022\/8.jpg\" alt=\"AzTU - Beta\" \/><\/p>\n<p><strong>F\u0259rqan\u0259 Musayeva\u00a0<\/strong><\/p>\n<p>M\u00fcst\u0259qil ekspertl\u0259r is\u0259 o fikird\u0259dirl\u0259r ki, Az\u0259rbaycanda b\u0259zi ixtisaslar \u00fczr\u0259 t\u0259hsil m\u00fcdd\u0259tinin 4 il olmas\u0131 prosesin s\u00fcni \u015f\u0259kild\u0259 uzad\u0131lmas\u0131d\u0131r. Turizm, jurnalistika, kitabxana\u00e7\u0131l\u0131q, informasiya texnologiyalar\u0131 v\u0259 s. ixtisaslar \u00fczr\u0259 t\u0259hsil m\u00fcdd\u0259tinin uzad\u0131lmas\u0131 keyfiyy\u0259t amilini art\u0131rm\u0131r. \u018fksin\u0259, b\u0259zi hallarda bu ixtisasa yiy\u0259l\u0259n\u0259c\u0259k t\u0259l\u0259b\u0259l\u0259rin laz\u0131ms\u0131z f\u0259nl\u0259rl\u0259 y\u00fckl\u0259nm\u0259sin\u0259, bel\u0259likl\u0259 d\u0259 \u0259m\u0259k bazar\u0131na bir il gec daxil olmas\u0131na s\u0259b\u0259b olur. Odur ki, ekspertl\u0259r Az\u0259rbaycanda b\u0259zi ixtisaslar \u00fczr\u0259 t\u0259dris m\u00fcdd\u0259tinin a\u015fa\u011f\u0131 sal\u0131nmas\u0131n\u0131 z\u0259ruri hesab edirl\u0259r. Ba\u015fqa hans\u0131 ixtisaslarda t\u0259hsil m\u00fcdd\u0259tini azaltma\u011fa ehtiyac var?<\/p>\n<p><img loading=\"lazy\" src=\"https:\/\/edupress.az\/slide-img\/72763esassas.jpg\" alt=\"Bu c\u00fcr ciddi t\u0259hsil problemi tamamil\u0259 k\u00f6lg\u0259d\u0259 qal\u0131b-Elmin Nuri\" width=\"800\" height=\"626\" \/><\/p>\n<p><strong>Elmin Nuri\u00a0<\/strong><\/p>\n<p><strong>Sosial T\u0259dqiqatlar M\u0259rk\u0259zinin sektor m\u00fcdiri, t\u0259hsil t\u0259dqiqat\u00e7\u0131s\u0131 Elmin Nuri m\u00f6vzu il\u0259 ba\u011fl\u0131 \u201cYeni M\u00fcsavat\u201da fikirl\u0259rini a\u00e7\u0131qlad\u0131. O dedi ki, b\u0259zi ali m\u0259kt\u0259bl\u0259rimizd\u0259 bir \u00e7ox ixtisaslar\u0131n t\u0259dris m\u00fcdd\u0259tinin azald\u0131lmas\u0131n\u0131 t\u0259qdir\u0259layiq hal hesab edir:<\/strong>\u00a0\u201cD\u00fc\u015f\u00fcn\u00fcr\u0259m ki, biz bu m\u0259rh\u0259l\u0259d\u0259 h\u0259l\u0259\u00a0 gecikmi\u015fik d\u0259. V\u0259 h\u0259l\u0259 d\u0259 gecikm\u0259kd\u0259 davam edirik. \u00c7\u00fcnki bu bar\u0259d\u0259 h\u0259l\u0259lik ancaq fikirl\u0259r s\u0259sl\u0259ndirilib. N\u0259 zaman ger\u00e7\u0259kl\u0259\u015f\u0259c\u0259k, bunu dem\u0259k \u00e7\u0259tindir. \u015e\u0259xs\u0259n m\u0259n bunun tezlikl\u0259 h\u0259yata ke\u00e7\u0259c\u0259yini ehtimal etmir\u0259m. Art\u0131q d\u00fcnyada ali t\u0259hsil\u0259 bax\u0131\u015f tamamil\u0259 d\u0259yi\u015fib. Yeni t\u0259hsil \u00e7a\u011f\u0131r\u0131\u015flar\u0131 t\u0259dris prosesin\u0259 olan m\u00fcnasib\u0259ti d\u0259 d\u0259yi\u015fib. Bizd\u0259 is\u0259 40-50 il bundan \u0259vv\u0259l olan t\u0259dris m\u00fcdd\u0259ti, proqram\u0131 h\u0259l\u0259 d\u0259 qalmaqdad\u0131r. Art\u0131q d\u00fcnyada Xan Akademy kimi virtual ali t\u0259hsil platformalar\u0131 var. Burada t\u0259hsil m\u00fcdd\u0259ti ixtisaslarda as\u0131l\u0131 olmayaraq iki illik limiti ke\u00e7mir. H\u0259tta el\u0259 ixtisaslar var ki, onlar\u0131n t\u0259dris m\u00fcdd\u0259ti c\u0259mi \u00fc\u00e7 ayd\u0131r\u201d.<\/p>\n<p><strong>T\u0259dqiqat\u00e7\u0131 \u0259lav\u0259 etdi ki, bu g\u00fcn AB\u015e-\u0131n Florida Universiteti, Massa\u00e7usets, Kolumbiya, Arizona kimi universitetl\u0259ri, \u0130ngilt\u0259r\u0259nin London Kral Kolleci kimi m\u00fc\u0259ssis\u0259l\u0259r bir \u00e7ox proqramlar\u0131 mobill\u0259\u015fdirilmi\u015f \u015f\u0259kild\u0259, onlayn \u0259saslarla t\u0259dris edirl\u0259r:<\/strong>\u00a0\u201c\u00c7\u00fcnki burada \u0259sas t\u0259l\u0259b \u0259m\u0259k bazar\u0131n\u0131n n\u0259 ist\u0259diyidir. T\u0259l\u0259b\u0259 s\u0131rf \u0259m\u0259k bazar\u0131n\u0131n t\u0259l\u0259bi istiqam\u0259tind\u0259 formala\u015fd\u0131r\u0131lacaqsa, o zaman onun ehtiyac\u0131 olandan \u0259lav\u0259 vaxt itirm\u0259y\u0259 he\u00e7 ixtiyar\u0131 yoxdur. O itirdiyi zaman k\u0259simini d\u0259 \u0259m\u0259k bazar\u0131nda, i\u015f m\u00fchitind\u0259 t\u0259cr\u00fcb\u0259 qazanma\u011fa s\u0259rf ed\u0259 bil\u0259r. T\u0259\u0259ss\u00fcf ki, bizd\u0259 bu m\u0259s\u0259l\u0259y\u0259 h\u0259l\u0259 d\u0259 d\u0131rnaqaras\u0131 bax\u0131l\u0131r. \u0130nan\u0131n, bu g\u00fcn \u0259ks\u0259r universitetl\u0259rimizd\u0259 t\u0259l\u0259b\u0259l\u0259ri s\u0131rf \u0259m\u0259k bazar\u0131n\u0131n t\u0259l\u0259bl\u0259rin\u0259 uy\u011fun formala\u015fd\u0131r\u0131lmas\u0131 apar\u0131lsa, orada t\u0259hsil m\u00fcdd\u0259ti he\u00e7 iki ili bel\u0259 \u00f6tm\u0259z. Biz is\u0259 ilk iki kursda t\u0259l\u0259b\u0259ni qeyri-\u0259sas f\u0259nl\u0259rl\u0259 y\u00fckl\u0259m\u0259kl\u0259, onu ixtisas \u00fc\u00e7\u00fcn vacib olan deyil, \u00fcmumi humanitar-ictimai sah\u0259nin datalar\u0131 il\u0259 y\u00fckl\u0259m\u0259kl\u0259 t\u0259drisd\u0259n d\u0259 soyuduruq, \u0259lav\u0259 zaman\u0131n\u0131 da al\u0131r\u0131q. Daha d\u0259rin\u0259 gets\u0259k, el\u0259 bizd\u0259 d\u0259 universitetl\u0259rd\u0259 \u0259ks\u0259r ixtisaslar \u00fczr\u0259 t\u0259dris m\u00fcdd\u0259ti el\u0259 iki ildir. Amma nec\u0259? Yaln\u0131z ixtisas \u0259sasl\u0131 praktiki d\u0259rsl\u0259ri n\u0259z\u0259r\u0259 alsaq, bu d\u0259rsl\u0259r \u0259sas\u0259n III-IV kursda ke\u00e7irilir, ilk iki kurs is\u0259 bizd\u0259 h\u0259l\u0259 d\u0259 t\u0259l\u0259b\u0259ni izafi bilikl\u0259rl\u0259 y\u00fckl\u0259m\u0259k v\u0259 universitet\u0259 isini\u015fdirm\u0259k d\u00f6vr\u00fc say\u0131l\u0131r. Amma b\u00fct\u00fcn bunlar art\u0131q gerid\u0259 qalmal\u0131d\u0131r. Dediyim kimi, bu m\u0259s\u0259l\u0259d\u0259 \u00e7ox gecikirik. H\u0259r bir ixtisas yaln\u0131z \u0259m\u0259k bazar\u0131n\u0131n t\u0259l\u0259bi istiqam\u0259tind\u0259 t\u0259dris olunmal\u0131d\u0131r. El\u0259 ixtisas var ki, onda bu t\u0259l\u0259bin h\u0259yata ke\u00e7m\u0259 m\u00fcdd\u0259ti iki, el\u0259si var ki, \u00fc\u00e7 il ola bil\u0259r. Fikrimc\u0259, jurnalistika ixtisas\u0131 \u00fczr\u0259 t\u0259drisi \u0259m\u0259k bazar\u0131n\u0131n meyarlar\u0131 \u0259sas\u0131nda aparsaq, onun t\u0259hsil m\u00fcdd\u0259ti maksimum bir il olar. Ona g\u00f6r\u0259 d\u0259 ali t\u0259hsil m\u00fchitind\u0259 t\u0259dris m\u00fcdd\u0259ti il\u0259 ba\u011fl\u0131 islahatlar aparmaq ist\u0259yiriks\u0259, o zaman bir ne\u00e7\u0259 detala x\u00fcsusi diqq\u0259t etm\u0259liyik:<\/p>\n<p>Birincisi, \u00f6n planda h\u0259r zaman n\u0259z\u0259ri bilikl\u0259r deyil, praktiki bacar\u0131qlar yer almal\u0131d\u0131r. Amma bir \u015f\u0259rtl\u0259, \u201cn\u0259z\u0259ri informasiya yarars\u0131zd\u0131r\u201d deyib, onu \u00fcmumiyy\u0259tl\u0259 yox saymamal\u0131y\u0131q. Sad\u0259c\u0259, o kapitanl\u0131\u011f\u0131 praktiki t\u0259tbiq\u0259 verm\u0259lidir.<\/p>\n<p>\u0130kincisi, h\u0259r bir ixtisas yaln\u0131z v\u0259 yaln\u0131z \u0259m\u0259k bazar\u0131n\u0131n t\u0259l\u0259bl\u0259ri \u0259sas\u0131nda t\u0259dqiq edilm\u0259li, \u00e7\u0131xar\u0131lan n\u0259tic\u0259l\u0259r \u0259sas\u0131nda onun t\u0259drisin\u0259 ba\u015flanmal\u0131d\u0131r. \u00dc\u00e7\u00fcnc\u00fcs\u00fc is\u0259 h\u0259r bir ixtisas\u0131n t\u0259dris \u00f6z\u0259lliyi d\u00fcnya t\u0259cr\u00fcb\u0259si il\u0259 tutu\u015fdurulmal\u0131 v\u0259 oradak\u0131 m\u0259ziyy\u0259tl\u0259r burada da t\u0259tbiq edilm\u0259lidir&#8221;.<\/p>\n","protected":false},"excerpt":{"rendered":"<p>\u201cJurnalistika ixtisas\u0131 \u00fczr\u0259 t\u0259hsil m\u00fcdd\u0259ti maksimum bir il olmal\u0131&#8230;\u201d Az\u0259rbaycanda b\u0259zi ali m\u0259kt\u0259bl\u0259rd\u0259 ixtisaslar\u0131n t\u0259dris m\u00fcdd\u0259ti azald\u0131la bil\u0259r. Bunu elm v\u0259 t\u0259hsil naziri Emin \u018fmrullayev bir ne\u00e7\u0259 g\u00fcn \u00f6nc\u0259 ke\u00e7irdiyi brifinqd\u0259 deyib. \u201cAli m\u0259kt\u0259bl\u0259rd\u0259 b\u0259zi ixtisaslar\u0131n t\u0259dris m\u00fcdd\u0259tinin 4 ild\u0259n 3 il\u0259 sal\u0131nmas\u0131 il\u0259 ba\u011fl\u0131 m\u0259s\u0259l\u0259 pilot layih\u0259 \u00e7\u0259r\u00e7iv\u0259sind\u0259 n\u00f6vb\u0259ti ill\u0259rd\u0259 h\u0259yata ke\u00e7iril\u0259c\u0259k\u201d, &#8211; dey\u0259 nazir bildirib. Onun s\u00f6zl\u0259rin\u0259 g\u00f6r\u0259, bu, t\u0259hsilalanlar\u0131n say\u0131n\u0131n art\u0131r\u0131lmas\u0131na da s\u0259b\u0259b olacaq: \u201cHesab edir\u0259m ki, bu, faydal\u0131 olacaq. Bu d\u0259yi\u015fikliyin informasiya texnologiyalar\u0131 v\u0259 turizm sah\u0259sind\u0259 edilm\u0259si n\u0259z\u0259rd\u0259 tutulur\u201d. B\u0259s g\u00f6r\u0259s\u0259n, ali t\u0259hsil m\u00fc\u0259ssis\u0259l\u0259ri bu yeniliyi&hellip;<\/p>\n","protected":false},"author":2,"featured_media":638092,"comment_status":"closed","ping_status":"closed","sticky":false,"template":"","format":"standard","meta":{"om_disable_all_campaigns":false,"_monsterinsights_skip_tracking":false,"_monsterinsights_sitenote_active":false,"_monsterinsights_sitenote_note":"","_monsterinsights_sitenote_category":0},"categories":[23],"tags":[],"aioseo_notices":[],"gutentor_comment":0,"rttpg_featured_image_url":{"full":["https:\/\/arantv.az\/wp-content\/uploads\/2023\/09\/9329a6c1f3f63035ff03e21289b6bb20.jpg",850,500,false],"landscape":["https:\/\/arantv.az\/wp-content\/uploads\/2023\/09\/9329a6c1f3f63035ff03e21289b6bb20.jpg",850,500,false],"portraits":["https:\/\/arantv.az\/wp-content\/uploads\/2023\/09\/9329a6c1f3f63035ff03e21289b6bb20.jpg",850,500,false],"thumbnail":["https:\/\/arantv.az\/wp-content\/uploads\/2023\/09\/9329a6c1f3f63035ff03e21289b6bb20-500x280.jpg",500,280,true],"medium":["https:\/\/arantv.az\/wp-content\/uploads\/2023\/09\/9329a6c1f3f63035ff03e21289b6bb20-621x365.jpg",621,365,true],"large":["https:\/\/arantv.az\/wp-content\/uploads\/2023\/09\/9329a6c1f3f63035ff03e21289b6bb20-840x494.jpg",640,376,true],"1536x1536":["https:\/\/arantv.az\/wp-content\/uploads\/2023\/09\/9329a6c1f3f63035ff03e21289b6bb20.jpg",850,500,false],"2048x2048":["https:\/\/arantv.az\/wp-content\/uploads\/2023\/09\/9329a6c1f3f63035ff03e21289b6bb20.jpg",850,500,false],"post-thumbnail":["https:\/\/arantv.az\/wp-content\/uploads\/2023\/09\/9329a6c1f3f63035ff03e21289b6bb20-240x172.jpg",240,172,true],"advps-thumb-one":["https:\/\/arantv.az\/wp-content\/uploads\/2023\/09\/9329a6c1f3f63035ff03e21289b6bb20.jpg",850,500,false]},"rttpg_author":{"display_name":"V\u00fcsal Rafiqo\u011flu","author_link":"https:\/\/arantv.az\/?author=2"},"rttpg_comment":0,"rttpg_category":"<a href=\"https:\/\/arantv.az\/?cat=23\" rel=\"category\">T\u0259hsil<\/a>","rttpg_excerpt":"\u201cJurnalistika ixtisas\u0131 \u00fczr\u0259 t\u0259hsil m\u00fcdd\u0259ti maksimum bir il olmal\u0131&#8230;\u201d Az\u0259rbaycanda b\u0259zi ali m\u0259kt\u0259bl\u0259rd\u0259 ixtisaslar\u0131n t\u0259dris m\u00fcdd\u0259ti azald\u0131la bil\u0259r. Bunu elm v\u0259 t\u0259hsil naziri Emin \u018fmrullayev bir ne\u00e7\u0259 g\u00fcn \u00f6nc\u0259 ke\u00e7irdiyi brifinqd\u0259 deyib. \u201cAli m\u0259kt\u0259bl\u0259rd\u0259 b\u0259zi ixtisaslar\u0131n t\u0259dris m\u00fcdd\u0259tinin 4 ild\u0259n 3 il\u0259 sal\u0131nmas\u0131 il\u0259 ba\u011fl\u0131 m\u0259s\u0259l\u0259 pilot layih\u0259 \u00e7\u0259r\u00e7iv\u0259sind\u0259 n\u00f6vb\u0259ti ill\u0259rd\u0259 h\u0259yata ke\u00e7iril\u0259c\u0259k\u201d, &#8211; dey\u0259&hellip;","_links":{"self":[{"href":"https:\/\/arantv.az\/index.php?rest_route=\/wp\/v2\/posts\/638088"}],"collection":[{"href":"https:\/\/arantv.az\/index.php?rest_route=\/wp\/v2\/posts"}],"about":[{"href":"https:\/\/arantv.az\/index.php?rest_route=\/wp\/v2\/types\/post"}],"author":[{"embeddable":true,"href":"https:\/\/arantv.az\/index.php?rest_route=\/wp\/v2\/users\/2"}],"replies":[{"embeddable":true,"href":"https:\/\/arantv.az\/index.php?rest_route=%2Fwp%2Fv2%2Fcomments&post=638088"}],"version-history":[{"count":0,"href":"https:\/\/arantv.az\/index.php?rest_route=\/wp\/v2\/posts\/638088\/revisions"}],"wp:featuredmedia":[{"embeddable":true,"href":"https:\/\/arantv.az\/index.php?rest_route=\/wp\/v2\/media\/638092"}],"wp:attachment":[{"href":"https:\/\/arantv.az\/index.php?rest_route=%2Fwp%2Fv2%2Fmedia&parent=638088"}],"wp:term":[{"taxonomy":"category","embeddable":true,"href":"https:\/\/arantv.az\/index.php?rest_route=%2Fwp%2Fv2%2Fcategories&post=638088"},{"taxonomy":"post_tag","embeddable":true,"href":"https:\/\/arantv.az\/index.php?rest_route=%2Fwp%2Fv2%2Ftags&post=638088"}],"curies":[{"name":"wp","href":"https:\/\/api.w.org\/{rel}","templated":true}]}}