{"id":638094,"date":"2023-09-27T09:14:43","date_gmt":"2023-09-27T05:14:43","guid":{"rendered":"https:\/\/arantv.az\/?p=638094"},"modified":"2023-09-27T09:14:43","modified_gmt":"2023-09-27T05:14:43","slug":"ceyhun-bayramov-anim-gunu-il%c9%99-bagli-paylasim-edib-foto","status":"publish","type":"post","link":"https:\/\/arantv.az\/?p=638094","title":{"rendered":"Ceyhun Bayramov An\u0131m G\u00fcn\u00fc il\u0259 ba\u011fl\u0131 payla\u015f\u0131m edib &#8211; FOTO"},"content":{"rendered":"<p>Xarici i\u015fl\u0259r naziri Ceyhun Bayramov 27 Sentyabr &#8211;\u00a0An\u0131m G\u00fcn\u00fc il\u0259 ba\u011fl\u0131 payla\u015f\u0131m edib.<\/p>\n<p>Nazir payla\u015f\u0131m\u0131 \u00f6z\u00fcn\u00fcn \u201cX\u201d sosial \u015f\u0259b\u0259k\u0259 hesab\u0131nda d\u0259rc edib.<\/p>\n<p>\u201c44 g\u00fcnl\u00fck V\u0259t\u0259n m\u00fcharib\u0259sinin ba\u015flanmas\u0131n\u0131n 3-c\u00fc ild\u00f6n\u00fcm\u00fc v\u0259\u00a027 Sentyabr &#8211; An\u0131m G\u00fcn\u00fcnd\u0259, \u00f6z canlar\u0131 v\u0259 qanlar\u0131 bahas\u0131na bayra\u011f\u0131m\u0131z\u0131 i\u015f\u011faldan azad olunmu\u015f torpaqlar\u0131m\u0131zda dal\u011faland\u0131ran, q\u00fcrur, iftixar m\u0259nb\u0259yimiz olan q\u0259hr\u0259man \u015f\u0259hidl\u0259rimizin \u0259ziz xatir\u0259sini d\u0259rin h\u00f6rm\u0259tl\u0259 yad edirik\u201d.<\/p>\n<div>\n<div class=\"twitter-tweet twitter-tweet-rendered\"><iframe id=\"twitter-widget-0\" class=\"\" title=\"Twitter Tweet\" src=\"https:\/\/platform.twitter.com\/embed\/Tweet.html?creatorScreenName=oxuaz&amp;dnt=false&amp;embedId=twitter-widget-0&amp;features=eyJ0ZndfdGltZWxpbmVfbGlzdCI6eyJidWNrZXQiOltdLCJ2ZXJzaW9uIjpudWxsfSwidGZ3X2ZvbGxvd2VyX2NvdW50X3N1bnNldCI6eyJidWNrZXQiOnRydWUsInZlcnNpb24iOm51bGx9LCJ0ZndfdHdlZXRfZWRpdF9iYWNrZW5kIjp7ImJ1Y2tldCI6Im9uIiwidmVyc2lvbiI6bnVsbH0sInRmd19yZWZzcmNfc2Vzc2lvbiI6eyJidWNrZXQiOiJvbiIsInZlcnNpb24iOm51bGx9LCJ0ZndfZm9zbnJfc29mdF9pbnRlcnZlbnRpb25zX2VuYWJsZWQiOnsiYnVja2V0Ijoib24iLCJ2ZXJzaW9uIjpudWxsfSwidGZ3X21peGVkX21lZGlhXzE1ODk3Ijp7ImJ1Y2tldCI6InRyZWF0bWVudCIsInZlcnNpb24iOm51bGx9LCJ0ZndfZXhwZXJpbWVudHNfY29va2llX2V4cGlyYXRpb24iOnsiYnVja2V0IjoxMjA5NjAwLCJ2ZXJzaW9uIjpudWxsfSwidGZ3X3Nob3dfYmlyZHdhdGNoX3Bpdm90c19lbmFibGVkIjp7ImJ1Y2tldCI6Im9uIiwidmVyc2lvbiI6bnVsbH0sInRmd19kdXBsaWNhdGVfc2NyaWJlc190b19zZXR0aW5ncyI6eyJidWNrZXQiOiJvbiIsInZlcnNpb24iOm51bGx9LCJ0ZndfdXNlX3Byb2ZpbGVfaW1hZ2Vfc2hhcGVfZW5hYmxlZCI6eyJidWNrZXQiOiJvbiIsInZlcnNpb24iOm51bGx9LCJ0ZndfdmlkZW9faGxzX2R5bmFtaWNfbWFuaWZlc3RzXzE1MDgyIjp7ImJ1Y2tldCI6InRydWVfYml0cmF0ZSIsInZlcnNpb24iOm51bGx9LCJ0ZndfbGVnYWN5X3RpbWVsaW5lX3N1bnNldCI6eyJidWNrZXQiOnRydWUsInZlcnNpb24iOm51bGx9LCJ0ZndfdHdlZXRfZWRpdF9mcm9udGVuZCI6eyJidWNrZXQiOiJvbiIsInZlcnNpb24iOm51bGx9fQ%3D%3D&amp;frame=false&amp;hideCard=false&amp;hideThread=false&amp;id=1706890580314251510&amp;lang=en&amp;origin=https%3A%2F%2Foxu.az%2Fpolitics%2F782458&amp;sessionId=94e11103bcaa59af35f3ace9f817321695b1e8e1&amp;siteScreenName=oxuaz&amp;theme=light&amp;widgetsVersion=aaf4084522e3a%3A1674595607486&amp;width=550px\" frameborder=\"0\" scrolling=\"no\" allowfullscreen=\"allowfullscreen\" data-tweet-id=\"1706890580314251510\" data-mce-fragment=\"1\"><\/iframe><\/div>\n<\/div>\n<p>&nbsp;<\/p>\n","protected":false},"excerpt":{"rendered":"<p>Xarici i\u015fl\u0259r naziri Ceyhun Bayramov 27 Sentyabr &#8211;\u00a0An\u0131m G\u00fcn\u00fc il\u0259 ba\u011fl\u0131 payla\u015f\u0131m edib. Nazir payla\u015f\u0131m\u0131 \u00f6z\u00fcn\u00fcn \u201cX\u201d sosial \u015f\u0259b\u0259k\u0259 hesab\u0131nda d\u0259rc edib. \u201c44 g\u00fcnl\u00fck V\u0259t\u0259n m\u00fcharib\u0259sinin ba\u015flanmas\u0131n\u0131n 3-c\u00fc ild\u00f6n\u00fcm\u00fc v\u0259\u00a027 Sentyabr &#8211; An\u0131m G\u00fcn\u00fcnd\u0259, \u00f6z canlar\u0131 v\u0259 qanlar\u0131 bahas\u0131na bayra\u011f\u0131m\u0131z\u0131 i\u015f\u011faldan azad olunmu\u015f torpaqlar\u0131m\u0131zda dal\u011faland\u0131ran, q\u00fcrur, iftixar m\u0259nb\u0259yimiz olan q\u0259hr\u0259man \u015f\u0259hidl\u0259rimizin \u0259ziz xatir\u0259sini d\u0259rin h\u00f6rm\u0259tl\u0259 yad edirik\u201d. &nbsp;<\/p>\n","protected":false},"author":2,"featured_media":332406,"comment_status":"closed","ping_status":"closed","sticky":false,"template":"","format":"standard","meta":{"om_disable_all_campaigns":false,"_monsterinsights_skip_tracking":false,"_monsterinsights_sitenote_active":false,"_monsterinsights_sitenote_note":"","_monsterinsights_sitenote_category":0},"categories":[4],"tags":[],"aioseo_notices":[],"gutentor_comment":0,"rttpg_featured_image_url":{"full":["https:\/\/arantv.az\/wp-content\/uploads\/2021\/04\/ceyhun_bayramov_brifing_270420_002.jpg",800,450,false],"landscape":["https:\/\/arantv.az\/wp-content\/uploads\/2021\/04\/ceyhun_bayramov_brifing_270420_002.jpg",800,450,false],"portraits":["https:\/\/arantv.az\/wp-content\/uploads\/2021\/04\/ceyhun_bayramov_brifing_270420_002.jpg",800,450,false],"thumbnail":["https:\/\/arantv.az\/wp-content\/uploads\/2021\/04\/ceyhun_bayramov_brifing_270420_002-500x280.jpg",500,280,true],"medium":["https:\/\/arantv.az\/wp-content\/uploads\/2021\/04\/ceyhun_bayramov_brifing_270420_002-649x365.jpg",649,365,true],"large":["https:\/\/arantv.az\/wp-content\/uploads\/2021\/04\/ceyhun_bayramov_brifing_270420_002.jpg",640,360,false],"1536x1536":["https:\/\/arantv.az\/wp-content\/uploads\/2021\/04\/ceyhun_bayramov_brifing_270420_002.jpg",800,450,false],"2048x2048":["https:\/\/arantv.az\/wp-content\/uploads\/2021\/04\/ceyhun_bayramov_brifing_270420_002.jpg",800,450,false],"post-thumbnail":["https:\/\/arantv.az\/wp-content\/uploads\/2021\/04\/ceyhun_bayramov_brifing_270420_002-240x172.jpg",240,172,true],"advps-thumb-one":["https:\/\/arantv.az\/wp-content\/uploads\/2021\/04\/ceyhun_bayramov_brifing_270420_002.jpg",800,450,false]},"rttpg_author":{"display_name":"V\u00fcsal Rafiqo\u011flu","author_link":"https:\/\/arantv.az\/?author=2"},"rttpg_comment":0,"rttpg_category":"<a href=\"https:\/\/arantv.az\/?cat=4\" rel=\"category\">Siyas\u0259t<\/a>","rttpg_excerpt":"Xarici i\u015fl\u0259r naziri Ceyhun Bayramov 27 Sentyabr &#8211;\u00a0An\u0131m G\u00fcn\u00fc il\u0259 ba\u011fl\u0131 payla\u015f\u0131m edib. Nazir payla\u015f\u0131m\u0131 \u00f6z\u00fcn\u00fcn \u201cX\u201d sosial \u015f\u0259b\u0259k\u0259 hesab\u0131nda d\u0259rc edib. \u201c44 g\u00fcnl\u00fck V\u0259t\u0259n m\u00fcharib\u0259sinin ba\u015flanmas\u0131n\u0131n 3-c\u00fc ild\u00f6n\u00fcm\u00fc v\u0259\u00a027 Sentyabr &#8211; An\u0131m G\u00fcn\u00fcnd\u0259, \u00f6z canlar\u0131 v\u0259 qanlar\u0131 bahas\u0131na bayra\u011f\u0131m\u0131z\u0131 i\u015f\u011faldan azad olunmu\u015f torpaqlar\u0131m\u0131zda dal\u011faland\u0131ran, q\u00fcrur, iftixar m\u0259nb\u0259yimiz olan q\u0259hr\u0259man \u015f\u0259hidl\u0259rimizin \u0259ziz xatir\u0259sini d\u0259rin h\u00f6rm\u0259tl\u0259&hellip;","_links":{"self":[{"href":"https:\/\/arantv.az\/index.php?rest_route=\/wp\/v2\/posts\/638094"}],"collection":[{"href":"https:\/\/arantv.az\/index.php?rest_route=\/wp\/v2\/posts"}],"about":[{"href":"https:\/\/arantv.az\/index.php?rest_route=\/wp\/v2\/types\/post"}],"author":[{"embeddable":true,"href":"https:\/\/arantv.az\/index.php?rest_route=\/wp\/v2\/users\/2"}],"replies":[{"embeddable":true,"href":"https:\/\/arantv.az\/index.php?rest_route=%2Fwp%2Fv2%2Fcomments&post=638094"}],"version-history":[{"count":0,"href":"https:\/\/arantv.az\/index.php?rest_route=\/wp\/v2\/posts\/638094\/revisions"}],"wp:featuredmedia":[{"embeddable":true,"href":"https:\/\/arantv.az\/index.php?rest_route=\/wp\/v2\/media\/332406"}],"wp:attachment":[{"href":"https:\/\/arantv.az\/index.php?rest_route=%2Fwp%2Fv2%2Fmedia&parent=638094"}],"wp:term":[{"taxonomy":"category","embeddable":true,"href":"https:\/\/arantv.az\/index.php?rest_route=%2Fwp%2Fv2%2Fcategories&post=638094"},{"taxonomy":"post_tag","embeddable":true,"href":"https:\/\/arantv.az\/index.php?rest_route=%2Fwp%2Fv2%2Ftags&post=638094"}],"curies":[{"name":"wp","href":"https:\/\/api.w.org\/{rel}","templated":true}]}}