{"id":638096,"date":"2023-09-27T09:15:14","date_gmt":"2023-09-27T05:15:14","guid":{"rendered":"https:\/\/arantv.az\/?p=638096"},"modified":"2023-09-27T09:15:14","modified_gmt":"2023-09-27T05:15:14","slug":"mikayil-cabbarov-anim-gunu-il%c9%99-bagli-paylasim-edib-video","status":"publish","type":"post","link":"https:\/\/arantv.az\/?p=638096","title":{"rendered":"Mikay\u0131l Cabbarov An\u0131m G\u00fcn\u00fc il\u0259 ba\u011fl\u0131 payla\u015f\u0131m edib &#8211; V\u0130DEO"},"content":{"rendered":"<p>Az\u0259rbaycan\u0131n iqtisadiyyat naziri Mikay\u0131l Cabbarov 27 Sentyabr &#8211; An\u0131m G\u00fcn\u00fc il\u0259 ba\u011fl\u0131 payla\u015f\u0131m edib.<\/p>\n<p>Nazir payla\u015f\u0131m\u0131 \u00f6z\u00fcn\u00fcn \u201cX\u201d sosial \u015f\u0259b\u0259k\u0259 hesab\u0131nda d\u0259rc edib.<\/p>\n<p>\u201cD\u00f6vl\u0259t ba\u015f\u00e7\u0131s\u0131, m\u00fcz\u0259ff\u0259r Ali Ba\u015f Komandan\u00a0<strong>\u0130lham \u018fliyevin\u00a0<\/strong>r\u0259hb\u0259rliyi il\u0259 r\u0259\u015fad\u0259tli Ordumuzun do\u011fma torpaqlar\u0131m\u0131z\u0131 i\u015f\u011faldan azad etm\u0259si u\u011frunda m\u00fcbariz\u0259si v\u0259t\u0259np\u0259rv\u0259rlik, q\u0259tiyy\u0259t v\u0259 h\u0259mr\u0259yliyin t\u0259nt\u0259n\u0259sidir. V\u0259t\u0259n m\u00fcharib\u0259sind\u0259 q\u0259hr\u0259mancas\u0131na d\u00f6y\u00fc\u015f\u0259r\u0259k d\u00f6vl\u0259timizin \u0259razi b\u00fct\u00f6vl\u00fcy\u00fc u\u011frunda canlar\u0131n\u0131 f\u0259da etmi\u015f \u015f\u0259hidl\u0259rimizin \u0259ziz xatir\u0259sini d\u0259rin ehtiramla yad edirik\u201d, &#8211; payla\u015f\u0131mda qeyd edilib.<\/p>\n<div>\n<div class=\"twitter-tweet twitter-tweet-rendered\"><iframe id=\"twitter-widget-0\" class=\"\" title=\"Twitter Tweet\" src=\"https:\/\/platform.twitter.com\/embed\/Tweet.html?creatorScreenName=oxuaz&amp;dnt=false&amp;embedId=twitter-widget-0&amp;features=eyJ0ZndfdGltZWxpbmVfbGlzdCI6eyJidWNrZXQiOltdLCJ2ZXJzaW9uIjpudWxsfSwidGZ3X2ZvbGxvd2VyX2NvdW50X3N1bnNldCI6eyJidWNrZXQiOnRydWUsInZlcnNpb24iOm51bGx9LCJ0ZndfdHdlZXRfZWRpdF9iYWNrZW5kIjp7ImJ1Y2tldCI6Im9uIiwidmVyc2lvbiI6bnVsbH0sInRmd19yZWZzcmNfc2Vzc2lvbiI6eyJidWNrZXQiOiJvbiIsInZlcnNpb24iOm51bGx9LCJ0ZndfZm9zbnJfc29mdF9pbnRlcnZlbnRpb25zX2VuYWJsZWQiOnsiYnVja2V0Ijoib24iLCJ2ZXJzaW9uIjpudWxsfSwidGZ3X21peGVkX21lZGlhXzE1ODk3Ijp7ImJ1Y2tldCI6InRyZWF0bWVudCIsInZlcnNpb24iOm51bGx9LCJ0ZndfZXhwZXJpbWVudHNfY29va2llX2V4cGlyYXRpb24iOnsiYnVja2V0IjoxMjA5NjAwLCJ2ZXJzaW9uIjpudWxsfSwidGZ3X3Nob3dfYmlyZHdhdGNoX3Bpdm90c19lbmFibGVkIjp7ImJ1Y2tldCI6Im9uIiwidmVyc2lvbiI6bnVsbH0sInRmd19kdXBsaWNhdGVfc2NyaWJlc190b19zZXR0aW5ncyI6eyJidWNrZXQiOiJvbiIsInZlcnNpb24iOm51bGx9LCJ0ZndfdXNlX3Byb2ZpbGVfaW1hZ2Vfc2hhcGVfZW5hYmxlZCI6eyJidWNrZXQiOiJvbiIsInZlcnNpb24iOm51bGx9LCJ0ZndfdmlkZW9faGxzX2R5bmFtaWNfbWFuaWZlc3RzXzE1MDgyIjp7ImJ1Y2tldCI6InRydWVfYml0cmF0ZSIsInZlcnNpb24iOm51bGx9LCJ0ZndfbGVnYWN5X3RpbWVsaW5lX3N1bnNldCI6eyJidWNrZXQiOnRydWUsInZlcnNpb24iOm51bGx9LCJ0ZndfdHdlZXRfZWRpdF9mcm9udGVuZCI6eyJidWNrZXQiOiJvbiIsInZlcnNpb24iOm51bGx9fQ%3D%3D&amp;frame=false&amp;hideCard=false&amp;hideThread=false&amp;id=1706895573918347553&amp;lang=en&amp;origin=https%3A%2F%2Foxu.az%2Fpolitics%2F782465&amp;sessionId=98795c7f01445a85d9331ffd5cc750567ed58829&amp;siteScreenName=oxuaz&amp;theme=light&amp;widgetsVersion=aaf4084522e3a%3A1674595607486&amp;width=550px\" frameborder=\"0\" scrolling=\"no\" allowfullscreen=\"allowfullscreen\" data-tweet-id=\"1706895573918347553\" data-mce-fragment=\"1\"><\/iframe><\/div>\n<\/div>\n<p>&nbsp;<\/p>\n","protected":false},"excerpt":{"rendered":"<p>Az\u0259rbaycan\u0131n iqtisadiyyat naziri Mikay\u0131l Cabbarov 27 Sentyabr &#8211; An\u0131m G\u00fcn\u00fc il\u0259 ba\u011fl\u0131 payla\u015f\u0131m edib. Nazir payla\u015f\u0131m\u0131 \u00f6z\u00fcn\u00fcn \u201cX\u201d sosial \u015f\u0259b\u0259k\u0259 hesab\u0131nda d\u0259rc edib. \u201cD\u00f6vl\u0259t ba\u015f\u00e7\u0131s\u0131, m\u00fcz\u0259ff\u0259r Ali Ba\u015f Komandan\u00a0\u0130lham \u018fliyevin\u00a0r\u0259hb\u0259rliyi il\u0259 r\u0259\u015fad\u0259tli Ordumuzun do\u011fma torpaqlar\u0131m\u0131z\u0131 i\u015f\u011faldan azad etm\u0259si u\u011frunda m\u00fcbariz\u0259si v\u0259t\u0259np\u0259rv\u0259rlik, q\u0259tiyy\u0259t v\u0259 h\u0259mr\u0259yliyin t\u0259nt\u0259n\u0259sidir. V\u0259t\u0259n m\u00fcharib\u0259sind\u0259 q\u0259hr\u0259mancas\u0131na d\u00f6y\u00fc\u015f\u0259r\u0259k d\u00f6vl\u0259timizin \u0259razi b\u00fct\u00f6vl\u00fcy\u00fc u\u011frunda canlar\u0131n\u0131 f\u0259da etmi\u015f \u015f\u0259hidl\u0259rimizin \u0259ziz xatir\u0259sini d\u0259rin ehtiramla yad edirik\u201d, &#8211; payla\u015f\u0131mda qeyd edilib. &nbsp;<\/p>\n","protected":false},"author":2,"featured_media":638100,"comment_status":"closed","ping_status":"closed","sticky":false,"template":"","format":"standard","meta":{"om_disable_all_campaigns":false,"_monsterinsights_skip_tracking":false,"_monsterinsights_sitenote_active":false,"_monsterinsights_sitenote_note":"","_monsterinsights_sitenote_category":0},"categories":[4],"tags":[],"aioseo_notices":[],"gutentor_comment":0,"rttpg_featured_image_url":{"full":["https:\/\/arantv.az\/wp-content\/uploads\/2023\/09\/6.jpg",620,413,false],"landscape":["https:\/\/arantv.az\/wp-content\/uploads\/2023\/09\/6.jpg",620,413,false],"portraits":["https:\/\/arantv.az\/wp-content\/uploads\/2023\/09\/6.jpg",620,413,false],"thumbnail":["https:\/\/arantv.az\/wp-content\/uploads\/2023\/09\/6-500x280.jpg",500,280,true],"medium":["https:\/\/arantv.az\/wp-content\/uploads\/2023\/09\/6-548x365.jpg",548,365,true],"large":["https:\/\/arantv.az\/wp-content\/uploads\/2023\/09\/6.jpg",620,413,false],"1536x1536":["https:\/\/arantv.az\/wp-content\/uploads\/2023\/09\/6.jpg",620,413,false],"2048x2048":["https:\/\/arantv.az\/wp-content\/uploads\/2023\/09\/6.jpg",620,413,false],"post-thumbnail":["https:\/\/arantv.az\/wp-content\/uploads\/2023\/09\/6-240x172.jpg",240,172,true],"advps-thumb-one":["https:\/\/arantv.az\/wp-content\/uploads\/2023\/09\/6.jpg",620,413,false]},"rttpg_author":{"display_name":"V\u00fcsal Rafiqo\u011flu","author_link":"https:\/\/arantv.az\/?author=2"},"rttpg_comment":0,"rttpg_category":"<a href=\"https:\/\/arantv.az\/?cat=4\" rel=\"category\">Siyas\u0259t<\/a>","rttpg_excerpt":"Az\u0259rbaycan\u0131n iqtisadiyyat naziri Mikay\u0131l Cabbarov 27 Sentyabr &#8211; An\u0131m G\u00fcn\u00fc il\u0259 ba\u011fl\u0131 payla\u015f\u0131m edib. Nazir payla\u015f\u0131m\u0131 \u00f6z\u00fcn\u00fcn \u201cX\u201d sosial \u015f\u0259b\u0259k\u0259 hesab\u0131nda d\u0259rc edib. \u201cD\u00f6vl\u0259t ba\u015f\u00e7\u0131s\u0131, m\u00fcz\u0259ff\u0259r Ali Ba\u015f Komandan\u00a0\u0130lham \u018fliyevin\u00a0r\u0259hb\u0259rliyi il\u0259 r\u0259\u015fad\u0259tli Ordumuzun do\u011fma torpaqlar\u0131m\u0131z\u0131 i\u015f\u011faldan azad etm\u0259si u\u011frunda m\u00fcbariz\u0259si v\u0259t\u0259np\u0259rv\u0259rlik, q\u0259tiyy\u0259t v\u0259 h\u0259mr\u0259yliyin t\u0259nt\u0259n\u0259sidir. V\u0259t\u0259n m\u00fcharib\u0259sind\u0259 q\u0259hr\u0259mancas\u0131na d\u00f6y\u00fc\u015f\u0259r\u0259k d\u00f6vl\u0259timizin \u0259razi b\u00fct\u00f6vl\u00fcy\u00fc u\u011frunda canlar\u0131n\u0131 f\u0259da&hellip;","_links":{"self":[{"href":"https:\/\/arantv.az\/index.php?rest_route=\/wp\/v2\/posts\/638096"}],"collection":[{"href":"https:\/\/arantv.az\/index.php?rest_route=\/wp\/v2\/posts"}],"about":[{"href":"https:\/\/arantv.az\/index.php?rest_route=\/wp\/v2\/types\/post"}],"author":[{"embeddable":true,"href":"https:\/\/arantv.az\/index.php?rest_route=\/wp\/v2\/users\/2"}],"replies":[{"embeddable":true,"href":"https:\/\/arantv.az\/index.php?rest_route=%2Fwp%2Fv2%2Fcomments&post=638096"}],"version-history":[{"count":0,"href":"https:\/\/arantv.az\/index.php?rest_route=\/wp\/v2\/posts\/638096\/revisions"}],"wp:featuredmedia":[{"embeddable":true,"href":"https:\/\/arantv.az\/index.php?rest_route=\/wp\/v2\/media\/638100"}],"wp:attachment":[{"href":"https:\/\/arantv.az\/index.php?rest_route=%2Fwp%2Fv2%2Fmedia&parent=638096"}],"wp:term":[{"taxonomy":"category","embeddable":true,"href":"https:\/\/arantv.az\/index.php?rest_route=%2Fwp%2Fv2%2Fcategories&post=638096"},{"taxonomy":"post_tag","embeddable":true,"href":"https:\/\/arantv.az\/index.php?rest_route=%2Fwp%2Fv2%2Ftags&post=638096"}],"curies":[{"name":"wp","href":"https:\/\/api.w.org\/{rel}","templated":true}]}}