{"id":638103,"date":"2023-09-27T09:26:07","date_gmt":"2023-09-27T05:26:07","guid":{"rendered":"https:\/\/arantv.az\/?p=638103"},"modified":"2023-09-27T09:26:07","modified_gmt":"2023-09-27T05:26:07","slug":"mudafi%c9%99-nazirliyi-anim-gunu-il%c9%99-bagli-paylasim-edib-video","status":"publish","type":"post","link":"https:\/\/arantv.az\/?p=638103","title":{"rendered":"M\u00fcdafi\u0259 Nazirliyi An\u0131m G\u00fcn\u00fc il\u0259 ba\u011fl\u0131 payla\u015f\u0131m edib &#8211; V\u0130DEO"},"content":{"rendered":"<div>\n<p>M\u00fcdafi\u0259 Nazirliyi An\u0131m G\u00fcn\u00fc il\u0259 ba\u011fl\u0131 payla\u015f\u0131m edib.<\/p>\n<p>\u201cV\u0259t\u0259n u\u011frunda d\u00f6y\u00fc\u015f\u0259n h\u0259r bir \u0259sg\u0259r Q\u0259hr\u0259mand\u0131r!\u201d adl\u0131 video\u00e7arxda 44 g\u00fcnl\u00fck V\u0259t\u0259n m\u00fcharib\u0259si d\u00f6y\u00fc\u015fl\u0259rini \u0259ks etdir\u0259n g\u00f6r\u00fcnt\u00fcl\u0259r yer al\u0131b.<\/p>\n<p>Video\u00e7arxda V\u0259t\u0259n m\u00fcharib\u0259sind\u0259n sonra ke\u00e7irilmi\u015f h\u0259rbi parad, Prezident, Ali Ba\u015f Komandan\u00a0<strong>\u0130lham \u018fliyev<\/strong>\u00a0v\u0259 Birinci vitse-prezident\u00a0<strong>Mehriban \u018fliyevan\u0131n<\/strong>\u00a0i\u015f\u011faldan azad edilmi\u015f \u0259razil\u0259r\u0259 s\u0259f\u0259rl\u0259ri il\u0259 ba\u011fl\u0131 kadrlar da \u0259ks olunub.<\/p>\n<p>Video\u00e7arx\u0131 t\u0259qdim edirik:<\/p><\/div>\n<div><iframe loading=\"lazy\" title=\"YouTube video player\" src=\"https:\/\/www.youtube.com\/embed\/_9Vt0z1JgFA?si=F3HWIumiJNkA9YKh\" width=\"560\" height=\"315\" frameborder=\"0\" allowfullscreen=\"allowfullscreen\" data-mce-fragment=\"1\"><\/iframe><\/div>\n<p>&nbsp;<\/p>\n","protected":false},"excerpt":{"rendered":"<p>M\u00fcdafi\u0259 Nazirliyi An\u0131m G\u00fcn\u00fc il\u0259 ba\u011fl\u0131 payla\u015f\u0131m edib. \u201cV\u0259t\u0259n u\u011frunda d\u00f6y\u00fc\u015f\u0259n h\u0259r bir \u0259sg\u0259r Q\u0259hr\u0259mand\u0131r!\u201d adl\u0131 video\u00e7arxda 44 g\u00fcnl\u00fck V\u0259t\u0259n m\u00fcharib\u0259si d\u00f6y\u00fc\u015fl\u0259rini \u0259ks etdir\u0259n g\u00f6r\u00fcnt\u00fcl\u0259r yer al\u0131b. Video\u00e7arxda V\u0259t\u0259n m\u00fcharib\u0259sind\u0259n sonra ke\u00e7irilmi\u015f h\u0259rbi parad, Prezident, Ali Ba\u015f Komandan\u00a0\u0130lham \u018fliyev\u00a0v\u0259 Birinci vitse-prezident\u00a0Mehriban \u018fliyevan\u0131n\u00a0i\u015f\u011faldan azad edilmi\u015f \u0259razil\u0259r\u0259 s\u0259f\u0259rl\u0259ri il\u0259 ba\u011fl\u0131 kadrlar da \u0259ks olunub. Video\u00e7arx\u0131 t\u0259qdim edirik: &nbsp;<\/p>\n","protected":false},"author":2,"featured_media":638104,"comment_status":"closed","ping_status":"closed","sticky":false,"template":"","format":"standard","meta":{"om_disable_all_campaigns":false,"_monsterinsights_skip_tracking":false,"_monsterinsights_sitenote_active":false,"_monsterinsights_sitenote_note":"","_monsterinsights_sitenote_category":0},"categories":[4],"tags":[],"aioseo_notices":[],"gutentor_comment":0,"rttpg_featured_image_url":{"full":["https:\/\/arantv.az\/wp-content\/uploads\/2023\/09\/mn.jpg",620,413,false],"landscape":["https:\/\/arantv.az\/wp-content\/uploads\/2023\/09\/mn.jpg",620,413,false],"portraits":["https:\/\/arantv.az\/wp-content\/uploads\/2023\/09\/mn.jpg",620,413,false],"thumbnail":["https:\/\/arantv.az\/wp-content\/uploads\/2023\/09\/mn-500x280.jpg",500,280,true],"medium":["https:\/\/arantv.az\/wp-content\/uploads\/2023\/09\/mn-548x365.jpg",548,365,true],"large":["https:\/\/arantv.az\/wp-content\/uploads\/2023\/09\/mn.jpg",620,413,false],"1536x1536":["https:\/\/arantv.az\/wp-content\/uploads\/2023\/09\/mn.jpg",620,413,false],"2048x2048":["https:\/\/arantv.az\/wp-content\/uploads\/2023\/09\/mn.jpg",620,413,false],"post-thumbnail":["https:\/\/arantv.az\/wp-content\/uploads\/2023\/09\/mn-240x172.jpg",240,172,true],"advps-thumb-one":["https:\/\/arantv.az\/wp-content\/uploads\/2023\/09\/mn.jpg",620,413,false]},"rttpg_author":{"display_name":"V\u00fcsal Rafiqo\u011flu","author_link":"https:\/\/arantv.az\/?author=2"},"rttpg_comment":0,"rttpg_category":"<a href=\"https:\/\/arantv.az\/?cat=4\" rel=\"category\">Siyas\u0259t<\/a>","rttpg_excerpt":"M\u00fcdafi\u0259 Nazirliyi An\u0131m G\u00fcn\u00fc il\u0259 ba\u011fl\u0131 payla\u015f\u0131m edib. \u201cV\u0259t\u0259n u\u011frunda d\u00f6y\u00fc\u015f\u0259n h\u0259r bir \u0259sg\u0259r Q\u0259hr\u0259mand\u0131r!\u201d adl\u0131 video\u00e7arxda 44 g\u00fcnl\u00fck V\u0259t\u0259n m\u00fcharib\u0259si d\u00f6y\u00fc\u015fl\u0259rini \u0259ks etdir\u0259n g\u00f6r\u00fcnt\u00fcl\u0259r yer al\u0131b. Video\u00e7arxda V\u0259t\u0259n m\u00fcharib\u0259sind\u0259n sonra ke\u00e7irilmi\u015f h\u0259rbi parad, Prezident, Ali Ba\u015f Komandan\u00a0\u0130lham \u018fliyev\u00a0v\u0259 Birinci vitse-prezident\u00a0Mehriban \u018fliyevan\u0131n\u00a0i\u015f\u011faldan azad edilmi\u015f \u0259razil\u0259r\u0259 s\u0259f\u0259rl\u0259ri il\u0259 ba\u011fl\u0131 kadrlar da \u0259ks olunub. Video\u00e7arx\u0131 t\u0259qdim edirik:&hellip;","_links":{"self":[{"href":"https:\/\/arantv.az\/index.php?rest_route=\/wp\/v2\/posts\/638103"}],"collection":[{"href":"https:\/\/arantv.az\/index.php?rest_route=\/wp\/v2\/posts"}],"about":[{"href":"https:\/\/arantv.az\/index.php?rest_route=\/wp\/v2\/types\/post"}],"author":[{"embeddable":true,"href":"https:\/\/arantv.az\/index.php?rest_route=\/wp\/v2\/users\/2"}],"replies":[{"embeddable":true,"href":"https:\/\/arantv.az\/index.php?rest_route=%2Fwp%2Fv2%2Fcomments&post=638103"}],"version-history":[{"count":0,"href":"https:\/\/arantv.az\/index.php?rest_route=\/wp\/v2\/posts\/638103\/revisions"}],"wp:featuredmedia":[{"embeddable":true,"href":"https:\/\/arantv.az\/index.php?rest_route=\/wp\/v2\/media\/638104"}],"wp:attachment":[{"href":"https:\/\/arantv.az\/index.php?rest_route=%2Fwp%2Fv2%2Fmedia&parent=638103"}],"wp:term":[{"taxonomy":"category","embeddable":true,"href":"https:\/\/arantv.az\/index.php?rest_route=%2Fwp%2Fv2%2Fcategories&post=638103"},{"taxonomy":"post_tag","embeddable":true,"href":"https:\/\/arantv.az\/index.php?rest_route=%2Fwp%2Fv2%2Ftags&post=638103"}],"curies":[{"name":"wp","href":"https:\/\/api.w.org\/{rel}","templated":true}]}}