{"id":639830,"date":"2023-09-30T16:37:40","date_gmt":"2023-09-30T12:37:40","guid":{"rendered":"https:\/\/arantv.az\/?p=639830"},"modified":"2023-09-30T16:37:40","modified_gmt":"2023-09-30T12:37:40","slug":"bu-il-susada-17-binadan-ibar%c9%99t-yasayis-kompleksinin-tikintisin%c9%99-baslanilacaq","status":"publish","type":"post","link":"https:\/\/arantv.az\/?p=639830","title":{"rendered":"Bu il \u015eu\u015fada 17 binadan ibar\u0259t ya\u015fay\u0131\u015f kompleksinin tikintisin\u0259 ba\u015flan\u0131lacaq"},"content":{"rendered":"<p>\u201cBu il \u015eu\u015fada 17 binadan ibar\u0259t ya\u015fay\u0131\u015f kompleksinin tikintisin\u0259 ba\u015flan\u0131lacaq\u201d.<\/p>\n<p>APA x\u0259b\u0259r verir ki, bunu jurnalistl\u0259r\u0259 a\u00e7\u0131qlamas\u0131nda Az\u0259rbaycan Prezidentinin \u015eu\u015fa rayonundak\u0131 x\u00fcsusi n\u00fcmay\u0259nd\u0259si Ayd\u0131n K\u0259rimov Bak\u0131da ke\u00e7iril\u0259n 2-ci Az\u0259rbaycan Milli \u015e\u0259h\u0259rsalma Forumunda deyib.<\/p>\n<p>O bildirib ki, 10 binadan ibar\u0259t yeni m\u0259rk\u0259zi k\u00fc\u00e7\u0259 g\u0259l\u0259n ilin may ay\u0131nda istifad\u0259y\u0259 veril\u0259c\u0259k:<\/p>\n<p>\u201c\u0130lin sonunda \u015eu\u015fada ilk ya\u015fay\u0131\u015f kompleksinin in\u015fas\u0131 ba\u015fa \u00e7atacaq v\u0259 q\u0131sa m\u00fcdd\u0259t sonra 400-\u0259 yax\u0131n ail\u0259nin \u015eu\u015faya k\u00f6\u00e7\u00fcr\u00fclm\u0259si t\u0259min olunacaq. \u015eu\u015fada abid\u0259l\u0259rin, x\u00fcsusil\u0259 d\u0259 dini abid\u0259l\u0259rin b\u0259rpas\u0131 u\u011furla davam etdirilir\u201d.<\/p>\n<p>Ayd\u0131n K\u0259rimov Yuxar\u0131 G\u00f6vh\u0259ra\u011fa v\u0259 Saatl\u0131 m\u0259scidinin b\u0259rpa olundu\u011funu da deyib:<\/p>\n<p>\u201cG\u00fcman edir\u0259m ki, g\u0259l\u0259n il &#8211; islam d\u00fcnyas\u0131n\u0131n m\u0259d\u0259niyy\u0259t paytaxt\u0131 ili \u00fc\u00e7\u00fcn A\u015fa\u011f\u0131 G\u00f6vh\u0259ra\u011fa m\u0259scidinin b\u0259rpas\u0131 yekunla\u015facaq\u201d.<\/p>\n","protected":false},"excerpt":{"rendered":"<p>\u201cBu il \u015eu\u015fada 17 binadan ibar\u0259t ya\u015fay\u0131\u015f kompleksinin tikintisin\u0259 ba\u015flan\u0131lacaq\u201d. APA x\u0259b\u0259r verir ki, bunu jurnalistl\u0259r\u0259 a\u00e7\u0131qlamas\u0131nda Az\u0259rbaycan Prezidentinin \u015eu\u015fa rayonundak\u0131 x\u00fcsusi n\u00fcmay\u0259nd\u0259si Ayd\u0131n K\u0259rimov Bak\u0131da ke\u00e7iril\u0259n 2-ci Az\u0259rbaycan Milli \u015e\u0259h\u0259rsalma Forumunda deyib. O bildirib ki, 10 binadan ibar\u0259t yeni m\u0259rk\u0259zi k\u00fc\u00e7\u0259 g\u0259l\u0259n ilin may ay\u0131nda istifad\u0259y\u0259 veril\u0259c\u0259k: \u201c\u0130lin sonunda \u015eu\u015fada ilk ya\u015fay\u0131\u015f kompleksinin in\u015fas\u0131 ba\u015fa \u00e7atacaq v\u0259 q\u0131sa m\u00fcdd\u0259t sonra 400-\u0259 yax\u0131n ail\u0259nin \u015eu\u015faya k\u00f6\u00e7\u00fcr\u00fclm\u0259si t\u0259min olunacaq. \u015eu\u015fada abid\u0259l\u0259rin, x\u00fcsusil\u0259 d\u0259 dini abid\u0259l\u0259rin b\u0259rpas\u0131 u\u011furla davam etdirilir\u201d. Ayd\u0131n K\u0259rimov Yuxar\u0131 G\u00f6vh\u0259ra\u011fa v\u0259 Saatl\u0131 m\u0259scidinin b\u0259rpa olundu\u011funu da deyib: \u201cG\u00fcman&hellip;<\/p>\n","protected":false},"author":2,"featured_media":541717,"comment_status":"closed","ping_status":"closed","sticky":false,"template":"","format":"standard","meta":{"om_disable_all_campaigns":false,"_monsterinsights_skip_tracking":false,"_monsterinsights_sitenote_active":false,"_monsterinsights_sitenote_note":"","_monsterinsights_sitenote_category":0},"categories":[4],"tags":[],"aioseo_notices":[],"gutentor_comment":0,"rttpg_featured_image_url":{"full":["https:\/\/arantv.az\/wp-content\/uploads\/2022\/12\/susa_51670236450.jpg",649,365,false],"landscape":["https:\/\/arantv.az\/wp-content\/uploads\/2022\/12\/susa_51670236450.jpg",649,365,false],"portraits":["https:\/\/arantv.az\/wp-content\/uploads\/2022\/12\/susa_51670236450.jpg",649,365,false],"thumbnail":["https:\/\/arantv.az\/wp-content\/uploads\/2022\/12\/susa_51670236450-500x280.jpg",500,280,true],"medium":["https:\/\/arantv.az\/wp-content\/uploads\/2022\/12\/susa_51670236450.jpg",649,365,false],"large":["https:\/\/arantv.az\/wp-content\/uploads\/2022\/12\/susa_51670236450.jpg",640,360,false],"1536x1536":["https:\/\/arantv.az\/wp-content\/uploads\/2022\/12\/susa_51670236450.jpg",649,365,false],"2048x2048":["https:\/\/arantv.az\/wp-content\/uploads\/2022\/12\/susa_51670236450.jpg",649,365,false],"post-thumbnail":["https:\/\/arantv.az\/wp-content\/uploads\/2022\/12\/susa_51670236450-240x172.jpg",240,172,true],"advps-thumb-one":["https:\/\/arantv.az\/wp-content\/uploads\/2022\/12\/susa_51670236450.jpg",649,365,false]},"rttpg_author":{"display_name":"V\u00fcsal Rafiqo\u011flu","author_link":"https:\/\/arantv.az\/?author=2"},"rttpg_comment":0,"rttpg_category":"<a href=\"https:\/\/arantv.az\/?cat=4\" rel=\"category\">Siyas\u0259t<\/a>","rttpg_excerpt":"\u201cBu il \u015eu\u015fada 17 binadan ibar\u0259t ya\u015fay\u0131\u015f kompleksinin tikintisin\u0259 ba\u015flan\u0131lacaq\u201d. APA x\u0259b\u0259r verir ki, bunu jurnalistl\u0259r\u0259 a\u00e7\u0131qlamas\u0131nda Az\u0259rbaycan Prezidentinin \u015eu\u015fa rayonundak\u0131 x\u00fcsusi n\u00fcmay\u0259nd\u0259si Ayd\u0131n K\u0259rimov Bak\u0131da ke\u00e7iril\u0259n 2-ci Az\u0259rbaycan Milli \u015e\u0259h\u0259rsalma Forumunda deyib. O bildirib ki, 10 binadan ibar\u0259t yeni m\u0259rk\u0259zi k\u00fc\u00e7\u0259 g\u0259l\u0259n ilin may ay\u0131nda istifad\u0259y\u0259 veril\u0259c\u0259k: \u201c\u0130lin sonunda \u015eu\u015fada ilk ya\u015fay\u0131\u015f kompleksinin in\u015fas\u0131&hellip;","_links":{"self":[{"href":"https:\/\/arantv.az\/index.php?rest_route=\/wp\/v2\/posts\/639830"}],"collection":[{"href":"https:\/\/arantv.az\/index.php?rest_route=\/wp\/v2\/posts"}],"about":[{"href":"https:\/\/arantv.az\/index.php?rest_route=\/wp\/v2\/types\/post"}],"author":[{"embeddable":true,"href":"https:\/\/arantv.az\/index.php?rest_route=\/wp\/v2\/users\/2"}],"replies":[{"embeddable":true,"href":"https:\/\/arantv.az\/index.php?rest_route=%2Fwp%2Fv2%2Fcomments&post=639830"}],"version-history":[{"count":0,"href":"https:\/\/arantv.az\/index.php?rest_route=\/wp\/v2\/posts\/639830\/revisions"}],"wp:featuredmedia":[{"embeddable":true,"href":"https:\/\/arantv.az\/index.php?rest_route=\/wp\/v2\/media\/541717"}],"wp:attachment":[{"href":"https:\/\/arantv.az\/index.php?rest_route=%2Fwp%2Fv2%2Fmedia&parent=639830"}],"wp:term":[{"taxonomy":"category","embeddable":true,"href":"https:\/\/arantv.az\/index.php?rest_route=%2Fwp%2Fv2%2Fcategories&post=639830"},{"taxonomy":"post_tag","embeddable":true,"href":"https:\/\/arantv.az\/index.php?rest_route=%2Fwp%2Fv2%2Ftags&post=639830"}],"curies":[{"name":"wp","href":"https:\/\/api.w.org\/{rel}","templated":true}]}}