{"id":639838,"date":"2023-09-30T16:39:58","date_gmt":"2023-09-30T12:39:58","guid":{"rendered":"https:\/\/arantv.az\/?p=639838"},"modified":"2023-09-30T16:39:58","modified_gmt":"2023-09-30T12:39:58","slug":"prezident-ilham-%c9%99liyev-bmt-proqrami-ucun-v%c9%99sait-ayirib","status":"publish","type":"post","link":"https:\/\/arantv.az\/?p=639838","title":{"rendered":"Prezident \u0130lham \u018fliyev BMT proqram\u0131 \u00fc\u00e7\u00fcn v\u0259sait ay\u0131r\u0131b"},"content":{"rendered":"<p>Prezident\u00a0<strong>\u0130lham \u018fliyev<\/strong>\u00a0Birl\u0259\u015fmi\u015f Mill\u0259tl\u0259r T\u0259\u015fkilat\u0131n\u0131n M\u0259skunla\u015fma Proqram\u0131na (\u201cUN-Habitat\u201d) v\u0259sait ayr\u0131lmas\u0131 haqq\u0131nda S\u0259r\u0259ncam imzalay\u0131b.<\/p>\n<p><a href=\"https:\/\/president.az\/az\/articles\/view\/61381\" target=\"_blank\" rel=\"noopener\"><strong>President.az<\/strong><\/a>-\u0131n x\u0259b\u0259rin\u0259 g\u00f6r\u0259, s\u0259r\u0259ncamda deyilir ki, qlobal urbanizasiyan\u0131n artd\u0131\u011f\u0131 \u015f\u0259raitd\u0259 \u015f\u0259h\u0259rl\u0259rin dayan\u0131ql\u0131, inkl\u00fcziv v\u0259 t\u0259hl\u00fck\u0259siz inki\u015faf\u0131n\u0131 t\u0259min etm\u0259k Birl\u0259\u015fmi\u015f Mill\u0259tl\u0259r T\u0259\u015fkilat\u0131na (BMT) \u00fczv d\u00f6vl\u0259tl\u0259rin \u0259sas h\u0259d\u0259fin\u0259 \u00e7evrilib. \u00d6t\u0259n ill\u0259rd\u0259 Az\u0259rbaycan bu sah\u0259d\u0259 BMT-nin apar\u0131c\u0131 t\u0259sisat\u0131 olan M\u0259skunla\u015fma Proqram\u0131 (UN-Habitat) il\u0259 s\u0131x \u0259m\u0259kda\u015fl\u0131q ed\u0259r\u0259k, qeyd olunan h\u0259d\u0259fin realla\u015fmas\u0131na m\u00fch\u00fcm d\u0259st\u0259k g\u00f6st\u0259rib.<\/p>\n<p>T\u0259sad\u00fcfi deyildir ki, i\u015f\u011faldan azad edilmi\u015f \u0259razil\u0259rd\u0259 m\u00fcasir \u015f\u0259h\u0259r quruculu\u011fu v\u0259 b\u0259rpa i\u015fl\u0259ri BMT-nin \u201cDayan\u0131ql\u0131 inki\u015faf m\u0259qs\u0259dl\u0259ri\u201d t\u0259\u015f\u0259bb\u00fcs\u00fcn\u00fcn prinsipl\u0259ri \u0259sas\u0131nda h\u0259yata ke\u00e7irilir.<\/p>\n<p>G\u0259l\u0259c\u0259k inki\u015faf\u0131n v\u0259 rifah\u0131n \u0259sas q\u00fcvv\u0259si olan \u015f\u0259h\u0259rl\u0259rin davaml\u0131 inki\u015faf\u0131 namin\u0259 \u00f6lk\u0259l\u0259rin f\u0259al \u0259m\u0259kda\u015fl\u0131\u011f\u0131 qlobal s\u00fclh\u0259, t\u0259hl\u00fck\u0259sizliy\u0259 v\u0259 inki\u015fafa m\u00fch\u00fcm t\u00f6hf\u0259 ola bil\u0259r.<\/p>\n<p>D\u00fcnyada dayan\u0131ql\u0131 \u015f\u0259h\u0259rl\u0259rin inki\u015faf\u0131 istiqam\u0259tind\u0259 faydal\u0131 \u0259m\u0259kda\u015fl\u0131\u011f\u0131n geni\u015fl\u0259nm\u0259sin\u0259, el\u0259c\u0259 d\u0259 bu \u00e7\u0259r\u00e7iv\u0259d\u0259 s\u00fclh\u00fcn v\u0259 t\u0259hl\u00fck\u0259sizliyin m\u00f6hk\u0259ml\u0259nm\u0259sin\u0259 d\u0259st\u0259k g\u00f6st\u0259rm\u0259k m\u0259qs\u0259dil\u0259 Az\u0259rbaycan Respublikas\u0131n\u0131n 2023-c\u00fc il d\u00f6vl\u0259t b\u00fcdc\u0259sind\u0259 n\u0259z\u0259rd\u0259 tutulmu\u015f Az\u0259rbaycan Respublikas\u0131 Prezidentinin ehtiyat fondundan BMT-nin M\u0259skunla\u015fma Proqram\u0131na (UN-Habitat) bir milyon AB\u015e dollar\u0131n\u0131n manat ekvivalentind\u0259 v\u0259sait ayr\u0131l\u0131r.<\/p>\n<p>Maliyy\u0259l\u0259\u015fm\u0259ni t\u0259min etm\u0259k Maliyy\u0259 Nazirliyin\u0259, s\u0259r\u0259ncamdan ir\u0259li g\u0259l\u0259n m\u0259s\u0259l\u0259l\u0259rin h\u0259lli Nazirl\u0259r Kabinetin\u0259 h\u0259val\u0259 olunub.<\/p>\n","protected":false},"excerpt":{"rendered":"<p>Prezident\u00a0\u0130lham \u018fliyev\u00a0Birl\u0259\u015fmi\u015f Mill\u0259tl\u0259r T\u0259\u015fkilat\u0131n\u0131n M\u0259skunla\u015fma Proqram\u0131na (\u201cUN-Habitat\u201d) v\u0259sait ayr\u0131lmas\u0131 haqq\u0131nda S\u0259r\u0259ncam imzalay\u0131b. President.az-\u0131n x\u0259b\u0259rin\u0259 g\u00f6r\u0259, s\u0259r\u0259ncamda deyilir ki, qlobal urbanizasiyan\u0131n artd\u0131\u011f\u0131 \u015f\u0259raitd\u0259 \u015f\u0259h\u0259rl\u0259rin dayan\u0131ql\u0131, inkl\u00fcziv v\u0259 t\u0259hl\u00fck\u0259siz inki\u015faf\u0131n\u0131 t\u0259min etm\u0259k Birl\u0259\u015fmi\u015f Mill\u0259tl\u0259r T\u0259\u015fkilat\u0131na (BMT) \u00fczv d\u00f6vl\u0259tl\u0259rin \u0259sas h\u0259d\u0259fin\u0259 \u00e7evrilib. \u00d6t\u0259n ill\u0259rd\u0259 Az\u0259rbaycan bu sah\u0259d\u0259 BMT-nin apar\u0131c\u0131 t\u0259sisat\u0131 olan M\u0259skunla\u015fma Proqram\u0131 (UN-Habitat) il\u0259 s\u0131x \u0259m\u0259kda\u015fl\u0131q ed\u0259r\u0259k, qeyd olunan h\u0259d\u0259fin realla\u015fmas\u0131na m\u00fch\u00fcm d\u0259st\u0259k g\u00f6st\u0259rib. T\u0259sad\u00fcfi deyildir ki, i\u015f\u011faldan azad edilmi\u015f \u0259razil\u0259rd\u0259 m\u00fcasir \u015f\u0259h\u0259r quruculu\u011fu v\u0259 b\u0259rpa i\u015fl\u0259ri BMT-nin \u201cDayan\u0131ql\u0131 inki\u015faf m\u0259qs\u0259dl\u0259ri\u201d t\u0259\u015f\u0259bb\u00fcs\u00fcn\u00fcn prinsipl\u0259ri \u0259sas\u0131nda h\u0259yata ke\u00e7irilir. G\u0259l\u0259c\u0259k inki\u015faf\u0131n v\u0259 rifah\u0131n \u0259sas q\u00fcvv\u0259si&hellip;<\/p>\n","protected":false},"author":2,"featured_media":639841,"comment_status":"closed","ping_status":"closed","sticky":false,"template":"","format":"standard","meta":{"om_disable_all_campaigns":false,"_monsterinsights_skip_tracking":false,"_monsterinsights_sitenote_active":false,"_monsterinsights_sitenote_note":"","_monsterinsights_sitenote_category":0},"categories":[4],"tags":[],"aioseo_notices":[],"gutentor_comment":0,"rttpg_featured_image_url":{"full":["https:\/\/arantv.az\/wp-content\/uploads\/2023\/09\/140891325_10164425820405315_1342222326805839665_o-5.jpg",620,413,false],"landscape":["https:\/\/arantv.az\/wp-content\/uploads\/2023\/09\/140891325_10164425820405315_1342222326805839665_o-5.jpg",620,413,false],"portraits":["https:\/\/arantv.az\/wp-content\/uploads\/2023\/09\/140891325_10164425820405315_1342222326805839665_o-5.jpg",620,413,false],"thumbnail":["https:\/\/arantv.az\/wp-content\/uploads\/2023\/09\/140891325_10164425820405315_1342222326805839665_o-5-500x280.jpg",500,280,true],"medium":["https:\/\/arantv.az\/wp-content\/uploads\/2023\/09\/140891325_10164425820405315_1342222326805839665_o-5-548x365.jpg",548,365,true],"large":["https:\/\/arantv.az\/wp-content\/uploads\/2023\/09\/140891325_10164425820405315_1342222326805839665_o-5.jpg",620,413,false],"1536x1536":["https:\/\/arantv.az\/wp-content\/uploads\/2023\/09\/140891325_10164425820405315_1342222326805839665_o-5.jpg",620,413,false],"2048x2048":["https:\/\/arantv.az\/wp-content\/uploads\/2023\/09\/140891325_10164425820405315_1342222326805839665_o-5.jpg",620,413,false],"post-thumbnail":["https:\/\/arantv.az\/wp-content\/uploads\/2023\/09\/140891325_10164425820405315_1342222326805839665_o-5-240x172.jpg",240,172,true],"advps-thumb-one":["https:\/\/arantv.az\/wp-content\/uploads\/2023\/09\/140891325_10164425820405315_1342222326805839665_o-5.jpg",620,413,false]},"rttpg_author":{"display_name":"V\u00fcsal Rafiqo\u011flu","author_link":"https:\/\/arantv.az\/?author=2"},"rttpg_comment":0,"rttpg_category":"<a href=\"https:\/\/arantv.az\/?cat=4\" rel=\"category\">Siyas\u0259t<\/a>","rttpg_excerpt":"Prezident\u00a0\u0130lham \u018fliyev\u00a0Birl\u0259\u015fmi\u015f Mill\u0259tl\u0259r T\u0259\u015fkilat\u0131n\u0131n M\u0259skunla\u015fma Proqram\u0131na (\u201cUN-Habitat\u201d) v\u0259sait ayr\u0131lmas\u0131 haqq\u0131nda S\u0259r\u0259ncam imzalay\u0131b. President.az-\u0131n x\u0259b\u0259rin\u0259 g\u00f6r\u0259, s\u0259r\u0259ncamda deyilir ki, qlobal urbanizasiyan\u0131n artd\u0131\u011f\u0131 \u015f\u0259raitd\u0259 \u015f\u0259h\u0259rl\u0259rin dayan\u0131ql\u0131, inkl\u00fcziv v\u0259 t\u0259hl\u00fck\u0259siz inki\u015faf\u0131n\u0131 t\u0259min etm\u0259k Birl\u0259\u015fmi\u015f Mill\u0259tl\u0259r T\u0259\u015fkilat\u0131na (BMT) \u00fczv d\u00f6vl\u0259tl\u0259rin \u0259sas h\u0259d\u0259fin\u0259 \u00e7evrilib. \u00d6t\u0259n ill\u0259rd\u0259 Az\u0259rbaycan bu sah\u0259d\u0259 BMT-nin apar\u0131c\u0131 t\u0259sisat\u0131 olan M\u0259skunla\u015fma Proqram\u0131 (UN-Habitat) il\u0259 s\u0131x \u0259m\u0259kda\u015fl\u0131q ed\u0259r\u0259k,&hellip;","_links":{"self":[{"href":"https:\/\/arantv.az\/index.php?rest_route=\/wp\/v2\/posts\/639838"}],"collection":[{"href":"https:\/\/arantv.az\/index.php?rest_route=\/wp\/v2\/posts"}],"about":[{"href":"https:\/\/arantv.az\/index.php?rest_route=\/wp\/v2\/types\/post"}],"author":[{"embeddable":true,"href":"https:\/\/arantv.az\/index.php?rest_route=\/wp\/v2\/users\/2"}],"replies":[{"embeddable":true,"href":"https:\/\/arantv.az\/index.php?rest_route=%2Fwp%2Fv2%2Fcomments&post=639838"}],"version-history":[{"count":0,"href":"https:\/\/arantv.az\/index.php?rest_route=\/wp\/v2\/posts\/639838\/revisions"}],"wp:featuredmedia":[{"embeddable":true,"href":"https:\/\/arantv.az\/index.php?rest_route=\/wp\/v2\/media\/639841"}],"wp:attachment":[{"href":"https:\/\/arantv.az\/index.php?rest_route=%2Fwp%2Fv2%2Fmedia&parent=639838"}],"wp:term":[{"taxonomy":"category","embeddable":true,"href":"https:\/\/arantv.az\/index.php?rest_route=%2Fwp%2Fv2%2Fcategories&post=639838"},{"taxonomy":"post_tag","embeddable":true,"href":"https:\/\/arantv.az\/index.php?rest_route=%2Fwp%2Fv2%2Ftags&post=639838"}],"curies":[{"name":"wp","href":"https:\/\/api.w.org\/{rel}","templated":true}]}}