{"id":639842,"date":"2023-09-30T16:40:29","date_gmt":"2023-09-30T12:40:29","guid":{"rendered":"https:\/\/arantv.az\/?p=639842"},"modified":"2023-09-30T16:40:29","modified_gmt":"2023-09-30T12:40:29","slug":"susa-m%c9%99scidin%c9%99-axund-t%c9%99yin-olunub","status":"publish","type":"post","link":"https:\/\/arantv.az\/?p=639842","title":{"rendered":"\u015eu\u015fa m\u0259scidin\u0259 axund t\u0259yin olunub"},"content":{"rendered":"<p>\u015eu\u015fa m\u0259scidin\u0259\u00a0axund t\u0259yin olunub v\u0259 yax\u0131n vaxtlarda f\u0259aliyy\u0259t\u0259 ba\u015flayacaq.<\/p>\n<p>APA\u00a0x\u0259b\u0259r verir ki, bunu jurnalistl\u0259r\u0259 a\u00e7\u0131qlamas\u0131nda Az\u0259rbaycan Prezidentinin \u015eu\u015fa rayonundak\u0131 x\u00fcsusi n\u00fcmay\u0259nd\u0259si Ayd\u0131n K\u0259rimov Bak\u0131da 2-ci Az\u0259rbaycan Milli \u015e\u0259h\u0259rsalma Forumunda deyib.<\/p>\n","protected":false},"excerpt":{"rendered":"<p>\u015eu\u015fa m\u0259scidin\u0259\u00a0axund t\u0259yin olunub v\u0259 yax\u0131n vaxtlarda f\u0259aliyy\u0259t\u0259 ba\u015flayacaq. APA\u00a0x\u0259b\u0259r verir ki, bunu jurnalistl\u0259r\u0259 a\u00e7\u0131qlamas\u0131nda Az\u0259rbaycan Prezidentinin \u015eu\u015fa rayonundak\u0131 x\u00fcsusi n\u00fcmay\u0259nd\u0259si Ayd\u0131n K\u0259rimov Bak\u0131da 2-ci Az\u0259rbaycan Milli \u015e\u0259h\u0259rsalma Forumunda deyib.<\/p>\n","protected":false},"author":2,"featured_media":639845,"comment_status":"closed","ping_status":"closed","sticky":false,"template":"","format":"standard","meta":{"om_disable_all_campaigns":false,"_monsterinsights_skip_tracking":false,"_monsterinsights_sitenote_active":false,"_monsterinsights_sitenote_note":"","_monsterinsights_sitenote_category":0},"categories":[1],"tags":[],"aioseo_notices":[],"gutentor_comment":0,"rttpg_featured_image_url":{"full":["https:\/\/arantv.az\/wp-content\/uploads\/2023\/09\/6517db9d9c7316517db9d9c73216960623656517db9d9c72d6517db9d9c72f.jpg",620,413,false],"landscape":["https:\/\/arantv.az\/wp-content\/uploads\/2023\/09\/6517db9d9c7316517db9d9c73216960623656517db9d9c72d6517db9d9c72f.jpg",620,413,false],"portraits":["https:\/\/arantv.az\/wp-content\/uploads\/2023\/09\/6517db9d9c7316517db9d9c73216960623656517db9d9c72d6517db9d9c72f.jpg",620,413,false],"thumbnail":["https:\/\/arantv.az\/wp-content\/uploads\/2023\/09\/6517db9d9c7316517db9d9c73216960623656517db9d9c72d6517db9d9c72f-500x280.jpg",500,280,true],"medium":["https:\/\/arantv.az\/wp-content\/uploads\/2023\/09\/6517db9d9c7316517db9d9c73216960623656517db9d9c72d6517db9d9c72f-548x365.jpg",548,365,true],"large":["https:\/\/arantv.az\/wp-content\/uploads\/2023\/09\/6517db9d9c7316517db9d9c73216960623656517db9d9c72d6517db9d9c72f.jpg",620,413,false],"1536x1536":["https:\/\/arantv.az\/wp-content\/uploads\/2023\/09\/6517db9d9c7316517db9d9c73216960623656517db9d9c72d6517db9d9c72f.jpg",620,413,false],"2048x2048":["https:\/\/arantv.az\/wp-content\/uploads\/2023\/09\/6517db9d9c7316517db9d9c73216960623656517db9d9c72d6517db9d9c72f.jpg",620,413,false],"post-thumbnail":["https:\/\/arantv.az\/wp-content\/uploads\/2023\/09\/6517db9d9c7316517db9d9c73216960623656517db9d9c72d6517db9d9c72f-240x172.jpg",240,172,true],"advps-thumb-one":["https:\/\/arantv.az\/wp-content\/uploads\/2023\/09\/6517db9d9c7316517db9d9c73216960623656517db9d9c72d6517db9d9c72f.jpg",620,413,false]},"rttpg_author":{"display_name":"V\u00fcsal Rafiqo\u011flu","author_link":"https:\/\/arantv.az\/?author=2"},"rttpg_comment":0,"rttpg_category":"<a href=\"https:\/\/arantv.az\/?cat=1\" rel=\"category\">C\u0259miyy\u0259t<\/a>","rttpg_excerpt":"\u015eu\u015fa m\u0259scidin\u0259\u00a0axund t\u0259yin olunub v\u0259 yax\u0131n vaxtlarda f\u0259aliyy\u0259t\u0259 ba\u015flayacaq. APA\u00a0x\u0259b\u0259r verir ki, bunu jurnalistl\u0259r\u0259 a\u00e7\u0131qlamas\u0131nda Az\u0259rbaycan Prezidentinin \u015eu\u015fa rayonundak\u0131 x\u00fcsusi n\u00fcmay\u0259nd\u0259si Ayd\u0131n K\u0259rimov Bak\u0131da 2-ci Az\u0259rbaycan Milli \u015e\u0259h\u0259rsalma Forumunda deyib.","_links":{"self":[{"href":"https:\/\/arantv.az\/index.php?rest_route=\/wp\/v2\/posts\/639842"}],"collection":[{"href":"https:\/\/arantv.az\/index.php?rest_route=\/wp\/v2\/posts"}],"about":[{"href":"https:\/\/arantv.az\/index.php?rest_route=\/wp\/v2\/types\/post"}],"author":[{"embeddable":true,"href":"https:\/\/arantv.az\/index.php?rest_route=\/wp\/v2\/users\/2"}],"replies":[{"embeddable":true,"href":"https:\/\/arantv.az\/index.php?rest_route=%2Fwp%2Fv2%2Fcomments&post=639842"}],"version-history":[{"count":0,"href":"https:\/\/arantv.az\/index.php?rest_route=\/wp\/v2\/posts\/639842\/revisions"}],"wp:featuredmedia":[{"embeddable":true,"href":"https:\/\/arantv.az\/index.php?rest_route=\/wp\/v2\/media\/639845"}],"wp:attachment":[{"href":"https:\/\/arantv.az\/index.php?rest_route=%2Fwp%2Fv2%2Fmedia&parent=639842"}],"wp:term":[{"taxonomy":"category","embeddable":true,"href":"https:\/\/arantv.az\/index.php?rest_route=%2Fwp%2Fv2%2Fcategories&post=639842"},{"taxonomy":"post_tag","embeddable":true,"href":"https:\/\/arantv.az\/index.php?rest_route=%2Fwp%2Fv2%2Ftags&post=639842"}],"curies":[{"name":"wp","href":"https:\/\/api.w.org\/{rel}","templated":true}]}}