{"id":639844,"date":"2023-09-30T16:40:57","date_gmt":"2023-09-30T12:40:57","guid":{"rendered":"https:\/\/arantv.az\/?p=639844"},"modified":"2023-09-30T16:40:57","modified_gmt":"2023-09-30T12:40:57","slug":"ilham-%c9%99liyev-beyn%c9%99lxalq-astronavtika-federasiyasinin-prezidentini-q%c9%99bul-edib-yenil%c9%99nib","status":"publish","type":"post","link":"https:\/\/arantv.az\/?p=639844","title":{"rendered":"\u0130lham \u018fliyev Beyn\u0259lxalq Astronavtika Federasiyas\u0131n\u0131n prezidentini q\u0259bul edib &#8211; YEN\u0130L\u018fN\u0130B"},"content":{"rendered":"<p>Az\u0259rbaycan Respublikas\u0131n\u0131n Prezidenti\u00a0<strong>\u0130lham \u018fliyev<\/strong>\u00a0sentyabr\u0131n 30-da Beyn\u0259lxalq Astronavtika Federasiyas\u0131n\u0131n prezidenti Kley Mourini q\u0259bul edib.<\/p>\n<p><a href=\"https:\/\/azertag.az\/xeber\/prezident_ilham_eliyev_beynelxalq_astronavtika_federasiyasinin_prezidentini_qebul_edib_yenilenib-2769367\" target=\"_blank\" rel=\"noopener\">AZ\u018fRTAC<\/a>\u00a0x\u0259b\u0259r verir ki, d\u00f6vl\u0259timizin ba\u015f\u00e7\u0131s\u0131 Az\u0259rbaycanda ke\u00e7iril\u0259c\u0259k 74-c\u00fc Beyn\u0259lxalq Astronavtika Konqresinin \u0259h\u0259miyy\u0259tin\u0259 toxunaraq, bu t\u0259dbir\u0259 ev sahibliyi etm\u0259si \u00fc\u00e7\u00fcn \u00f6lk\u0259mizin se\u00e7ilm\u0259sin\u0259 g\u00f6r\u0259 minn\u0259tdarl\u0131\u011f\u0131n\u0131 bildirib. Prezident \u0130lham \u018fliyev Konqresin Az\u0259rbaycanda y\u00fcks\u0259k s\u0259viyy\u0259d\u0259 t\u0259\u015fkili \u00fc\u00e7\u00fcn b\u00f6y\u00fck haz\u0131rl\u0131q i\u015fl\u0259rinin g\u00f6r\u00fcld\u00fcy\u00fcn\u00fc vur\u011fulad\u0131.<\/p>\n<p>D\u00f6vl\u0259timizin ba\u015f\u00e7\u0131s\u0131 xeyli sayda qona\u011f\u0131n i\u015ftirak ed\u0259c\u0259yi bu t\u0259dbirin Az\u0259rbaycan il\u0259 daha yax\u0131ndan tan\u0131\u015f olmaq v\u0259 g\u0259l\u0259c\u0259k \u0259m\u0259kda\u015fl\u0131q planlar\u0131n\u0131n m\u00fc\u0259yy\u0259nl\u0259\u015fdirilm\u0259si bax\u0131m\u0131ndan \u00f6n\u0259mli oldu\u011funu qeyd edib.<\/p>\n<p>Kley Mouri Az\u0259rbaycana g\u0259lm\u0259kd\u0259n m\u0259mnunlu\u011funu bildir\u0259r\u0259k, 74-c\u00fc Beyn\u0259lxalq Astronavtika Konqresinin \u00f6lk\u0259mizd\u0259 ke\u00e7irilm\u0259sin\u0259 g\u00f6st\u0259rdiyi d\u0259st\u0259y\u0259 g\u00f6r\u0259 d\u00f6vl\u0259timizin ba\u015f\u00e7\u0131s\u0131na minn\u0259tdarl\u0131\u011f\u0131n\u0131 ifad\u0259 etdi, Az\u0259rbaycan\u0131n Konqres\u0259 haz\u0131rl\u0131\u011f\u0131n\u0131 y\u00fcks\u0259k qiym\u0259tl\u0259ndirib.<\/p>\n<p>Konqresin \u0259h\u0259miyy\u0259tin\u0259 toxunan qonaq burada 100-d\u0259n art\u0131q \u00f6lk\u0259d\u0259n be\u015f mind\u0259n \u00e7ox n\u00fcmay\u0259nd\u0259nin i\u015ftirak\u0131n\u0131 t\u0259dbir\u0259 veril\u0259n \u00f6n\u0259min g\u00f6st\u0259ricisi kimi d\u0259y\u0259rl\u0259ndirib. Qeyd edib ki, bu t\u0259dbir indiy\u0259d\u0259k ke\u00e7irilmi\u015f dig\u0259r konqresl\u0259rl\u0259 m\u00fcqayis\u0259d\u0259 i\u015ftirak\u00e7\u0131lar\u0131n say\u0131 v\u0259 t\u0259rkibi bax\u0131m\u0131ndan eyni s\u0259viyy\u0259d\u0259dir, h\u0259tta b\u0259zi g\u00f6st\u0259ricil\u0259r\u0259 g\u00f6r\u0259 onlardan da \u00fcst\u00fcnd\u00fcr.<\/p>\n<p>Beyn\u0259lxalq Astronavtika Federasiyas\u0131n\u0131n prezidenti bildirib ki, bu t\u0259dbir t\u0259qdim edil\u0259c\u0259k elmi m\u0259qal\u0259l\u0259rin say\u0131na g\u00f6r\u0259 d\u0259 \u0259n \u00f6n\u0259mli konqresl\u0259rd\u0259n biri olacaq. Bel\u0259 ki, Konqres\u0259 3 600-d\u0259k elmi m\u0259qal\u0259 t\u0259qdim edil\u0259c\u0259k.<\/p>\n<div id=\"22889818619\">\n<div id=\"google_ads_iframe_\/22785635315\/22890818619_0__container__\"><\/div>\n<\/div>\n<p>Bu t\u0259dbir \u00e7\u0259r\u00e7iv\u0259sind\u0259 BMT-nin Kosmik F\u0259za M\u0259s\u0259l\u0259l\u0259ri \u0130dar\u0259sinin v\u0259 Beyn\u0259lxalq Astronavtika Federasiyas\u0131n\u0131n birg\u0259 t\u0259\u015fkilat\u00e7\u0131l\u0131\u011f\u0131 il\u0259 \u201cSosial v\u0259 iqtisadi faydalar namin\u0259 kosmik texnologiyalar\u201d adl\u0131 seminar\u0131n v\u0259 Kosmik N\u0259sil M\u0259\u015fv\u0259r\u0259t \u015euras\u0131n\u0131n Kosmik N\u0259sil Konqresinin d\u0259 ke\u00e7irildiyi bildirilib.<\/p>\n<p>S\u00f6hb\u0259t zaman\u0131 Bak\u0131 \u015f\u0259h\u0259rinin v\u0259 Konqres M\u0259rk\u0259zinin bu m\u00f6t\u0259b\u0259r beyn\u0259lxalq t\u0259dbir\u0259 y\u00fcks\u0259k s\u0259viyy\u0259d\u0259 haz\u0131rl\u0131\u011f\u0131 x\u00fcsusi qeyd olunub.<\/p>\n<p><strong>11:40<\/strong><\/p>\n<p>Az\u0259rbaycan Respublikas\u0131n\u0131n Prezidenti\u00a0<strong>\u0130lham \u018fliyev<\/strong>\u00a0sentyabr\u0131n 30-da Beyn\u0259lxalq Astronavtika Federasiyas\u0131n\u0131n prezidenti Kley Mourini q\u0259bul edib.<\/p>\n<p>Bu bar\u0259d\u0259\u00a0<a href=\"https:\/\/azertag.az\/xeber\/prezident_ilham_eliyev_beynelxalq_astronavtika_federasiyasinin_prezidentini_qebul_edib_yenilenecek-2769367\" target=\"_blank\" rel=\"noopener\">AZ\u018fRTAC<\/a>\u00a0x\u0259b\u0259r verir.<\/p>\n","protected":false},"excerpt":{"rendered":"<p>Az\u0259rbaycan Respublikas\u0131n\u0131n Prezidenti\u00a0\u0130lham \u018fliyev\u00a0sentyabr\u0131n 30-da Beyn\u0259lxalq Astronavtika Federasiyas\u0131n\u0131n prezidenti Kley Mourini q\u0259bul edib. AZ\u018fRTAC\u00a0x\u0259b\u0259r verir ki, d\u00f6vl\u0259timizin ba\u015f\u00e7\u0131s\u0131 Az\u0259rbaycanda ke\u00e7iril\u0259c\u0259k 74-c\u00fc Beyn\u0259lxalq Astronavtika Konqresinin \u0259h\u0259miyy\u0259tin\u0259 toxunaraq, bu t\u0259dbir\u0259 ev sahibliyi etm\u0259si \u00fc\u00e7\u00fcn \u00f6lk\u0259mizin se\u00e7ilm\u0259sin\u0259 g\u00f6r\u0259 minn\u0259tdarl\u0131\u011f\u0131n\u0131 bildirib. Prezident \u0130lham \u018fliyev Konqresin Az\u0259rbaycanda y\u00fcks\u0259k s\u0259viyy\u0259d\u0259 t\u0259\u015fkili \u00fc\u00e7\u00fcn b\u00f6y\u00fck haz\u0131rl\u0131q i\u015fl\u0259rinin g\u00f6r\u00fcld\u00fcy\u00fcn\u00fc vur\u011fulad\u0131. D\u00f6vl\u0259timizin ba\u015f\u00e7\u0131s\u0131 xeyli sayda qona\u011f\u0131n i\u015ftirak ed\u0259c\u0259yi bu t\u0259dbirin Az\u0259rbaycan il\u0259 daha yax\u0131ndan tan\u0131\u015f olmaq v\u0259 g\u0259l\u0259c\u0259k \u0259m\u0259kda\u015fl\u0131q planlar\u0131n\u0131n m\u00fc\u0259yy\u0259nl\u0259\u015fdirilm\u0259si bax\u0131m\u0131ndan \u00f6n\u0259mli oldu\u011funu qeyd edib. Kley Mouri Az\u0259rbaycana g\u0259lm\u0259kd\u0259n m\u0259mnunlu\u011funu bildir\u0259r\u0259k, 74-c\u00fc Beyn\u0259lxalq Astronavtika Konqresinin \u00f6lk\u0259mizd\u0259 ke\u00e7irilm\u0259sin\u0259 g\u00f6st\u0259rdiyi d\u0259st\u0259y\u0259&hellip;<\/p>\n","protected":false},"author":2,"featured_media":639847,"comment_status":"closed","ping_status":"closed","sticky":false,"template":"","format":"standard","meta":{"om_disable_all_campaigns":false,"_monsterinsights_skip_tracking":false,"_monsterinsights_sitenote_active":false,"_monsterinsights_sitenote_note":"","_monsterinsights_sitenote_category":0},"categories":[4],"tags":[],"aioseo_notices":[],"gutentor_comment":0,"rttpg_featured_image_url":{"full":["https:\/\/arantv.az\/wp-content\/uploads\/2023\/09\/FotoJet-4-18.jpg",620,413,false],"landscape":["https:\/\/arantv.az\/wp-content\/uploads\/2023\/09\/FotoJet-4-18.jpg",620,413,false],"portraits":["https:\/\/arantv.az\/wp-content\/uploads\/2023\/09\/FotoJet-4-18.jpg",620,413,false],"thumbnail":["https:\/\/arantv.az\/wp-content\/uploads\/2023\/09\/FotoJet-4-18-500x280.jpg",500,280,true],"medium":["https:\/\/arantv.az\/wp-content\/uploads\/2023\/09\/FotoJet-4-18-548x365.jpg",548,365,true],"large":["https:\/\/arantv.az\/wp-content\/uploads\/2023\/09\/FotoJet-4-18.jpg",620,413,false],"1536x1536":["https:\/\/arantv.az\/wp-content\/uploads\/2023\/09\/FotoJet-4-18.jpg",620,413,false],"2048x2048":["https:\/\/arantv.az\/wp-content\/uploads\/2023\/09\/FotoJet-4-18.jpg",620,413,false],"post-thumbnail":["https:\/\/arantv.az\/wp-content\/uploads\/2023\/09\/FotoJet-4-18-240x172.jpg",240,172,true],"advps-thumb-one":["https:\/\/arantv.az\/wp-content\/uploads\/2023\/09\/FotoJet-4-18.jpg",620,413,false]},"rttpg_author":{"display_name":"V\u00fcsal Rafiqo\u011flu","author_link":"https:\/\/arantv.az\/?author=2"},"rttpg_comment":0,"rttpg_category":"<a href=\"https:\/\/arantv.az\/?cat=4\" rel=\"category\">Siyas\u0259t<\/a>","rttpg_excerpt":"Az\u0259rbaycan Respublikas\u0131n\u0131n Prezidenti\u00a0\u0130lham \u018fliyev\u00a0sentyabr\u0131n 30-da Beyn\u0259lxalq Astronavtika Federasiyas\u0131n\u0131n prezidenti Kley Mourini q\u0259bul edib. AZ\u018fRTAC\u00a0x\u0259b\u0259r verir ki, d\u00f6vl\u0259timizin ba\u015f\u00e7\u0131s\u0131 Az\u0259rbaycanda ke\u00e7iril\u0259c\u0259k 74-c\u00fc Beyn\u0259lxalq Astronavtika Konqresinin \u0259h\u0259miyy\u0259tin\u0259 toxunaraq, bu t\u0259dbir\u0259 ev sahibliyi etm\u0259si \u00fc\u00e7\u00fcn \u00f6lk\u0259mizin se\u00e7ilm\u0259sin\u0259 g\u00f6r\u0259 minn\u0259tdarl\u0131\u011f\u0131n\u0131 bildirib. Prezident \u0130lham \u018fliyev Konqresin Az\u0259rbaycanda y\u00fcks\u0259k s\u0259viyy\u0259d\u0259 t\u0259\u015fkili \u00fc\u00e7\u00fcn b\u00f6y\u00fck haz\u0131rl\u0131q i\u015fl\u0259rinin g\u00f6r\u00fcld\u00fcy\u00fcn\u00fc vur\u011fulad\u0131. D\u00f6vl\u0259timizin ba\u015f\u00e7\u0131s\u0131 xeyli sayda&hellip;","_links":{"self":[{"href":"https:\/\/arantv.az\/index.php?rest_route=\/wp\/v2\/posts\/639844"}],"collection":[{"href":"https:\/\/arantv.az\/index.php?rest_route=\/wp\/v2\/posts"}],"about":[{"href":"https:\/\/arantv.az\/index.php?rest_route=\/wp\/v2\/types\/post"}],"author":[{"embeddable":true,"href":"https:\/\/arantv.az\/index.php?rest_route=\/wp\/v2\/users\/2"}],"replies":[{"embeddable":true,"href":"https:\/\/arantv.az\/index.php?rest_route=%2Fwp%2Fv2%2Fcomments&post=639844"}],"version-history":[{"count":0,"href":"https:\/\/arantv.az\/index.php?rest_route=\/wp\/v2\/posts\/639844\/revisions"}],"wp:featuredmedia":[{"embeddable":true,"href":"https:\/\/arantv.az\/index.php?rest_route=\/wp\/v2\/media\/639847"}],"wp:attachment":[{"href":"https:\/\/arantv.az\/index.php?rest_route=%2Fwp%2Fv2%2Fmedia&parent=639844"}],"wp:term":[{"taxonomy":"category","embeddable":true,"href":"https:\/\/arantv.az\/index.php?rest_route=%2Fwp%2Fv2%2Fcategories&post=639844"},{"taxonomy":"post_tag","embeddable":true,"href":"https:\/\/arantv.az\/index.php?rest_route=%2Fwp%2Fv2%2Ftags&post=639844"}],"curies":[{"name":"wp","href":"https:\/\/api.w.org\/{rel}","templated":true}]}}