{"id":639848,"date":"2023-09-30T16:41:35","date_gmt":"2023-09-30T12:41:35","guid":{"rendered":"https:\/\/arantv.az\/?p=639848"},"modified":"2023-09-30T16:41:35","modified_gmt":"2023-09-30T12:41:35","slug":"israil-m%c9%99tbuati-dunya-qafqazda-sulh-ucun-beyn%c9%99lxalq-kampaniyasindan-yazib","status":"publish","type":"post","link":"https:\/\/arantv.az\/?p=639848","title":{"rendered":"\u0130srail m\u0259tbuat\u0131 \u201cD\u00fcnya Qafqazda s\u00fclh \u00fc\u00e7\u00fcn\u201d beyn\u0259lxalq kampaniyas\u0131ndan yaz\u0131b"},"content":{"rendered":"<p>Az\u0259rbaycan\u0131n Qaraba\u011fda antiterror t\u0259dbirl\u0259rind\u0259n sonra Ayub Kara v\u0259 Mordexay Kedar kimi tan\u0131nm\u0131\u015f \u0130srail siyas\u0259t\u00e7il\u0259ri b\u00f6lg\u0259d\u0259 s\u00fclh\u00fc d\u0259st\u0259kl\u0259m\u0259 s\u0259yl\u0259rini g\u00fccl\u0259ndiribl\u0259r.<\/p>\n<p>Tan\u0131nm\u0131\u015f israilli siyasi \u015f\u0259rh\u00e7i v\u0259 jurnalist, Dona Qrasiya Diplomatiya M\u0259rk\u0259zinin t\u0259sis\u00e7isi v\u0259 ba\u015f direktoru Rey\u00e7el Avraham bu bar\u0259d\u0259 \u00f6lk\u0259sinin populyar \u201cIsrael National News\u201d q\u0259zetind\u0259 d\u0259rc olunmu\u015f m\u0259qal\u0259sind\u0259 yaz\u0131b.<\/p>\n<p>Az\u0259rbaycan\u0131n daim b\u00f6lg\u0259d\u0259 s\u00fclh v\u0259 sabitlik siyas\u0259tin\u0259 sadiq qald\u0131\u011f\u0131n\u0131 diqq\u0259t\u0259 \u00e7\u0259k\u0259n \u201c\u0130sraillil\u0259r Az\u0259rbaycan-Erm\u0259nistan s\u00fclh\u00fcn\u00fcn \u0259ld\u0259 olunmas\u0131na k\u00f6m\u0259k ed\u0259 bil\u0259rmi?\u201d s\u0259rl\u00f6vh\u0259li m\u0259qal\u0259d\u0259 bunun a\u015fkar s\u00fcbutu kimi qeyd olunub ki, Qaraba\u011fda antiterror t\u0259dbirl\u0259rin\u0259 ba\u015flamas\u0131ndan \u00f6nc\u0259 \u00f6lk\u0259mizin b\u00f6lg\u0259d\u0259 s\u00fclh s\u0259yl\u0259rini d\u0259st\u0259kl\u0259y\u0259n 20-d\u0259n \u00e7ox \u00f6lk\u0259nin QHT v\u0259 v\u0259t\u0259nda\u015f c\u0259miyy\u0259ti t\u0259msil\u00e7il\u0259ri \u201cD\u00fcnya Qafqazda s\u00fclh \u00fc\u00e7\u00fcn\u201d adl\u0131 beyn\u0259lxalq kampaniya ba\u015flad\u0131b. Onlar La\u00e7\u0131n yolunun guya ba\u011fl\u0131 olmas\u0131 bar\u0259d\u0259 yay\u0131lm\u0131\u015f dezinformasiyalar\u0131n, bu istiqam\u0259td\u0259 apar\u0131lan q\u0259r\u0259zli kampaniyalar\u0131n s\u00fclh prosesin\u0259 z\u0259rb\u0259 vurmas\u0131ndan narahatl\u0131q ifad\u0259 edibl\u0259r. Xarici f\u0259allar \u201cD\u00fcnya Qafqazda s\u00fclh \u00fc\u00e7\u00fcn\u201d t\u0259\u015f\u0259bb\u00fcs\u00fc \u00e7\u0259r\u00e7iv\u0259sind\u0259 Qaraba\u011fda ya\u015fayan erm\u0259nil\u0259ri Erm\u0259nistan\u0131n v\u0259 separat\u00e7\u0131lar\u0131n t\u0259xribatlar\u0131na al\u0259t olmama\u011fa d\u0259v\u0259t edibl\u0259r.<\/p>\n<p>M\u0259qal\u0259d\u0259 Zimbabvenin \u201cG\u0259nc S\u0259firl\u0259r\u201d t\u0259\u015fkilat\u0131n\u0131n s\u0259dri Abiel Maverey\u0259 istinad edilib:<\/p>\n<p>\u201cBiz h\u0259ll edilm\u0259mi\u015f m\u00fcnaqi\u015f\u0259 g\u00f6rm\u0259k ist\u0259mirik. Biz ist\u0259nil\u0259n m\u00fcnaqi\u015f\u0259nin s\u00fclh yolu il\u0259, diplomatik h\u0259llin\u0259 \u00e7a\u011f\u0131r\u0131r\u0131q. Kim b\u00fct\u00fcn d\u00fcnyada s\u00fclh t\u0259r\u0259fdar\u0131d\u0131r, dig\u0259r t\u0259\u015fkilatlar\u0131 da \u201cD\u00fcnya Qafqazda s\u00fclh \u00fc\u00e7\u00fcn\u201d t\u0259\u015f\u0259bb\u00fcs\u00fcn\u0259 qo\u015fulma\u011fa c\u0259sar\u0259tl\u0259ndirm\u0259lidir\u201d.<\/p>\n<p>Diqq\u0259t\u0259 \u00e7atd\u0131r\u0131l\u0131b ki, Qaraba\u011fda ya\u015fayan erm\u0259nil\u0259r\u0259 \u00f6z \u00f6lk\u0259l\u0259rin\u0259 b\u0259rab\u0259rh\u00fcquqlu v\u0259t\u0259nda\u015flar kimi reinteqrasiya olunma imkan\u0131 tan\u0131nd\u0131\u011f\u0131 halda, onlar v\u0259 erm\u0259ni diasporunun \u00fcns\u00fcrl\u0259ri q\u0259ti \u015f\u0259kild\u0259 bu add\u0131ma qar\u015f\u0131 \u00e7\u0131x\u0131rlar. \u0130srailli politoloq bel\u0259 bir v\u0259ziyy\u0259td\u0259 alt\u0131 az\u0259rbaycanl\u0131n\u0131n erm\u0259nil\u0259rin t\u0259\u015fkil etdikl\u0259ri mina partlay\u0131\u015flar\u0131nda h\u0259lak olmas\u0131ndan sonra h\u0259r \u015feyin alt-\u00fcst oldu\u011funu v\u0259 Az\u0259rbaycan\u0131n antiterror t\u0259dbirl\u0259rin\u0259 ba\u015flamaq m\u0259cburiyy\u0259ti qar\u015f\u0131s\u0131nda qald\u0131\u011f\u0131n\u0131 vur\u011fulay\u0131b. M\u0259qal\u0259d\u0259 u\u011furla ba\u015fa \u00e7atan bu t\u0259dbirl\u0259rd\u0259n sonra erm\u0259nil\u0259rin t\u0259rk-silah edilm\u0259y\u0259 raz\u0131l\u0131q verdiyi qeyd olunub.<\/p>\n<p>M\u0259qal\u0259ni \u0259trafl\u0131\u00a0<a href=\"https:\/\/www.israelnationalnews.com\/news\/377593\" target=\"_blank\" rel=\"noopener\">bu<\/a>\u00a0linkd\u0259n oxumaq m\u00fcmk\u00fcnd\u00fcr.<\/p>\n","protected":false},"excerpt":{"rendered":"<p>Az\u0259rbaycan\u0131n Qaraba\u011fda antiterror t\u0259dbirl\u0259rind\u0259n sonra Ayub Kara v\u0259 Mordexay Kedar kimi tan\u0131nm\u0131\u015f \u0130srail siyas\u0259t\u00e7il\u0259ri b\u00f6lg\u0259d\u0259 s\u00fclh\u00fc d\u0259st\u0259kl\u0259m\u0259 s\u0259yl\u0259rini g\u00fccl\u0259ndiribl\u0259r. Tan\u0131nm\u0131\u015f israilli siyasi \u015f\u0259rh\u00e7i v\u0259 jurnalist, Dona Qrasiya Diplomatiya M\u0259rk\u0259zinin t\u0259sis\u00e7isi v\u0259 ba\u015f direktoru Rey\u00e7el Avraham bu bar\u0259d\u0259 \u00f6lk\u0259sinin populyar \u201cIsrael National News\u201d q\u0259zetind\u0259 d\u0259rc olunmu\u015f m\u0259qal\u0259sind\u0259 yaz\u0131b. Az\u0259rbaycan\u0131n daim b\u00f6lg\u0259d\u0259 s\u00fclh v\u0259 sabitlik siyas\u0259tin\u0259 sadiq qald\u0131\u011f\u0131n\u0131 diqq\u0259t\u0259 \u00e7\u0259k\u0259n \u201c\u0130sraillil\u0259r Az\u0259rbaycan-Erm\u0259nistan s\u00fclh\u00fcn\u00fcn \u0259ld\u0259 olunmas\u0131na k\u00f6m\u0259k ed\u0259 bil\u0259rmi?\u201d s\u0259rl\u00f6vh\u0259li m\u0259qal\u0259d\u0259 bunun a\u015fkar s\u00fcbutu kimi qeyd olunub ki, Qaraba\u011fda antiterror t\u0259dbirl\u0259rin\u0259 ba\u015flamas\u0131ndan \u00f6nc\u0259 \u00f6lk\u0259mizin b\u00f6lg\u0259d\u0259 s\u00fclh s\u0259yl\u0259rini d\u0259st\u0259kl\u0259y\u0259n 20-d\u0259n \u00e7ox \u00f6lk\u0259nin QHT v\u0259&hellip;<\/p>\n","protected":false},"author":2,"featured_media":639851,"comment_status":"closed","ping_status":"closed","sticky":false,"template":"","format":"standard","meta":{"om_disable_all_campaigns":false,"_monsterinsights_skip_tracking":false,"_monsterinsights_sitenote_active":false,"_monsterinsights_sitenote_note":"","_monsterinsights_sitenote_category":0},"categories":[4],"tags":[],"aioseo_notices":[],"gutentor_comment":0,"rttpg_featured_image_url":{"full":["https:\/\/arantv.az\/wp-content\/uploads\/2023\/09\/FotoJet-5-14.jpg",620,413,false],"landscape":["https:\/\/arantv.az\/wp-content\/uploads\/2023\/09\/FotoJet-5-14.jpg",620,413,false],"portraits":["https:\/\/arantv.az\/wp-content\/uploads\/2023\/09\/FotoJet-5-14.jpg",620,413,false],"thumbnail":["https:\/\/arantv.az\/wp-content\/uploads\/2023\/09\/FotoJet-5-14-500x280.jpg",500,280,true],"medium":["https:\/\/arantv.az\/wp-content\/uploads\/2023\/09\/FotoJet-5-14-548x365.jpg",548,365,true],"large":["https:\/\/arantv.az\/wp-content\/uploads\/2023\/09\/FotoJet-5-14.jpg",620,413,false],"1536x1536":["https:\/\/arantv.az\/wp-content\/uploads\/2023\/09\/FotoJet-5-14.jpg",620,413,false],"2048x2048":["https:\/\/arantv.az\/wp-content\/uploads\/2023\/09\/FotoJet-5-14.jpg",620,413,false],"post-thumbnail":["https:\/\/arantv.az\/wp-content\/uploads\/2023\/09\/FotoJet-5-14-240x172.jpg",240,172,true],"advps-thumb-one":["https:\/\/arantv.az\/wp-content\/uploads\/2023\/09\/FotoJet-5-14.jpg",620,413,false]},"rttpg_author":{"display_name":"V\u00fcsal Rafiqo\u011flu","author_link":"https:\/\/arantv.az\/?author=2"},"rttpg_comment":0,"rttpg_category":"<a href=\"https:\/\/arantv.az\/?cat=4\" rel=\"category\">Siyas\u0259t<\/a>","rttpg_excerpt":"Az\u0259rbaycan\u0131n Qaraba\u011fda antiterror t\u0259dbirl\u0259rind\u0259n sonra Ayub Kara v\u0259 Mordexay Kedar kimi tan\u0131nm\u0131\u015f \u0130srail siyas\u0259t\u00e7il\u0259ri b\u00f6lg\u0259d\u0259 s\u00fclh\u00fc d\u0259st\u0259kl\u0259m\u0259 s\u0259yl\u0259rini g\u00fccl\u0259ndiribl\u0259r. Tan\u0131nm\u0131\u015f israilli siyasi \u015f\u0259rh\u00e7i v\u0259 jurnalist, Dona Qrasiya Diplomatiya M\u0259rk\u0259zinin t\u0259sis\u00e7isi v\u0259 ba\u015f direktoru Rey\u00e7el Avraham bu bar\u0259d\u0259 \u00f6lk\u0259sinin populyar \u201cIsrael National News\u201d q\u0259zetind\u0259 d\u0259rc olunmu\u015f m\u0259qal\u0259sind\u0259 yaz\u0131b. Az\u0259rbaycan\u0131n daim b\u00f6lg\u0259d\u0259 s\u00fclh v\u0259 sabitlik siyas\u0259tin\u0259 sadiq&hellip;","_links":{"self":[{"href":"https:\/\/arantv.az\/index.php?rest_route=\/wp\/v2\/posts\/639848"}],"collection":[{"href":"https:\/\/arantv.az\/index.php?rest_route=\/wp\/v2\/posts"}],"about":[{"href":"https:\/\/arantv.az\/index.php?rest_route=\/wp\/v2\/types\/post"}],"author":[{"embeddable":true,"href":"https:\/\/arantv.az\/index.php?rest_route=\/wp\/v2\/users\/2"}],"replies":[{"embeddable":true,"href":"https:\/\/arantv.az\/index.php?rest_route=%2Fwp%2Fv2%2Fcomments&post=639848"}],"version-history":[{"count":0,"href":"https:\/\/arantv.az\/index.php?rest_route=\/wp\/v2\/posts\/639848\/revisions"}],"wp:featuredmedia":[{"embeddable":true,"href":"https:\/\/arantv.az\/index.php?rest_route=\/wp\/v2\/media\/639851"}],"wp:attachment":[{"href":"https:\/\/arantv.az\/index.php?rest_route=%2Fwp%2Fv2%2Fmedia&parent=639848"}],"wp:term":[{"taxonomy":"category","embeddable":true,"href":"https:\/\/arantv.az\/index.php?rest_route=%2Fwp%2Fv2%2Fcategories&post=639848"},{"taxonomy":"post_tag","embeddable":true,"href":"https:\/\/arantv.az\/index.php?rest_route=%2Fwp%2Fv2%2Ftags&post=639848"}],"curies":[{"name":"wp","href":"https:\/\/api.w.org\/{rel}","templated":true}]}}