{"id":639853,"date":"2023-09-30T16:43:44","date_gmt":"2023-09-30T12:43:44","guid":{"rendered":"https:\/\/arantv.az\/?p=639853"},"modified":"2023-09-30T16:43:44","modified_gmt":"2023-09-30T12:43:44","slug":"tarixi-furs%c9%99t-qarabagda-paytaxt-tik%c9%99k","status":"publish","type":"post","link":"https:\/\/arantv.az\/?p=639853","title":{"rendered":"Tarixi f\u00fcrs\u0259t \u2013 Qaraba\u011fda paytaxt tik\u0259k"},"content":{"rendered":"<p>M\u0259\u015fhur siyasi xadim Uinston \u00c7\u00f6r\u00e7illin bir qanadl\u0131 ifad\u0259si var: \u201cPessimist \u0259l\u0259 d\u00fc\u015f\u0259n h\u0259r f\u00fcrs\u0259td\u0259 \u00e7\u0259tinlik, optimist is\u0259 \u00fczl\u0259\u015fdiyi h\u0259r \u00e7\u0259tinlikd\u0259 f\u00fcrs\u0259t g\u00f6r\u00fcr\u201d.<\/p>\n<p>Biz m\u0259\u015fhur filmd\u0259 deyildiyi kimi, optimist n\u0259slin n\u00fcmay\u0259nd\u0259l\u0259riyik, art\u0131q \u00e7oxdan \u00fczl\u0259\u015fdiyimiz \u00e7\u0259tinlikl\u0259rin qar\u015f\u0131s\u0131nda durub \u0259ll\u0259rimizi \u0259lacs\u0131z \u015f\u0259kild\u0259 yana a\u00e7maqdan, gileyl\u0259nm\u0259kd\u0259n qurtarm\u0131\u015f\u0131q.<\/p>\n<p>Uzun ill\u0259r m\u0259ruz qald\u0131\u011f\u0131m\u0131z z\u0259rb\u0259l\u0259r, sars\u0131nt\u0131lar, m\u0259rhumiyy\u0259tl\u0259r biz\u0259 m\u00fcbariz v\u0259 nikbin olma\u011f\u0131 \u00f6yr\u0259tdi, anlad\u0131q ki, b\u00f6y\u00fck d\u00f6vl\u0259tl\u0259rd\u0259n, beyn\u0259lxalq t\u0259\u015fkilatlardan m\u0259d\u0259t umma\u011f\u0131n, sonu g\u00f6r\u00fcnm\u0259y\u0259n bir \u015f\u0259kild\u0259 yard\u0131m g\u00f6zl\u0259m\u0259yin xeyri yoxdur, \u00f6z ba\u015f\u0131m\u0131z\u0131n \u00e7ar\u0259sin\u0259 \u00f6z\u00fcm\u00fcz baxmal\u0131y\u0131q.<\/p>\n<p>44 g\u00fcnl\u00fck m\u00fcharib\u0259y\u0259 q\u0259d\u0259r d\u0259 bel\u0259 oldu, ondan sonra da. 2020-ci il\u0259 q\u0259d\u0259r 28-30 il boyunca i\u015f\u011fal alt\u0131nda olan torpaqlar\u0131m\u0131z\u0131 beyn\u0259lxalq g\u00fccl\u0259rin k\u00f6m\u0259yi il\u0259 azad etm\u0259k m\u00fcmk\u00fcn olmad\u0131qda, \u0259razil\u0259rimizi \u00f6z \u0259sg\u0259rimizin dizinin v\u0259 bil\u0259yinin g\u00fcc\u00fc il\u0259 azad etdiyimiz kimi, m\u00fcharib\u0259d\u0259n sonra ba\u015fdan-ba\u015fa xaraba qoyulmu\u015f, m\u00fcasir \u0130srail d\u00f6vl\u0259ti boyda bir yeri yenid\u0259n qurmaq, tikm\u0259k \u0259zmind\u0259yik.<\/p>\n<p>Biz bel\u0259 bir \u00e7\u0259tinlik qar\u015f\u0131s\u0131nday\u0131q, amma bu \u00e7\u0259tinlik Qaraba\u011f b\u00f6lg\u0259sind\u0259 m\u00fcasir d\u00fcnya standartlar\u0131na uy\u011fun \u015f\u0259kild\u0259 tikinti-quruculuq i\u015fl\u0259ri aparmaq \u00fc\u00e7\u00fcn biz\u0259 f\u00fcrs\u0259t verib.<\/p>\n<p>35e8338d42-Agdamda-yene-de-ag-evler-ucalir.jpg (74 KB)<\/p>\n<p>\u0130ndi Az\u0259rbaycan s\u0131f\u0131rdan yeni \u015f\u0259h\u0259r v\u0259 k\u0259ndl\u0259r in\u015fa edir.<\/p>\n<p>\u201cS\u0131f\u0131rdan\u201d dey\u0259nd\u0259 s\u00f6hb\u0259t ger\u00e7\u0259kd\u0259n d\u0259 vaxtil\u0259 abad \u015f\u0259h\u0259r v\u0259 q\u0259s\u0259b\u0259l\u0259r yerl\u0259\u015fmi\u015f yerl\u0259rin da\u015f-\u00e7\u0131nq\u0131l qalaqlar\u0131ndan t\u0259mizl\u0259nm\u0259sind\u0259n, yerinin d\u00fczl\u0259nib hamarlanmas\u0131ndan v\u0259 yenid\u0259n \u00f6z\u00fcl at\u0131l\u0131b tikintiy\u0259 ba\u015flanmas\u0131ndan gedir.<\/p>\n<p>\u015e\u00fck\u00fcr ki, son 20 ild\u0259 \u00f6lk\u0259mizd\u0259 tikinti sektoru yax\u015f\u0131 inki\u015faf edib, \u0259limizin alt\u0131nda h\u0259r c\u00fcr m\u00fcasir tikinti texnikas\u0131 v\u0259 texnologiyas\u0131, h\u0259r c\u00fcr in\u015faat materiallar\u0131 v\u0259 layih\u0259l\u0259r var. \u0130\u015f\u00e7i q\u00fcvv\u0259si sar\u0131dan da \u00e7\u0259tinliyimiz yoxdur.<\/p>\n<p>Qal\u0131r bu tikinti layih\u0259l\u0259rinin maliyy\u0259l\u0259\u015fdirilm\u0259si. O da&#8230; Allah \u00f6z d\u00f6vl\u0259timizin x\u0259zin\u0259sin\u0259, fondlar\u0131na, resurslar\u0131na b\u0259r\u0259k\u0259t versin.<\/p>\n<p>44 g\u00fcnl\u00fck m\u00fcharib\u0259d\u0259n \u00e7ox-\u00e7ox \u00f6nc\u0259l\u0259r Avropan\u0131n siyasi dair\u0259l\u0259ri, fondlar\u0131 v\u0259 banklar\u0131 tez-tez t\u0259krar edirdil\u0259r ki, Erm\u0259nistan v\u0259 Az\u0259rbaycan s\u00fclh sazi\u015fi imzalas\u0131n, ondan sonra b\u00f6lg\u0259nin m\u00fcharib\u0259d\u0259n z\u0259r\u0259r\u00e7\u0259kmi\u015f rayonlar\u0131n\u0131n b\u0259rpas\u0131 \u00fc\u00e7\u00fcn milyardlarla dollar h\u0259cmind\u0259 v\u0259sait ay\u0131racaqlar.<\/p>\n<p>Ancaq 2020-ci ilin bu vaxtlar\u0131ndan ke\u00e7\u0259n m\u00fcdd\u0259t \u0259rzind\u0259 onlar \u00f6z s\u00f6zl\u0259rini tutmad\u0131lar. M\u0259lum oldu ki, avropal\u0131lar \u201cs\u00fclh sazi\u015fi\u201d dey\u0259rk\u0259n, Az\u0259rbaycan\u0131n Qaraba\u011fa iddia etm\u0259m\u0259sini, Qaraba\u011f\u0131n ya m\u00fcst\u0259qil d\u00f6vl\u0259t olmas\u0131, ya da Erm\u0259nistana birl\u0259\u015fdirilm\u0259si \u015f\u0259rtil\u0259 il\u0259 imzalanacaq s\u00fclh m\u00fcqavil\u0259sini n\u0259z\u0259rd\u0259 tuturmu\u015flar. Ondan sonra Qubadl\u0131da, La\u00e7\u0131nda erm\u0259nil\u0259r\u0259 q\u0131rm\u0131z\u0131 daml\u0131 q\u0259s\u0259b\u0259l\u0259r tikdikl\u0259ri kimi yen\u0259 d\u0259 yeni bir erm\u0259ni mahal\u0131n\u0131n tikintisin\u0259 k\u00f6m\u0259k ed\u0259c\u0259kmi\u015fl\u0259r.<\/p>\n<p>El\u0259 olmad\u0131. Biz Qaraba\u011f torpaqlar\u0131n\u0131 xaraba, viran\u0259 qoyulmu\u015f \u015f\u0259kild\u0259 olsa da, geri ald\u0131q. \u018fzilmi\u015f avtomobili s\u0131f\u0131rdan y\u0131\u011fma\u011fa ba\u015flayan mahir ustalar kimi, indi onu yenid\u0259n b\u0259rpa edirik \u2013 h\u0259m d\u0259 b\u00f6y\u00fck \u0259zm v\u0259 entuziazmla.<\/p>\n<p>065631df82f0c327c5af8515c56a98c2_6204531.jpg (425 KB)<\/p>\n<p>Qaraba\u011f b\u00f6lg\u0259sind\u0259 d\u00f6vl\u0259t ba\u015f\u00e7\u0131s\u0131n\u0131n i\u015ftirak\u0131 il\u0259 ard-arda v\u0259 vaxta\u015f\u0131r\u0131 yeni-yeni k\u0259ndl\u0259rin, q\u0259s\u0259b\u0259l\u0259rin ilk binalar\u0131n\u0131n t\u0259m\u0259lqoyma m\u0259rasimi ke\u00e7irilir v\u0259 tikinti-quruculuq i\u015fl\u0259ri davam edir.<\/p>\n<p>Son g\u00fcnl\u0259r pe\u015f\u0259kar mediada v\u0259 sosial \u015f\u0259b\u0259k\u0259l\u0259rd\u0259 bir t\u0259klif d\u0259 s\u0259sl\u0259nir v\u0259 getdikc\u0259 \u00f6z\u00fcn\u0259 \u00e7oxlu t\u0259r\u0259fdar toplay\u0131r. Bu, \u00e7\u0259tinlikl\u0259rl\u0259 m\u00fc\u015fayi\u0259t olunsa da, yaranm\u0131\u015f f\u00fcrs\u0259td\u0259n istifad\u0259 ed\u0259r\u0259k Qaraba\u011f mahal\u0131nda (A\u011fdam, Xank\u0259ndi civar\u0131nda) b\u00f6y\u00fck bir \u015f\u0259h\u0259r salmaq, zamanla onu meqapolis\u0259 \u00e7evirib \u00f6lk\u0259nin paytaxt\u0131na \u00e7evirm\u0259k ideyas\u0131d\u0131r.<\/p>\n<p>Onsuz da paytaxt\u0131n olduqca \u015fi\u015fmi\u015f Bak\u0131dan k\u00f6\u00e7\u00fcr\u00fclm\u0259si m\u0259s\u0259l\u0259si g\u00fcnd\u0259n-g\u00fcn\u0259 aktualla\u015f\u0131r. Bak\u0131 art\u0131q milyonlarla insan\u0131n, y\u00fcz minl\u0259rl\u0259 avtomobilin topla\u015fd\u0131\u011f\u0131, h\u0259r\u0259k\u0259t etdiyi q\u0259l\u0259b\u0259liyi v\u0259 izdiham\u0131 qald\u0131ra bilmir.<\/p>\n<p>Onun bir q\u0259d\u0259r seyr\u0259lm\u0259si, \u0259n az\u0131 bundan daha art\u0131q s\u0131xla\u015fmamas\u0131 z\u0259ruridir. Yoxsa bir azdan paytaxtda bir-birind\u0259n 5-10 km m\u0259saf\u0259d\u0259 yerl\u0259\u015f\u0259n A n\u00f6qt\u0259sind\u0259n B n\u00f6qt\u0259sin\u0259 saatlarla \u00e7atmaq m\u00fcmk\u00fcn olmayacaq.<\/p>\n<p>f8d199bd41f74951bee52c24d9c414dc.jpg (713 KB)<\/p>\n<p>Qaraba\u011f\u0131n yenid\u0259n tikilm\u0259si d\u00f6vl\u0259t\u0259 bel\u0259 bir imkan yarad\u0131r ki, geni\u015f bir \u0259razid\u0259, d\u00fcnya standartlar\u0131na uy\u011fun \u015f\u0259kild\u0259 (geni\u015f prospektl\u0259r, b\u00f6y\u00fck parklar, h\u0259r c\u00fcr t\u0259minatl\u0131 ya\u015fay\u0131\u015f kompleksl\u0259ri, bir-birin\u0259 yax\u0131n m\u0259safd\u0259 yerl\u0259\u015f\u0259n inzibati binalardan ibar\u0259t \u015f\u0259h\u0259rcikl\u0259r) tikilm\u0259kd\u0259 olan \u015f\u0259h\u0259rl\u0259rd\u0259n biri perspektiv paytaxt \u015f\u0259h\u0259ri kimi n\u0259z\u0259rd\u0259 tutulsun.<\/p>\n<p>Bel\u0259 bir \u015fey olsa, he\u00e7 10 il ke\u00e7m\u0259z ki, h\u0259min \u015f\u0259h\u0259r 1 milyondan \u00e7ox \u0259halisi olan meqapolis\u0259 \u00e7evril\u0259r. \u00d6n\u00fcm\u00fczd\u0259 bizim L\u0259nk\u0259ran boyda olan Akmolu \u015f\u0259h\u0259rinin bug\u00fcnk\u00fc Astanaya \u2013 Qazax\u0131stan\u0131n paytaxt\u0131na \u00e7evrilm\u0259si kimi bir \u00f6rn\u0259k var.<\/p>\n<p>D\u00fczd\u00fcr, bu, bir az uzun m\u00fczakir\u0259 t\u0259l\u0259b ed\u0259n m\u00f6vzudur, ancaq haz\u0131rda biz\u0259 bel\u0259 bir m\u00f6vzunu m\u00fczakir\u0259 v\u0259 sonda q\u0259rar q\u0259bul etm\u0259k \u00fc\u00e7\u00fcn f\u00fcrs\u0259t yaran\u0131b.<\/p>\n<p>H\u0259r f\u00fcrs\u0259td\u0259 \u00e7\u0259tinlik axtarmaq is\u0259, \u00c7\u00f6r\u00e7illin dediyi kimi, pessimistl\u0259rin i\u015fidir. Nikbin olaq, g\u0259l\u0259c\u0259y\u0259 baxaq.<\/p>\n","protected":false},"excerpt":{"rendered":"<p>M\u0259\u015fhur siyasi xadim Uinston \u00c7\u00f6r\u00e7illin bir qanadl\u0131 ifad\u0259si var: \u201cPessimist \u0259l\u0259 d\u00fc\u015f\u0259n h\u0259r f\u00fcrs\u0259td\u0259 \u00e7\u0259tinlik, optimist is\u0259 \u00fczl\u0259\u015fdiyi h\u0259r \u00e7\u0259tinlikd\u0259 f\u00fcrs\u0259t g\u00f6r\u00fcr\u201d. Biz m\u0259\u015fhur filmd\u0259 deyildiyi kimi, optimist n\u0259slin n\u00fcmay\u0259nd\u0259l\u0259riyik, art\u0131q \u00e7oxdan \u00fczl\u0259\u015fdiyimiz \u00e7\u0259tinlikl\u0259rin qar\u015f\u0131s\u0131nda durub \u0259ll\u0259rimizi \u0259lacs\u0131z \u015f\u0259kild\u0259 yana a\u00e7maqdan, gileyl\u0259nm\u0259kd\u0259n qurtarm\u0131\u015f\u0131q. Uzun ill\u0259r m\u0259ruz qald\u0131\u011f\u0131m\u0131z z\u0259rb\u0259l\u0259r, sars\u0131nt\u0131lar, m\u0259rhumiyy\u0259tl\u0259r biz\u0259 m\u00fcbariz v\u0259 nikbin olma\u011f\u0131 \u00f6yr\u0259tdi, anlad\u0131q ki, b\u00f6y\u00fck d\u00f6vl\u0259tl\u0259rd\u0259n, beyn\u0259lxalq t\u0259\u015fkilatlardan m\u0259d\u0259t umma\u011f\u0131n, sonu g\u00f6r\u00fcnm\u0259y\u0259n bir \u015f\u0259kild\u0259 yard\u0131m g\u00f6zl\u0259m\u0259yin xeyri yoxdur, \u00f6z ba\u015f\u0131m\u0131z\u0131n \u00e7ar\u0259sin\u0259 \u00f6z\u00fcm\u00fcz baxmal\u0131y\u0131q. 44 g\u00fcnl\u00fck m\u00fcharib\u0259y\u0259 q\u0259d\u0259r d\u0259 bel\u0259 oldu, ondan sonra da. 2020-ci il\u0259 q\u0259d\u0259r&hellip;<\/p>\n","protected":false},"author":2,"featured_media":639857,"comment_status":"closed","ping_status":"closed","sticky":false,"template":"","format":"standard","meta":{"om_disable_all_campaigns":false,"_monsterinsights_skip_tracking":false,"_monsterinsights_sitenote_active":false,"_monsterinsights_sitenote_note":"","_monsterinsights_sitenote_category":0},"categories":[1],"tags":[],"aioseo_notices":[],"gutentor_comment":0,"rttpg_featured_image_url":{"full":["https:\/\/arantv.az\/wp-content\/uploads\/2023\/09\/30786869e2a4f66a2fb06d7d2a84895c.jpg",812,500,false],"landscape":["https:\/\/arantv.az\/wp-content\/uploads\/2023\/09\/30786869e2a4f66a2fb06d7d2a84895c.jpg",812,500,false],"portraits":["https:\/\/arantv.az\/wp-content\/uploads\/2023\/09\/30786869e2a4f66a2fb06d7d2a84895c.jpg",812,500,false],"thumbnail":["https:\/\/arantv.az\/wp-content\/uploads\/2023\/09\/30786869e2a4f66a2fb06d7d2a84895c-500x280.jpg",500,280,true],"medium":["https:\/\/arantv.az\/wp-content\/uploads\/2023\/09\/30786869e2a4f66a2fb06d7d2a84895c-593x365.jpg",593,365,true],"large":["https:\/\/arantv.az\/wp-content\/uploads\/2023\/09\/30786869e2a4f66a2fb06d7d2a84895c.jpg",640,394,false],"1536x1536":["https:\/\/arantv.az\/wp-content\/uploads\/2023\/09\/30786869e2a4f66a2fb06d7d2a84895c.jpg",812,500,false],"2048x2048":["https:\/\/arantv.az\/wp-content\/uploads\/2023\/09\/30786869e2a4f66a2fb06d7d2a84895c.jpg",812,500,false],"post-thumbnail":["https:\/\/arantv.az\/wp-content\/uploads\/2023\/09\/30786869e2a4f66a2fb06d7d2a84895c-240x172.jpg",240,172,true],"advps-thumb-one":["https:\/\/arantv.az\/wp-content\/uploads\/2023\/09\/30786869e2a4f66a2fb06d7d2a84895c.jpg",812,500,false]},"rttpg_author":{"display_name":"V\u00fcsal Rafiqo\u011flu","author_link":"https:\/\/arantv.az\/?author=2"},"rttpg_comment":0,"rttpg_category":"<a href=\"https:\/\/arantv.az\/?cat=1\" rel=\"category\">C\u0259miyy\u0259t<\/a>","rttpg_excerpt":"M\u0259\u015fhur siyasi xadim Uinston \u00c7\u00f6r\u00e7illin bir qanadl\u0131 ifad\u0259si var: \u201cPessimist \u0259l\u0259 d\u00fc\u015f\u0259n h\u0259r f\u00fcrs\u0259td\u0259 \u00e7\u0259tinlik, optimist is\u0259 \u00fczl\u0259\u015fdiyi h\u0259r \u00e7\u0259tinlikd\u0259 f\u00fcrs\u0259t g\u00f6r\u00fcr\u201d. Biz m\u0259\u015fhur filmd\u0259 deyildiyi kimi, optimist n\u0259slin n\u00fcmay\u0259nd\u0259l\u0259riyik, art\u0131q \u00e7oxdan \u00fczl\u0259\u015fdiyimiz \u00e7\u0259tinlikl\u0259rin qar\u015f\u0131s\u0131nda durub \u0259ll\u0259rimizi \u0259lacs\u0131z \u015f\u0259kild\u0259 yana a\u00e7maqdan, gileyl\u0259nm\u0259kd\u0259n qurtarm\u0131\u015f\u0131q. Uzun ill\u0259r m\u0259ruz qald\u0131\u011f\u0131m\u0131z z\u0259rb\u0259l\u0259r, sars\u0131nt\u0131lar, m\u0259rhumiyy\u0259tl\u0259r biz\u0259 m\u00fcbariz v\u0259 nikbin olma\u011f\u0131&hellip;","_links":{"self":[{"href":"https:\/\/arantv.az\/index.php?rest_route=\/wp\/v2\/posts\/639853"}],"collection":[{"href":"https:\/\/arantv.az\/index.php?rest_route=\/wp\/v2\/posts"}],"about":[{"href":"https:\/\/arantv.az\/index.php?rest_route=\/wp\/v2\/types\/post"}],"author":[{"embeddable":true,"href":"https:\/\/arantv.az\/index.php?rest_route=\/wp\/v2\/users\/2"}],"replies":[{"embeddable":true,"href":"https:\/\/arantv.az\/index.php?rest_route=%2Fwp%2Fv2%2Fcomments&post=639853"}],"version-history":[{"count":0,"href":"https:\/\/arantv.az\/index.php?rest_route=\/wp\/v2\/posts\/639853\/revisions"}],"wp:featuredmedia":[{"embeddable":true,"href":"https:\/\/arantv.az\/index.php?rest_route=\/wp\/v2\/media\/639857"}],"wp:attachment":[{"href":"https:\/\/arantv.az\/index.php?rest_route=%2Fwp%2Fv2%2Fmedia&parent=639853"}],"wp:term":[{"taxonomy":"category","embeddable":true,"href":"https:\/\/arantv.az\/index.php?rest_route=%2Fwp%2Fv2%2Fcategories&post=639853"},{"taxonomy":"post_tag","embeddable":true,"href":"https:\/\/arantv.az\/index.php?rest_route=%2Fwp%2Fv2%2Ftags&post=639853"}],"curies":[{"name":"wp","href":"https:\/\/api.w.org\/{rel}","templated":true}]}}