{"id":639856,"date":"2023-09-30T16:46:38","date_gmt":"2023-09-30T12:46:38","guid":{"rendered":"https:\/\/arantv.az\/?p=639856"},"modified":"2023-09-30T16:46:38","modified_gmt":"2023-09-30T12:46:38","slug":"z%c9%99ngilan-s%c9%99h%c9%99rind%c9%99ki-coxm%c9%99nzilli-binalarin-nec%c9%99-m%c9%99nzild%c9%99n-ibar%c9%99t-olacagi-aciqlandi","status":"publish","type":"post","link":"https:\/\/arantv.az\/?p=639856","title":{"rendered":"Z\u0259ngilan \u015f\u0259h\u0259rind\u0259ki \u00e7oxm\u0259nzilli binalar\u0131n ne\u00e7\u0259 m\u0259nzild\u0259n ibar\u0259t olaca\u011f\u0131 a\u00e7\u0131qland\u0131"},"content":{"rendered":"<p>Prezident\u00a0<strong>\u0130lham \u018fliyevin<\/strong>\u00a0sentyabr\u0131n 28-d\u0259 Z\u0259ngilan \u015f\u0259h\u0259rind\u0259 t\u0259m\u0259lini qoydu\u011fu \u00fc\u00e7\u00fcnc\u00fc ya\u015fay\u0131\u015f kompleksind\u0259ki \u00fc\u00e7, d\u00f6rd\u00a0v\u0259 be\u015fm\u0259rt\u0259b\u0259li \u00e7oxm\u0259nzilli binalar s\u0259kkiz blokdan v\u0259 192 m\u0259nzild\u0259n, d\u00f6rd\u00fcnc\u00fc ya\u015fay\u0131\u015f kompleksind\u0259ki \u00e7oxm\u0259nzilli binalar is\u0259 131 m\u0259nzild\u0259n ibar\u0259t olacaq.<\/p>\n<p>\u201cReport\u201dun Z\u0259ngilana ezam edilmi\u015f m\u00fcxbiri x\u0259b\u0259r verir ki, bunu Prezidentin \u015e\u0259rqi Z\u0259ng\u0259zur iqtisadi rayonuna daxil olan C\u0259bray\u0131l, Qubadl\u0131 v\u0259 Z\u0259ngilan rayonlar\u0131 \u00fczr\u0259 x\u00fcsusi n\u00fcmay\u0259nd\u0259liyinin b\u00f6y\u00fck m\u0259sl\u0259h\u0259t\u00e7isi Aqil Qurbanov bildirib.<\/p>\n<p>\u201cYa\u015fay\u0131\u015f kompleksi iki sah\u0259y\u0259 b\u00f6l\u00fcn\u00fcb v\u0259 h\u0259r biri \u00fc\u00e7\u00fcn \u00f6z\u00fcn\u0259m\u0259xsus konsepsiya haz\u0131rlan\u0131b. Binalar\u0131n memarl\u0131q bax\u0131m\u0131ndan f\u0259rqliliyini t\u0259min etm\u0259k m\u0259qs\u0259dil\u0259 onlar m\u00fcxt\u0259lif \u00fcslubda layih\u0259l\u0259ndirilib. H\u0259r iki ya\u015fay\u0131\u015f kompleksinin \u00fcmumi sah\u0259si iki hektard\u0131r\u201d, &#8211; dey\u0259 o qeyd edib.<\/p>\n","protected":false},"excerpt":{"rendered":"<p>Prezident\u00a0\u0130lham \u018fliyevin\u00a0sentyabr\u0131n 28-d\u0259 Z\u0259ngilan \u015f\u0259h\u0259rind\u0259 t\u0259m\u0259lini qoydu\u011fu \u00fc\u00e7\u00fcnc\u00fc ya\u015fay\u0131\u015f kompleksind\u0259ki \u00fc\u00e7, d\u00f6rd\u00a0v\u0259 be\u015fm\u0259rt\u0259b\u0259li \u00e7oxm\u0259nzilli binalar s\u0259kkiz blokdan v\u0259 192 m\u0259nzild\u0259n, d\u00f6rd\u00fcnc\u00fc ya\u015fay\u0131\u015f kompleksind\u0259ki \u00e7oxm\u0259nzilli binalar is\u0259 131 m\u0259nzild\u0259n ibar\u0259t olacaq. \u201cReport\u201dun Z\u0259ngilana ezam edilmi\u015f m\u00fcxbiri x\u0259b\u0259r verir ki, bunu Prezidentin \u015e\u0259rqi Z\u0259ng\u0259zur iqtisadi rayonuna daxil olan C\u0259bray\u0131l, Qubadl\u0131 v\u0259 Z\u0259ngilan rayonlar\u0131 \u00fczr\u0259 x\u00fcsusi n\u00fcmay\u0259nd\u0259liyinin b\u00f6y\u00fck m\u0259sl\u0259h\u0259t\u00e7isi Aqil Qurbanov bildirib. \u201cYa\u015fay\u0131\u015f kompleksi iki sah\u0259y\u0259 b\u00f6l\u00fcn\u00fcb v\u0259 h\u0259r biri \u00fc\u00e7\u00fcn \u00f6z\u00fcn\u0259m\u0259xsus konsepsiya haz\u0131rlan\u0131b. Binalar\u0131n memarl\u0131q bax\u0131m\u0131ndan f\u0259rqliliyini t\u0259min etm\u0259k m\u0259qs\u0259dil\u0259 onlar m\u00fcxt\u0259lif \u00fcslubda layih\u0259l\u0259ndirilib. H\u0259r iki ya\u015fay\u0131\u015f kompleksinin \u00fcmumi sah\u0259si iki hektard\u0131r\u201d,&hellip;<\/p>\n","protected":false},"author":2,"featured_media":426976,"comment_status":"closed","ping_status":"closed","sticky":false,"template":"","format":"standard","meta":{"om_disable_all_campaigns":false,"_monsterinsights_skip_tracking":false,"_monsterinsights_sitenote_active":false,"_monsterinsights_sitenote_note":"","_monsterinsights_sitenote_category":0},"categories":[4],"tags":[],"aioseo_notices":[],"gutentor_comment":0,"rttpg_featured_image_url":{"full":["https:\/\/arantv.az\/wp-content\/uploads\/2022\/01\/zengilan.jpg",550,550,false],"landscape":["https:\/\/arantv.az\/wp-content\/uploads\/2022\/01\/zengilan.jpg",550,550,false],"portraits":["https:\/\/arantv.az\/wp-content\/uploads\/2022\/01\/zengilan.jpg",550,550,false],"thumbnail":["https:\/\/arantv.az\/wp-content\/uploads\/2022\/01\/zengilan-500x280.jpg",500,280,true],"medium":["https:\/\/arantv.az\/wp-content\/uploads\/2022\/01\/zengilan-365x365.jpg",365,365,true],"large":["https:\/\/arantv.az\/wp-content\/uploads\/2022\/01\/zengilan.jpg",550,550,false],"1536x1536":["https:\/\/arantv.az\/wp-content\/uploads\/2022\/01\/zengilan.jpg",550,550,false],"2048x2048":["https:\/\/arantv.az\/wp-content\/uploads\/2022\/01\/zengilan.jpg",550,550,false],"post-thumbnail":["https:\/\/arantv.az\/wp-content\/uploads\/2022\/01\/zengilan-240x172.jpg",240,172,true],"advps-thumb-one":["https:\/\/arantv.az\/wp-content\/uploads\/2022\/01\/zengilan.jpg",550,550,false]},"rttpg_author":{"display_name":"V\u00fcsal Rafiqo\u011flu","author_link":"https:\/\/arantv.az\/?author=2"},"rttpg_comment":0,"rttpg_category":"<a href=\"https:\/\/arantv.az\/?cat=4\" rel=\"category\">Siyas\u0259t<\/a>","rttpg_excerpt":"Prezident\u00a0\u0130lham \u018fliyevin\u00a0sentyabr\u0131n 28-d\u0259 Z\u0259ngilan \u015f\u0259h\u0259rind\u0259 t\u0259m\u0259lini qoydu\u011fu \u00fc\u00e7\u00fcnc\u00fc ya\u015fay\u0131\u015f kompleksind\u0259ki \u00fc\u00e7, d\u00f6rd\u00a0v\u0259 be\u015fm\u0259rt\u0259b\u0259li \u00e7oxm\u0259nzilli binalar s\u0259kkiz blokdan v\u0259 192 m\u0259nzild\u0259n, d\u00f6rd\u00fcnc\u00fc ya\u015fay\u0131\u015f kompleksind\u0259ki \u00e7oxm\u0259nzilli binalar is\u0259 131 m\u0259nzild\u0259n ibar\u0259t olacaq. \u201cReport\u201dun Z\u0259ngilana ezam edilmi\u015f m\u00fcxbiri x\u0259b\u0259r verir ki, bunu Prezidentin \u015e\u0259rqi Z\u0259ng\u0259zur iqtisadi rayonuna daxil olan C\u0259bray\u0131l, Qubadl\u0131 v\u0259 Z\u0259ngilan rayonlar\u0131 \u00fczr\u0259 x\u00fcsusi n\u00fcmay\u0259nd\u0259liyinin b\u00f6y\u00fck&hellip;","_links":{"self":[{"href":"https:\/\/arantv.az\/index.php?rest_route=\/wp\/v2\/posts\/639856"}],"collection":[{"href":"https:\/\/arantv.az\/index.php?rest_route=\/wp\/v2\/posts"}],"about":[{"href":"https:\/\/arantv.az\/index.php?rest_route=\/wp\/v2\/types\/post"}],"author":[{"embeddable":true,"href":"https:\/\/arantv.az\/index.php?rest_route=\/wp\/v2\/users\/2"}],"replies":[{"embeddable":true,"href":"https:\/\/arantv.az\/index.php?rest_route=%2Fwp%2Fv2%2Fcomments&post=639856"}],"version-history":[{"count":0,"href":"https:\/\/arantv.az\/index.php?rest_route=\/wp\/v2\/posts\/639856\/revisions"}],"wp:featuredmedia":[{"embeddable":true,"href":"https:\/\/arantv.az\/index.php?rest_route=\/wp\/v2\/media\/426976"}],"wp:attachment":[{"href":"https:\/\/arantv.az\/index.php?rest_route=%2Fwp%2Fv2%2Fmedia&parent=639856"}],"wp:term":[{"taxonomy":"category","embeddable":true,"href":"https:\/\/arantv.az\/index.php?rest_route=%2Fwp%2Fv2%2Fcategories&post=639856"},{"taxonomy":"post_tag","embeddable":true,"href":"https:\/\/arantv.az\/index.php?rest_route=%2Fwp%2Fv2%2Ftags&post=639856"}],"curies":[{"name":"wp","href":"https:\/\/api.w.org\/{rel}","templated":true}]}}