{"id":639859,"date":"2023-09-30T16:45:55","date_gmt":"2023-09-30T12:45:55","guid":{"rendered":"https:\/\/arantv.az\/?p=639859"},"modified":"2023-09-30T16:45:55","modified_gmt":"2023-09-30T12:45:55","slug":"z%c9%99ngilan-s%c9%99h%c9%99rind%c9%99-taunhaus-tipli-evl%c9%99r-olacaq","status":"publish","type":"post","link":"https:\/\/arantv.az\/?p=639859","title":{"rendered":"Z\u0259ngilan \u015f\u0259h\u0259rind\u0259 \u201ctaunhaus\u201d tipli evl\u0259r olacaq"},"content":{"rendered":"<p>Prezident\u00a0<strong>\u0130lham \u018fliyevin<\/strong>\u00a0sentyabr\u0131n 28-d\u0259 Z\u0259ngilan \u015f\u0259h\u0259rind\u0259 t\u0259m\u0259lini qoydu\u011fu 2-ci ya\u015fay\u0131\u015f kompleksi Q\u0259l\u0259b\u0259 v\u0259 Memorial parklar\u0131n\u0131n yax\u0131nl\u0131\u011f\u0131nda, \u015f\u0259h\u0259rin azs\u0131xl\u0131ql\u0131 zonas\u0131nda yerl\u0259\u015fm\u0259kl\u0259, \u0259sas\u0259n \u201ctaunhaus\u201d tipli evl\u0259rd\u0259n ibar\u0259t olacaq.<\/p>\n<p>\u201cReport\u201dun Z\u0259ngilana ezam edilmi\u015f m\u00fcxbiri x\u0259b\u0259r verir ki, bunu Prezidentin \u015e\u0259rqi Z\u0259ng\u0259zur iqtisadi rayonuna daxil olan C\u0259bray\u0131l, Qubadl\u0131 v\u0259 Z\u0259ngilan rayonlar\u0131 \u00fczr\u0259 x\u00fcsusi n\u00fcmay\u0259nd\u0259liyinin b\u00f6y\u00fck m\u0259sl\u0259h\u0259t\u00e7isi Aqil Qurbanov bildirib.<\/p>\n<p>Plana \u0259sas\u0259n, burada 87 m\u0259nzil n\u0259z\u0259rd\u0259 tutulur.<\/p>\n<p>Z\u0259ngilan \u015f\u0259h\u0259rinin Ba\u015f plan\u0131na uy\u011fun olaraq, \u0259halinin y\u00fcks\u0259k h\u0259yat s\u0259viyy\u0259sini t\u0259min etm\u0259k m\u0259qs\u0259dil\u0259 m\u00fcasir t\u0259l\u0259bl\u0259r\u0259 cavab ver\u0259c\u0259k ya\u015fay\u0131\u015f m\u0259h\u0259ll\u0259l\u0259rinin sal\u0131nmas\u0131 n\u0259z\u0259rd\u0259 tutulub. \u015e\u0259h\u0259rd\u0259 daha \u0259vv\u0259l t\u0259m\u0259li qoyulan 110 m\u0259nzild\u0259n ibar\u0259t ilk ya\u015fay\u0131\u015f kompleksinin layih\u0259l\u0259ri haz\u0131rd\u0131r v\u0259 yax\u0131n vaxtlarda tikinti i\u015fl\u0259rin\u0259 ba\u015flanacaq.<\/p>\n<p>\u201cB\u00f6y\u00fck Qay\u0131d\u0131\u015f\u201d proqram\u0131na uy\u011fun olaraq, n\u00f6vb\u0259ti ya\u015fay\u0131\u015f m\u0259h\u0259ll\u0259l\u0259rinin sal\u0131nmas\u0131 \u00e7\u0259r\u00e7iv\u0259sind\u0259 410 m\u0259nzild\u0259n ibar\u0259t yeni ya\u015fay\u0131\u015f kompleksl\u0259rinin tikintisi n\u0259z\u0259rd\u0259 tutulur.<\/p>\n","protected":false},"excerpt":{"rendered":"<p>Prezident\u00a0\u0130lham \u018fliyevin\u00a0sentyabr\u0131n 28-d\u0259 Z\u0259ngilan \u015f\u0259h\u0259rind\u0259 t\u0259m\u0259lini qoydu\u011fu 2-ci ya\u015fay\u0131\u015f kompleksi Q\u0259l\u0259b\u0259 v\u0259 Memorial parklar\u0131n\u0131n yax\u0131nl\u0131\u011f\u0131nda, \u015f\u0259h\u0259rin azs\u0131xl\u0131ql\u0131 zonas\u0131nda yerl\u0259\u015fm\u0259kl\u0259, \u0259sas\u0259n \u201ctaunhaus\u201d tipli evl\u0259rd\u0259n ibar\u0259t olacaq. \u201cReport\u201dun Z\u0259ngilana ezam edilmi\u015f m\u00fcxbiri x\u0259b\u0259r verir ki, bunu Prezidentin \u015e\u0259rqi Z\u0259ng\u0259zur iqtisadi rayonuna daxil olan C\u0259bray\u0131l, Qubadl\u0131 v\u0259 Z\u0259ngilan rayonlar\u0131 \u00fczr\u0259 x\u00fcsusi n\u00fcmay\u0259nd\u0259liyinin b\u00f6y\u00fck m\u0259sl\u0259h\u0259t\u00e7isi Aqil Qurbanov bildirib. Plana \u0259sas\u0259n, burada 87 m\u0259nzil n\u0259z\u0259rd\u0259 tutulur. Z\u0259ngilan \u015f\u0259h\u0259rinin Ba\u015f plan\u0131na uy\u011fun olaraq, \u0259halinin y\u00fcks\u0259k h\u0259yat s\u0259viyy\u0259sini t\u0259min etm\u0259k m\u0259qs\u0259dil\u0259 m\u00fcasir t\u0259l\u0259bl\u0259r\u0259 cavab ver\u0259c\u0259k ya\u015fay\u0131\u015f m\u0259h\u0259ll\u0259l\u0259rinin sal\u0131nmas\u0131 n\u0259z\u0259rd\u0259 tutulub. \u015e\u0259h\u0259rd\u0259 daha \u0259vv\u0259l t\u0259m\u0259li qoyulan 110 m\u0259nzild\u0259n&hellip;<\/p>\n","protected":false},"author":2,"featured_media":639860,"comment_status":"closed","ping_status":"closed","sticky":false,"template":"","format":"standard","meta":{"om_disable_all_campaigns":false,"_monsterinsights_skip_tracking":false,"_monsterinsights_sitenote_active":false,"_monsterinsights_sitenote_note":"","_monsterinsights_sitenote_category":0},"categories":[4],"tags":[],"aioseo_notices":[],"gutentor_comment":0,"rttpg_featured_image_url":{"full":["https:\/\/arantv.az\/wp-content\/uploads\/2023\/09\/f5572c4e-69ae-317c-8cb8-5dcdda4e4994_850.jpg",620,413,false],"landscape":["https:\/\/arantv.az\/wp-content\/uploads\/2023\/09\/f5572c4e-69ae-317c-8cb8-5dcdda4e4994_850.jpg",620,413,false],"portraits":["https:\/\/arantv.az\/wp-content\/uploads\/2023\/09\/f5572c4e-69ae-317c-8cb8-5dcdda4e4994_850.jpg",620,413,false],"thumbnail":["https:\/\/arantv.az\/wp-content\/uploads\/2023\/09\/f5572c4e-69ae-317c-8cb8-5dcdda4e4994_850-500x280.jpg",500,280,true],"medium":["https:\/\/arantv.az\/wp-content\/uploads\/2023\/09\/f5572c4e-69ae-317c-8cb8-5dcdda4e4994_850-548x365.jpg",548,365,true],"large":["https:\/\/arantv.az\/wp-content\/uploads\/2023\/09\/f5572c4e-69ae-317c-8cb8-5dcdda4e4994_850.jpg",620,413,false],"1536x1536":["https:\/\/arantv.az\/wp-content\/uploads\/2023\/09\/f5572c4e-69ae-317c-8cb8-5dcdda4e4994_850.jpg",620,413,false],"2048x2048":["https:\/\/arantv.az\/wp-content\/uploads\/2023\/09\/f5572c4e-69ae-317c-8cb8-5dcdda4e4994_850.jpg",620,413,false],"post-thumbnail":["https:\/\/arantv.az\/wp-content\/uploads\/2023\/09\/f5572c4e-69ae-317c-8cb8-5dcdda4e4994_850-240x172.jpg",240,172,true],"advps-thumb-one":["https:\/\/arantv.az\/wp-content\/uploads\/2023\/09\/f5572c4e-69ae-317c-8cb8-5dcdda4e4994_850.jpg",620,413,false]},"rttpg_author":{"display_name":"V\u00fcsal Rafiqo\u011flu","author_link":"https:\/\/arantv.az\/?author=2"},"rttpg_comment":0,"rttpg_category":"<a href=\"https:\/\/arantv.az\/?cat=4\" rel=\"category\">Siyas\u0259t<\/a>","rttpg_excerpt":"Prezident\u00a0\u0130lham \u018fliyevin\u00a0sentyabr\u0131n 28-d\u0259 Z\u0259ngilan \u015f\u0259h\u0259rind\u0259 t\u0259m\u0259lini qoydu\u011fu 2-ci ya\u015fay\u0131\u015f kompleksi Q\u0259l\u0259b\u0259 v\u0259 Memorial parklar\u0131n\u0131n yax\u0131nl\u0131\u011f\u0131nda, \u015f\u0259h\u0259rin azs\u0131xl\u0131ql\u0131 zonas\u0131nda yerl\u0259\u015fm\u0259kl\u0259, \u0259sas\u0259n \u201ctaunhaus\u201d tipli evl\u0259rd\u0259n ibar\u0259t olacaq. \u201cReport\u201dun Z\u0259ngilana ezam edilmi\u015f m\u00fcxbiri x\u0259b\u0259r verir ki, bunu Prezidentin \u015e\u0259rqi Z\u0259ng\u0259zur iqtisadi rayonuna daxil olan C\u0259bray\u0131l, Qubadl\u0131 v\u0259 Z\u0259ngilan rayonlar\u0131 \u00fczr\u0259 x\u00fcsusi n\u00fcmay\u0259nd\u0259liyinin b\u00f6y\u00fck m\u0259sl\u0259h\u0259t\u00e7isi Aqil Qurbanov bildirib. Plana&hellip;","_links":{"self":[{"href":"https:\/\/arantv.az\/index.php?rest_route=\/wp\/v2\/posts\/639859"}],"collection":[{"href":"https:\/\/arantv.az\/index.php?rest_route=\/wp\/v2\/posts"}],"about":[{"href":"https:\/\/arantv.az\/index.php?rest_route=\/wp\/v2\/types\/post"}],"author":[{"embeddable":true,"href":"https:\/\/arantv.az\/index.php?rest_route=\/wp\/v2\/users\/2"}],"replies":[{"embeddable":true,"href":"https:\/\/arantv.az\/index.php?rest_route=%2Fwp%2Fv2%2Fcomments&post=639859"}],"version-history":[{"count":0,"href":"https:\/\/arantv.az\/index.php?rest_route=\/wp\/v2\/posts\/639859\/revisions"}],"wp:featuredmedia":[{"embeddable":true,"href":"https:\/\/arantv.az\/index.php?rest_route=\/wp\/v2\/media\/639860"}],"wp:attachment":[{"href":"https:\/\/arantv.az\/index.php?rest_route=%2Fwp%2Fv2%2Fmedia&parent=639859"}],"wp:term":[{"taxonomy":"category","embeddable":true,"href":"https:\/\/arantv.az\/index.php?rest_route=%2Fwp%2Fv2%2Fcategories&post=639859"},{"taxonomy":"post_tag","embeddable":true,"href":"https:\/\/arantv.az\/index.php?rest_route=%2Fwp%2Fv2%2Ftags&post=639859"}],"curies":[{"name":"wp","href":"https:\/\/api.w.org\/{rel}","templated":true}]}}