{"id":639862,"date":"2023-09-30T18:15:52","date_gmt":"2023-09-30T14:15:52","guid":{"rendered":"https:\/\/arantv.az\/?p=639862"},"modified":"2023-09-30T18:15:52","modified_gmt":"2023-09-30T14:15:52","slug":"xin-erm%c9%99ni-radikal-qruplasmalarinin-abs-d%c9%99-konfrans-istirakcilarina-hucumu-il%c9%99-bagli-b%c9%99yanat-yayib","status":"publish","type":"post","link":"https:\/\/arantv.az\/?p=639862","title":{"rendered":"X\u0130N erm\u0259ni radikal qrupla\u015fmalar\u0131n\u0131n AB\u015e-d\u0259 konfrans i\u015ftirak\u00e7\u0131lar\u0131na h\u00fccumu il\u0259 ba\u011fl\u0131 b\u0259yanat yay\u0131b"},"content":{"rendered":"<p>\u201cAz\u0259rbaycan\u0131n Xarici \u0130\u015fl\u0259r Nazirliyi (X\u0130N) erm\u0259ni radikal qrupla\u015fmalar\u0131n\u0131n AB\u015e-nin C\u0259nubi Kaliforniya Universitetind\u0259 t\u0259\u015fkil olunan konfrans\u0131n i\u015ftirak\u00e7\u0131lar\u0131na qar\u015f\u0131 h\u00fccumu il\u0259 ba\u011fl\u0131 b\u0259yanat yay\u0131b\u201d.<\/p>\n<p>Bu bar\u0259d\u0259 Xarici \u0130\u015fl\u0259r Nazirliyinin b\u0259yanatda deyilir:<\/p>\n<p>\u201c29 sentyabr 2023-c\u00fc il tarixind\u0259 AB\u015e-\u0131n Los-Anceles \u015f\u0259h\u0259rind\u0259 erm\u0259ni radikal qrupla\u015fmalar\u0131n\u0131n C\u0259nubi Kaliforniya Universitetind\u0259 Annenberq Kommunikasiya v\u0259 Jurnalistika Fak\u00fclt\u0259si v\u0259 Yunus \u018fmr\u0259 \u0130nstitutunun birg\u0259 t\u0259\u015fkilat\u00e7\u0131l\u0131\u011f\u0131 il\u0259 ba\u015f tutan \u201cT\u00fcrkiy\u0259nin ictimai diplomatiyas\u0131\u201d m\u00f6vzusunda konfrans i\u015ftirak\u00e7\u0131lar\u0131na qar\u015f\u0131 h\u00fccumunu k\u0259skin q\u0131nay\u0131r v\u0259 pisl\u0259yirik.<\/p>\n<p>30 il\u0259 yax\u0131n i\u015f\u011fal m\u00fcdd\u0259tind\u0259, o c\u00fcml\u0259d\u0259n 44 g\u00fcnl\u00fck V\u0259t\u0259n m\u00fcharib\u0259si, habel\u0259 b\u00f6lg\u0259d\u0259 apar\u0131lan son anti-terror t\u0259dbirl\u0259ri \u0259r\u0259f\u0259sind\u0259 \u00f6lk\u0259miz\u0259, h\u0259mv\u0259t\u0259nl\u0259rimiz\u0259, habel\u0259 qarda\u015f T\u00fcrkiy\u0259 Respublikas\u0131 v\u0259 onun v\u0259t\u0259nda\u015flar\u0131na qar\u015f\u0131 at\u0131lan, Erm\u0259nistan\u0131n etnik nifr\u0259t v\u0259 d\u00f6z\u00fcms\u00fczl\u00fck siyas\u0259tinin t\u0259c\u0259ss\u00fcm\u00fc olan bu kimi add\u0131mlar\u0131n intensiv v\u0259 sistematik xarakter almas\u0131 ciddi t\u0259hdid m\u0259nb\u0259yidir.<\/p>\n<p>Erm\u0259nistan\u0131n Az\u0259rbaycana qar\u015f\u0131 apard\u0131\u011f\u0131 qarayaxma kampaniyas\u0131n\u0131n u\u011fursuzlu\u011fa d\u00fc\u00e7ar olmas\u0131n\u0131, habel\u0259 b\u00f6lg\u0259d\u0259 yarad\u0131lan qeyri-qanuni rejimin s\u00fcquta u\u011framas\u0131n\u0131 h\u0259zm ed\u0259 bilm\u0259y\u0259n radikal erm\u0259ni diaspor n\u00fcmay\u0259nd\u0259l\u0259rinin bu kimi aqressiv h\u00fccumlar\u0131 cinay\u0259t \u0259m\u0259lidir v\u0259 m\u00fcvafiq olaraq c\u0259zaland\u0131r\u0131lmal\u0131d\u0131r.<\/p>\n<p>Bu h\u00fccumun timsal\u0131nda radikal erm\u0259ni qrupla\u015fmalar\u0131n\u0131n bu kimi irqi ayr\u0131-se\u00e7kilik, nifr\u0259t nitqi v\u0259 zorak\u0131l\u0131q elementl\u0259rini \u00f6z\u00fcnd\u0259 ehtiva ed\u0259n davran\u0131\u015flar\u0131 geni\u015f beyn\u0259lxalq ictimaiyy\u0259t t\u0259r\u0259find\u0259n k\u0259skin \u015f\u0259kild\u0259 q\u0131nanmal\u0131, bu c\u00fcr h\u0259r\u0259k\u0259tl\u0259rin qar\u015f\u0131s\u0131n\u0131n al\u0131nmas\u0131 \u00fc\u00e7\u00fcn aidiyy\u0259ti d\u00f6vl\u0259t qurumlar\u0131 t\u0259r\u0259find\u0259n m\u00fcvafiq add\u0131mlar at\u0131lmal\u0131d\u0131r\u201d, &#8211; b\u0259yanatda qeyd olunub.<\/p>\n","protected":false},"excerpt":{"rendered":"<p>\u201cAz\u0259rbaycan\u0131n Xarici \u0130\u015fl\u0259r Nazirliyi (X\u0130N) erm\u0259ni radikal qrupla\u015fmalar\u0131n\u0131n AB\u015e-nin C\u0259nubi Kaliforniya Universitetind\u0259 t\u0259\u015fkil olunan konfrans\u0131n i\u015ftirak\u00e7\u0131lar\u0131na qar\u015f\u0131 h\u00fccumu il\u0259 ba\u011fl\u0131 b\u0259yanat yay\u0131b\u201d. Bu bar\u0259d\u0259 Xarici \u0130\u015fl\u0259r Nazirliyinin b\u0259yanatda deyilir: \u201c29 sentyabr 2023-c\u00fc il tarixind\u0259 AB\u015e-\u0131n Los-Anceles \u015f\u0259h\u0259rind\u0259 erm\u0259ni radikal qrupla\u015fmalar\u0131n\u0131n C\u0259nubi Kaliforniya Universitetind\u0259 Annenberq Kommunikasiya v\u0259 Jurnalistika Fak\u00fclt\u0259si v\u0259 Yunus \u018fmr\u0259 \u0130nstitutunun birg\u0259 t\u0259\u015fkilat\u00e7\u0131l\u0131\u011f\u0131 il\u0259 ba\u015f tutan \u201cT\u00fcrkiy\u0259nin ictimai diplomatiyas\u0131\u201d m\u00f6vzusunda konfrans i\u015ftirak\u00e7\u0131lar\u0131na qar\u015f\u0131 h\u00fccumunu k\u0259skin q\u0131nay\u0131r v\u0259 pisl\u0259yirik. 30 il\u0259 yax\u0131n i\u015f\u011fal m\u00fcdd\u0259tind\u0259, o c\u00fcml\u0259d\u0259n 44 g\u00fcnl\u00fck V\u0259t\u0259n m\u00fcharib\u0259si, habel\u0259 b\u00f6lg\u0259d\u0259 apar\u0131lan son anti-terror t\u0259dbirl\u0259ri \u0259r\u0259f\u0259sind\u0259 \u00f6lk\u0259miz\u0259, h\u0259mv\u0259t\u0259nl\u0259rimiz\u0259, habel\u0259&hellip;<\/p>\n","protected":false},"author":2,"featured_media":557829,"comment_status":"closed","ping_status":"closed","sticky":false,"template":"","format":"standard","meta":{"om_disable_all_campaigns":false,"_monsterinsights_skip_tracking":false,"_monsterinsights_sitenote_active":false,"_monsterinsights_sitenote_note":"","_monsterinsights_sitenote_category":0},"categories":[4],"tags":[],"aioseo_notices":[],"gutentor_comment":0,"rttpg_featured_image_url":{"full":["https:\/\/arantv.az\/wp-content\/uploads\/2023\/01\/XIN.jpg",975,540,false],"landscape":["https:\/\/arantv.az\/wp-content\/uploads\/2023\/01\/XIN.jpg",975,540,false],"portraits":["https:\/\/arantv.az\/wp-content\/uploads\/2023\/01\/XIN.jpg",975,540,false],"thumbnail":["https:\/\/arantv.az\/wp-content\/uploads\/2023\/01\/XIN-500x280.jpg",500,280,true],"medium":["https:\/\/arantv.az\/wp-content\/uploads\/2023\/01\/XIN-660x365.jpg",660,365,true],"large":["https:\/\/arantv.az\/wp-content\/uploads\/2023\/01\/XIN-840x465.jpg",640,354,true],"1536x1536":["https:\/\/arantv.az\/wp-content\/uploads\/2023\/01\/XIN.jpg",975,540,false],"2048x2048":["https:\/\/arantv.az\/wp-content\/uploads\/2023\/01\/XIN.jpg",975,540,false],"post-thumbnail":["https:\/\/arantv.az\/wp-content\/uploads\/2023\/01\/XIN-240x172.jpg",240,172,true],"advps-thumb-one":["https:\/\/arantv.az\/wp-content\/uploads\/2023\/01\/XIN.jpg",975,540,false]},"rttpg_author":{"display_name":"V\u00fcsal Rafiqo\u011flu","author_link":"https:\/\/arantv.az\/?author=2"},"rttpg_comment":0,"rttpg_category":"<a href=\"https:\/\/arantv.az\/?cat=4\" rel=\"category\">Siyas\u0259t<\/a>","rttpg_excerpt":"\u201cAz\u0259rbaycan\u0131n Xarici \u0130\u015fl\u0259r Nazirliyi (X\u0130N) erm\u0259ni radikal qrupla\u015fmalar\u0131n\u0131n AB\u015e-nin C\u0259nubi Kaliforniya Universitetind\u0259 t\u0259\u015fkil olunan konfrans\u0131n i\u015ftirak\u00e7\u0131lar\u0131na qar\u015f\u0131 h\u00fccumu il\u0259 ba\u011fl\u0131 b\u0259yanat yay\u0131b\u201d. Bu bar\u0259d\u0259 Xarici \u0130\u015fl\u0259r Nazirliyinin b\u0259yanatda deyilir: \u201c29 sentyabr 2023-c\u00fc il tarixind\u0259 AB\u015e-\u0131n Los-Anceles \u015f\u0259h\u0259rind\u0259 erm\u0259ni radikal qrupla\u015fmalar\u0131n\u0131n C\u0259nubi Kaliforniya Universitetind\u0259 Annenberq Kommunikasiya v\u0259 Jurnalistika Fak\u00fclt\u0259si v\u0259 Yunus \u018fmr\u0259 \u0130nstitutunun birg\u0259 t\u0259\u015fkilat\u00e7\u0131l\u0131\u011f\u0131 il\u0259&hellip;","_links":{"self":[{"href":"https:\/\/arantv.az\/index.php?rest_route=\/wp\/v2\/posts\/639862"}],"collection":[{"href":"https:\/\/arantv.az\/index.php?rest_route=\/wp\/v2\/posts"}],"about":[{"href":"https:\/\/arantv.az\/index.php?rest_route=\/wp\/v2\/types\/post"}],"author":[{"embeddable":true,"href":"https:\/\/arantv.az\/index.php?rest_route=\/wp\/v2\/users\/2"}],"replies":[{"embeddable":true,"href":"https:\/\/arantv.az\/index.php?rest_route=%2Fwp%2Fv2%2Fcomments&post=639862"}],"version-history":[{"count":0,"href":"https:\/\/arantv.az\/index.php?rest_route=\/wp\/v2\/posts\/639862\/revisions"}],"wp:featuredmedia":[{"embeddable":true,"href":"https:\/\/arantv.az\/index.php?rest_route=\/wp\/v2\/media\/557829"}],"wp:attachment":[{"href":"https:\/\/arantv.az\/index.php?rest_route=%2Fwp%2Fv2%2Fmedia&parent=639862"}],"wp:term":[{"taxonomy":"category","embeddable":true,"href":"https:\/\/arantv.az\/index.php?rest_route=%2Fwp%2Fv2%2Fcategories&post=639862"},{"taxonomy":"post_tag","embeddable":true,"href":"https:\/\/arantv.az\/index.php?rest_route=%2Fwp%2Fv2%2Ftags&post=639862"}],"curies":[{"name":"wp","href":"https:\/\/api.w.org\/{rel}","templated":true}]}}