{"id":639869,"date":"2023-09-30T18:17:03","date_gmt":"2023-09-30T14:17:03","guid":{"rendered":"https:\/\/arantv.az\/?p=639869"},"modified":"2023-09-30T18:17:03","modified_gmt":"2023-09-30T14:17:03","slug":"aktiv-istehlakcinin-d%c9%99st%c9%99kl%c9%99nm%c9%99si-mexanizminin-t%c9%99tbiqi-qaydalari-t%c9%99sdiql%c9%99nib","status":"publish","type":"post","link":"https:\/\/arantv.az\/?p=639869","title":{"rendered":"\u201cAktiv istehlak\u00e7\u0131n\u0131n d\u0259st\u0259kl\u0259nm\u0259si mexanizminin t\u0259tbiqi Qaydalar\u0131\u201d t\u0259sdiql\u0259nib"},"content":{"rendered":"<p>Nazirl\u0259r Kabineti \u201cAktiv istehlak\u00e7\u0131n\u0131n d\u0259st\u0259kl\u0259nm\u0259si mexanizminin t\u0259tbiqi Qaydalar\u0131\u201dn\u0131n t\u0259sdiq edilm\u0259si v\u0259 aktiv istehlak\u00e7\u0131lar t\u0259r\u0259find\u0259n b\u0259rpa olunan enerji m\u0259nb\u0259l\u0259ri hesab\u0131na istehsal edil\u0259n elektrik enerjisinin g\u00fcc h\u0259ddinin m\u00fc\u0259yy\u0259n edilm\u0259si haqq\u0131nda q\u0259rar q\u0259bul edib.<\/p>\n<p><strong>ARANTV.AZ <\/strong>\u00a0x\u0259b\u0259r verir ki, Ba\u015f nazir \u018fli \u018fs\u0259dovun imzalad\u0131\u011f\u0131 q\u0259rara \u0259sas\u0259n, \u201cAktiv istehlak\u00e7\u0131n\u0131n d\u0259st\u0259kl\u0259nm\u0259si mexanizminin t\u0259tbiqi Qaydalar\u0131\u201d t\u0259sdiql\u0259nib, aktiv istehlak\u00e7\u0131 t\u0259r\u0259find\u0259n b\u0259rpa olunan enerji m\u0259nb\u0259l\u0259ri hesab\u0131na elektrik enerjisi istehsal ed\u0259n elektrik stansiyas\u0131n\u0131n g\u00fcc\u00fc 150 kVt (150 kVt da daxil olmaqla) h\u0259ddind\u0259 m\u00fc\u0259yy\u0259n edilib.<\/p>\n<p>Q\u0259rarda d\u0259yi\u015fiklik \u00f6lk\u0259 Prezidentinin 24 avqust 2002-ci il tarixli f\u0259rman\u0131 il\u0259 t\u0259sdiq edilmi\u015f \u201c\u0130cra hakimiyy\u0259ti orqanlar\u0131n\u0131n normativ h\u00fcquqi aktlar\u0131n\u0131n haz\u0131rlanmas\u0131 v\u0259 q\u0259bul edilm\u0259si qaydas\u0131 haqq\u0131nda \u018fsasnam\u0259\u201dy\u0259 uy\u011fun edil\u0259 bil\u0259r.<\/p>\n","protected":false},"excerpt":{"rendered":"<p>Nazirl\u0259r Kabineti \u201cAktiv istehlak\u00e7\u0131n\u0131n d\u0259st\u0259kl\u0259nm\u0259si mexanizminin t\u0259tbiqi Qaydalar\u0131\u201dn\u0131n t\u0259sdiq edilm\u0259si v\u0259 aktiv istehlak\u00e7\u0131lar t\u0259r\u0259find\u0259n b\u0259rpa olunan enerji m\u0259nb\u0259l\u0259ri hesab\u0131na istehsal edil\u0259n elektrik enerjisinin g\u00fcc h\u0259ddinin m\u00fc\u0259yy\u0259n edilm\u0259si haqq\u0131nda q\u0259rar q\u0259bul edib. ARANTV.AZ \u00a0x\u0259b\u0259r verir ki, Ba\u015f nazir \u018fli \u018fs\u0259dovun imzalad\u0131\u011f\u0131 q\u0259rara \u0259sas\u0259n, \u201cAktiv istehlak\u00e7\u0131n\u0131n d\u0259st\u0259kl\u0259nm\u0259si mexanizminin t\u0259tbiqi Qaydalar\u0131\u201d t\u0259sdiql\u0259nib, aktiv istehlak\u00e7\u0131 t\u0259r\u0259find\u0259n b\u0259rpa olunan enerji m\u0259nb\u0259l\u0259ri hesab\u0131na elektrik enerjisi istehsal ed\u0259n elektrik stansiyas\u0131n\u0131n g\u00fcc\u00fc 150 kVt (150 kVt da daxil olmaqla) h\u0259ddind\u0259 m\u00fc\u0259yy\u0259n edilib. Q\u0259rarda d\u0259yi\u015fiklik \u00f6lk\u0259 Prezidentinin 24 avqust 2002-ci il tarixli f\u0259rman\u0131 il\u0259 t\u0259sdiq edilmi\u015f \u201c\u0130cra hakimiyy\u0259ti orqanlar\u0131n\u0131n&hellip;<\/p>\n","protected":false},"author":2,"featured_media":639872,"comment_status":"closed","ping_status":"closed","sticky":false,"template":"","format":"standard","meta":{"om_disable_all_campaigns":false,"_monsterinsights_skip_tracking":false,"_monsterinsights_sitenote_active":false,"_monsterinsights_sitenote_note":"","_monsterinsights_sitenote_category":0},"categories":[4],"tags":[],"aioseo_notices":[],"gutentor_comment":0,"rttpg_featured_image_url":{"full":["https:\/\/arantv.az\/wp-content\/uploads\/2023\/09\/54420d05-4262-39a0-a78a-00fb0122b14b_850.jpg",620,413,false],"landscape":["https:\/\/arantv.az\/wp-content\/uploads\/2023\/09\/54420d05-4262-39a0-a78a-00fb0122b14b_850.jpg",620,413,false],"portraits":["https:\/\/arantv.az\/wp-content\/uploads\/2023\/09\/54420d05-4262-39a0-a78a-00fb0122b14b_850.jpg",620,413,false],"thumbnail":["https:\/\/arantv.az\/wp-content\/uploads\/2023\/09\/54420d05-4262-39a0-a78a-00fb0122b14b_850-500x280.jpg",500,280,true],"medium":["https:\/\/arantv.az\/wp-content\/uploads\/2023\/09\/54420d05-4262-39a0-a78a-00fb0122b14b_850-548x365.jpg",548,365,true],"large":["https:\/\/arantv.az\/wp-content\/uploads\/2023\/09\/54420d05-4262-39a0-a78a-00fb0122b14b_850.jpg",620,413,false],"1536x1536":["https:\/\/arantv.az\/wp-content\/uploads\/2023\/09\/54420d05-4262-39a0-a78a-00fb0122b14b_850.jpg",620,413,false],"2048x2048":["https:\/\/arantv.az\/wp-content\/uploads\/2023\/09\/54420d05-4262-39a0-a78a-00fb0122b14b_850.jpg",620,413,false],"post-thumbnail":["https:\/\/arantv.az\/wp-content\/uploads\/2023\/09\/54420d05-4262-39a0-a78a-00fb0122b14b_850-240x172.jpg",240,172,true],"advps-thumb-one":["https:\/\/arantv.az\/wp-content\/uploads\/2023\/09\/54420d05-4262-39a0-a78a-00fb0122b14b_850.jpg",620,413,false]},"rttpg_author":{"display_name":"V\u00fcsal Rafiqo\u011flu","author_link":"https:\/\/arantv.az\/?author=2"},"rttpg_comment":0,"rttpg_category":"<a href=\"https:\/\/arantv.az\/?cat=4\" rel=\"category\">Siyas\u0259t<\/a>","rttpg_excerpt":"Nazirl\u0259r Kabineti \u201cAktiv istehlak\u00e7\u0131n\u0131n d\u0259st\u0259kl\u0259nm\u0259si mexanizminin t\u0259tbiqi Qaydalar\u0131\u201dn\u0131n t\u0259sdiq edilm\u0259si v\u0259 aktiv istehlak\u00e7\u0131lar t\u0259r\u0259find\u0259n b\u0259rpa olunan enerji m\u0259nb\u0259l\u0259ri hesab\u0131na istehsal edil\u0259n elektrik enerjisinin g\u00fcc h\u0259ddinin m\u00fc\u0259yy\u0259n edilm\u0259si haqq\u0131nda q\u0259rar q\u0259bul edib. ARANTV.AZ \u00a0x\u0259b\u0259r verir ki, Ba\u015f nazir \u018fli \u018fs\u0259dovun imzalad\u0131\u011f\u0131 q\u0259rara \u0259sas\u0259n, \u201cAktiv istehlak\u00e7\u0131n\u0131n d\u0259st\u0259kl\u0259nm\u0259si mexanizminin t\u0259tbiqi Qaydalar\u0131\u201d t\u0259sdiql\u0259nib, aktiv istehlak\u00e7\u0131 t\u0259r\u0259find\u0259n b\u0259rpa olunan enerji&hellip;","_links":{"self":[{"href":"https:\/\/arantv.az\/index.php?rest_route=\/wp\/v2\/posts\/639869"}],"collection":[{"href":"https:\/\/arantv.az\/index.php?rest_route=\/wp\/v2\/posts"}],"about":[{"href":"https:\/\/arantv.az\/index.php?rest_route=\/wp\/v2\/types\/post"}],"author":[{"embeddable":true,"href":"https:\/\/arantv.az\/index.php?rest_route=\/wp\/v2\/users\/2"}],"replies":[{"embeddable":true,"href":"https:\/\/arantv.az\/index.php?rest_route=%2Fwp%2Fv2%2Fcomments&post=639869"}],"version-history":[{"count":0,"href":"https:\/\/arantv.az\/index.php?rest_route=\/wp\/v2\/posts\/639869\/revisions"}],"wp:featuredmedia":[{"embeddable":true,"href":"https:\/\/arantv.az\/index.php?rest_route=\/wp\/v2\/media\/639872"}],"wp:attachment":[{"href":"https:\/\/arantv.az\/index.php?rest_route=%2Fwp%2Fv2%2Fmedia&parent=639869"}],"wp:term":[{"taxonomy":"category","embeddable":true,"href":"https:\/\/arantv.az\/index.php?rest_route=%2Fwp%2Fv2%2Fcategories&post=639869"},{"taxonomy":"post_tag","embeddable":true,"href":"https:\/\/arantv.az\/index.php?rest_route=%2Fwp%2Fv2%2Ftags&post=639869"}],"curies":[{"name":"wp","href":"https:\/\/api.w.org\/{rel}","templated":true}]}}