{"id":639875,"date":"2023-09-30T18:18:00","date_gmt":"2023-09-30T14:18:00","guid":{"rendered":"https:\/\/arantv.az\/?p=639875"},"modified":"2023-09-30T18:18:00","modified_gmt":"2023-09-30T14:18:00","slug":"milli-q%c9%99hr%c9%99man-riad-%c9%99hm%c9%99dovun-adini-indi-n%c9%99v%c9%99si-dasiyir-video","status":"publish","type":"post","link":"https:\/\/arantv.az\/?p=639875","title":{"rendered":"Milli Q\u0259hr\u0259man Riad \u018fhm\u0259dovun ad\u0131n\u0131 indi n\u0259v\u0259si da\u015f\u0131y\u0131r &#8211; V\u0130DEO"},"content":{"rendered":"<article class=\"news\">\n<div class=\"news-inner\">\n<p>\u201cM\u00fcharib\u0259 ba\u015flanandan Riad\u00a0evd\u0259 tap\u0131lm\u0131rd\u0131. \u00d6z d\u00f6y\u00fc\u015f yolda\u015flar\u0131 il\u0259 birg\u0259 rayonlar\u0131, k\u0259ndl\u0259ri erm\u0259ni i\u015f\u011fal\u00e7\u0131lar\u0131ndan azad edirdi\u201d.<\/p>\n<p>Bu s\u00f6zl\u0259ri Az\u0259rbaycan\u0131n Milli Q\u0259hr\u0259man\u0131 Riad \u018fhm\u0259dovla ke\u00e7iril\u0259n vida m\u0259rasimind\u0259 bac\u0131s\u0131 Mehriban \u018fhm\u0259dova s\u00f6yl\u0259yib.<\/p>\n<p>\u201cAnam\u0131z\u0131n g\u00f6z\u00fc yolda, qula\u011f\u0131 s\u0259sd\u0259 qald\u0131. B\u0259lk\u0259, sa\u011fd\u0131r, b\u0259lk\u0259, qay\u0131dacaq. H\u0259r d\u0259f\u0259 qap\u0131n\u0131n z\u0259ngi \u00e7al\u0131nanda biz el\u0259 bilirdik ki, Riadd\u0131r.\u00a02013-c\u00fc ild\u0259\u00a0m\u0259nim anam &#8211;\u00a0Bahar xan\u0131m\u00a0Riaddan \u00e7ox nigaran v\u0259fat etdi.<\/p>\n<p>Onun q\u0131z\u0131 Leyla atas\u0131na a\u011flaya-a\u011flaya cavabs\u0131z m\u0259ktublar yaz\u0131rd\u0131. Riada ox\u015fayan dig\u0259r ki\u00e7ik q\u0131z\u0131 F\u0259riz\u0259 is\u0259 \u00f6z o\u011fluna atas\u0131n\u0131n\u00a0ad\u0131n\u0131 qoydu\u201d, &#8211; dey\u0259 M.\u018fhm\u0259dova qeyd edib.<\/p>\n<div><iframe loading=\"lazy\" title=\"YouTube video player\" src=\"https:\/\/www.youtube.com\/embed\/MLFcltAs8OU?si=MjRGjRJpwrhW4tlF\" width=\"560\" height=\"315\" frameborder=\"0\" allowfullscreen=\"allowfullscreen\" data-mce-fragment=\"1\"><\/iframe><\/div>\n<\/div>\n<\/article>\n","protected":false},"excerpt":{"rendered":"<p>\u201cM\u00fcharib\u0259 ba\u015flanandan Riad\u00a0evd\u0259 tap\u0131lm\u0131rd\u0131. \u00d6z d\u00f6y\u00fc\u015f yolda\u015flar\u0131 il\u0259 birg\u0259 rayonlar\u0131, k\u0259ndl\u0259ri erm\u0259ni i\u015f\u011fal\u00e7\u0131lar\u0131ndan azad edirdi\u201d. Bu s\u00f6zl\u0259ri Az\u0259rbaycan\u0131n Milli Q\u0259hr\u0259man\u0131 Riad \u018fhm\u0259dovla ke\u00e7iril\u0259n vida m\u0259rasimind\u0259 bac\u0131s\u0131 Mehriban \u018fhm\u0259dova s\u00f6yl\u0259yib. \u201cAnam\u0131z\u0131n g\u00f6z\u00fc yolda, qula\u011f\u0131 s\u0259sd\u0259 qald\u0131. B\u0259lk\u0259, sa\u011fd\u0131r, b\u0259lk\u0259, qay\u0131dacaq. H\u0259r d\u0259f\u0259 qap\u0131n\u0131n z\u0259ngi \u00e7al\u0131nanda biz el\u0259 bilirdik ki, Riadd\u0131r.\u00a02013-c\u00fc ild\u0259\u00a0m\u0259nim anam &#8211;\u00a0Bahar xan\u0131m\u00a0Riaddan \u00e7ox nigaran v\u0259fat etdi. Onun q\u0131z\u0131 Leyla atas\u0131na a\u011flaya-a\u011flaya cavabs\u0131z m\u0259ktublar yaz\u0131rd\u0131. Riada ox\u015fayan dig\u0259r ki\u00e7ik q\u0131z\u0131 F\u0259riz\u0259 is\u0259 \u00f6z o\u011fluna atas\u0131n\u0131n\u00a0ad\u0131n\u0131 qoydu\u201d, &#8211; dey\u0259 M.\u018fhm\u0259dova qeyd edib.<\/p>\n","protected":false},"author":2,"featured_media":639878,"comment_status":"closed","ping_status":"closed","sticky":false,"template":"","format":"standard","meta":{"om_disable_all_campaigns":false,"_monsterinsights_skip_tracking":false,"_monsterinsights_sitenote_active":false,"_monsterinsights_sitenote_note":"","_monsterinsights_sitenote_category":0},"categories":[10],"tags":[],"aioseo_notices":[],"gutentor_comment":0,"rttpg_featured_image_url":{"full":["https:\/\/arantv.az\/wp-content\/uploads\/2023\/09\/FotoJet-11-11.jpg",620,413,false],"landscape":["https:\/\/arantv.az\/wp-content\/uploads\/2023\/09\/FotoJet-11-11.jpg",620,413,false],"portraits":["https:\/\/arantv.az\/wp-content\/uploads\/2023\/09\/FotoJet-11-11.jpg",620,413,false],"thumbnail":["https:\/\/arantv.az\/wp-content\/uploads\/2023\/09\/FotoJet-11-11-500x280.jpg",500,280,true],"medium":["https:\/\/arantv.az\/wp-content\/uploads\/2023\/09\/FotoJet-11-11-548x365.jpg",548,365,true],"large":["https:\/\/arantv.az\/wp-content\/uploads\/2023\/09\/FotoJet-11-11.jpg",620,413,false],"1536x1536":["https:\/\/arantv.az\/wp-content\/uploads\/2023\/09\/FotoJet-11-11.jpg",620,413,false],"2048x2048":["https:\/\/arantv.az\/wp-content\/uploads\/2023\/09\/FotoJet-11-11.jpg",620,413,false],"post-thumbnail":["https:\/\/arantv.az\/wp-content\/uploads\/2023\/09\/FotoJet-11-11-240x172.jpg",240,172,true],"advps-thumb-one":["https:\/\/arantv.az\/wp-content\/uploads\/2023\/09\/FotoJet-11-11.jpg",620,413,false]},"rttpg_author":{"display_name":"V\u00fcsal Rafiqo\u011flu","author_link":"https:\/\/arantv.az\/?author=2"},"rttpg_comment":0,"rttpg_category":"<a href=\"https:\/\/arantv.az\/?cat=10\" rel=\"category\">C\u0259bh\u0259d\u0259n X\u0259b\u0259r<\/a>","rttpg_excerpt":"\u201cM\u00fcharib\u0259 ba\u015flanandan Riad\u00a0evd\u0259 tap\u0131lm\u0131rd\u0131. \u00d6z d\u00f6y\u00fc\u015f yolda\u015flar\u0131 il\u0259 birg\u0259 rayonlar\u0131, k\u0259ndl\u0259ri erm\u0259ni i\u015f\u011fal\u00e7\u0131lar\u0131ndan azad edirdi\u201d. Bu s\u00f6zl\u0259ri Az\u0259rbaycan\u0131n Milli Q\u0259hr\u0259man\u0131 Riad \u018fhm\u0259dovla ke\u00e7iril\u0259n vida m\u0259rasimind\u0259 bac\u0131s\u0131 Mehriban \u018fhm\u0259dova s\u00f6yl\u0259yib. \u201cAnam\u0131z\u0131n g\u00f6z\u00fc yolda, qula\u011f\u0131 s\u0259sd\u0259 qald\u0131. B\u0259lk\u0259, sa\u011fd\u0131r, b\u0259lk\u0259, qay\u0131dacaq. H\u0259r d\u0259f\u0259 qap\u0131n\u0131n z\u0259ngi \u00e7al\u0131nanda biz el\u0259 bilirdik ki, Riadd\u0131r.\u00a02013-c\u00fc ild\u0259\u00a0m\u0259nim anam &#8211;\u00a0Bahar xan\u0131m\u00a0Riaddan \u00e7ox nigaran&hellip;","_links":{"self":[{"href":"https:\/\/arantv.az\/index.php?rest_route=\/wp\/v2\/posts\/639875"}],"collection":[{"href":"https:\/\/arantv.az\/index.php?rest_route=\/wp\/v2\/posts"}],"about":[{"href":"https:\/\/arantv.az\/index.php?rest_route=\/wp\/v2\/types\/post"}],"author":[{"embeddable":true,"href":"https:\/\/arantv.az\/index.php?rest_route=\/wp\/v2\/users\/2"}],"replies":[{"embeddable":true,"href":"https:\/\/arantv.az\/index.php?rest_route=%2Fwp%2Fv2%2Fcomments&post=639875"}],"version-history":[{"count":0,"href":"https:\/\/arantv.az\/index.php?rest_route=\/wp\/v2\/posts\/639875\/revisions"}],"wp:featuredmedia":[{"embeddable":true,"href":"https:\/\/arantv.az\/index.php?rest_route=\/wp\/v2\/media\/639878"}],"wp:attachment":[{"href":"https:\/\/arantv.az\/index.php?rest_route=%2Fwp%2Fv2%2Fmedia&parent=639875"}],"wp:term":[{"taxonomy":"category","embeddable":true,"href":"https:\/\/arantv.az\/index.php?rest_route=%2Fwp%2Fv2%2Fcategories&post=639875"},{"taxonomy":"post_tag","embeddable":true,"href":"https:\/\/arantv.az\/index.php?rest_route=%2Fwp%2Fv2%2Ftags&post=639875"}],"curies":[{"name":"wp","href":"https:\/\/api.w.org\/{rel}","templated":true}]}}