{"id":640266,"date":"2023-10-02T10:56:10","date_gmt":"2023-10-02T06:56:10","guid":{"rendered":"https:\/\/arantv.az\/?p=640266"},"modified":"2023-10-02T10:56:10","modified_gmt":"2023-10-02T06:56:10","slug":"ilham-%c9%99liyev-v%c9%99-mehriban-%c9%99liyeva-74-cu-beyn%c9%99lxalq-astronavtika-konqresinin-acilisinda","status":"publish","type":"post","link":"https:\/\/arantv.az\/?p=640266","title":{"rendered":"\u0130lham \u018fliyev v\u0259 Mehriban \u018fliyeva 74-c\u00fc Beyn\u0259lxalq Astronavtika Konqresinin a\u00e7\u0131l\u0131\u015f\u0131nda"},"content":{"rendered":"<p>Bu d\u0259qiq\u0259l\u0259rd\u0259 Bak\u0131 Konqres M\u0259rk\u0259zind\u0259 74-c\u00fc Beyn\u0259lxalq Astronavtika Konqresinin a\u00e7\u0131l\u0131\u015f m\u0259rasimi ke\u00e7irilir.<\/p>\n<p><a href=\"https:\/\/azertag.az\/xeber\/baki_konqres_merkezinde_74_cu_beynelxalq_astronavtika_konqresinin_achilis_merasimi_kechirilir_prezident_ilham_eliyev_ve_birinci_xanim_mehriban_eliyeva_tedbirde_istirak_edirler_yenilenecek-2770687\" target=\"_blank\" rel=\"noopener\">AZ\u018fRTAC<\/a>\u00a0x\u0259b\u0259r verir ki, Az\u0259rbaycan Respublikas\u0131n\u0131n Prezidenti\u00a0<strong>\u0130lham \u018fliyev<\/strong>\u00a0v\u0259 Birinci vitse-prezident\u00a0<strong>Mehriban \u018fliyeva\u00a0<\/strong>t\u0259dbird\u0259 i\u015ftirak edirl\u0259r.<\/p>\n<p>D\u00f6vl\u0259timizin ba\u015f\u00e7\u0131s\u0131 Konqresin a\u00e7\u0131l\u0131\u015f m\u0259rasimind\u0259 \u00e7\u0131x\u0131\u015f edir.<\/p>\n","protected":false},"excerpt":{"rendered":"<p>Bu d\u0259qiq\u0259l\u0259rd\u0259 Bak\u0131 Konqres M\u0259rk\u0259zind\u0259 74-c\u00fc Beyn\u0259lxalq Astronavtika Konqresinin a\u00e7\u0131l\u0131\u015f m\u0259rasimi ke\u00e7irilir. AZ\u018fRTAC\u00a0x\u0259b\u0259r verir ki, Az\u0259rbaycan Respublikas\u0131n\u0131n Prezidenti\u00a0\u0130lham \u018fliyev\u00a0v\u0259 Birinci vitse-prezident\u00a0Mehriban \u018fliyeva\u00a0t\u0259dbird\u0259 i\u015ftirak edirl\u0259r. D\u00f6vl\u0259timizin ba\u015f\u00e7\u0131s\u0131 Konqresin a\u00e7\u0131l\u0131\u015f m\u0259rasimind\u0259 \u00e7\u0131x\u0131\u015f edir.<\/p>\n","protected":false},"author":2,"featured_media":640267,"comment_status":"closed","ping_status":"closed","sticky":false,"template":"","format":"standard","meta":{"om_disable_all_campaigns":false,"_monsterinsights_skip_tracking":false,"_monsterinsights_sitenote_active":false,"_monsterinsights_sitenote_note":"","_monsterinsights_sitenote_category":0},"categories":[4],"tags":[],"aioseo_notices":[],"gutentor_comment":0,"rttpg_featured_image_url":{"full":["https:\/\/arantv.az\/wp-content\/uploads\/2023\/10\/15686233051729437639_1000x669.jpg",620,413,false],"landscape":["https:\/\/arantv.az\/wp-content\/uploads\/2023\/10\/15686233051729437639_1000x669.jpg",620,413,false],"portraits":["https:\/\/arantv.az\/wp-content\/uploads\/2023\/10\/15686233051729437639_1000x669.jpg",620,413,false],"thumbnail":["https:\/\/arantv.az\/wp-content\/uploads\/2023\/10\/15686233051729437639_1000x669-500x280.jpg",500,280,true],"medium":["https:\/\/arantv.az\/wp-content\/uploads\/2023\/10\/15686233051729437639_1000x669-548x365.jpg",548,365,true],"large":["https:\/\/arantv.az\/wp-content\/uploads\/2023\/10\/15686233051729437639_1000x669.jpg",620,413,false],"1536x1536":["https:\/\/arantv.az\/wp-content\/uploads\/2023\/10\/15686233051729437639_1000x669.jpg",620,413,false],"2048x2048":["https:\/\/arantv.az\/wp-content\/uploads\/2023\/10\/15686233051729437639_1000x669.jpg",620,413,false],"post-thumbnail":["https:\/\/arantv.az\/wp-content\/uploads\/2023\/10\/15686233051729437639_1000x669-240x172.jpg",240,172,true],"advps-thumb-one":["https:\/\/arantv.az\/wp-content\/uploads\/2023\/10\/15686233051729437639_1000x669.jpg",620,413,false]},"rttpg_author":{"display_name":"V\u00fcsal Rafiqo\u011flu","author_link":"https:\/\/arantv.az\/?author=2"},"rttpg_comment":0,"rttpg_category":"<a href=\"https:\/\/arantv.az\/?cat=4\" rel=\"category\">Siyas\u0259t<\/a>","rttpg_excerpt":"Bu d\u0259qiq\u0259l\u0259rd\u0259 Bak\u0131 Konqres M\u0259rk\u0259zind\u0259 74-c\u00fc Beyn\u0259lxalq Astronavtika Konqresinin a\u00e7\u0131l\u0131\u015f m\u0259rasimi ke\u00e7irilir. AZ\u018fRTAC\u00a0x\u0259b\u0259r verir ki, Az\u0259rbaycan Respublikas\u0131n\u0131n Prezidenti\u00a0\u0130lham \u018fliyev\u00a0v\u0259 Birinci vitse-prezident\u00a0Mehriban \u018fliyeva\u00a0t\u0259dbird\u0259 i\u015ftirak edirl\u0259r. D\u00f6vl\u0259timizin ba\u015f\u00e7\u0131s\u0131 Konqresin a\u00e7\u0131l\u0131\u015f m\u0259rasimind\u0259 \u00e7\u0131x\u0131\u015f edir.","_links":{"self":[{"href":"https:\/\/arantv.az\/index.php?rest_route=\/wp\/v2\/posts\/640266"}],"collection":[{"href":"https:\/\/arantv.az\/index.php?rest_route=\/wp\/v2\/posts"}],"about":[{"href":"https:\/\/arantv.az\/index.php?rest_route=\/wp\/v2\/types\/post"}],"author":[{"embeddable":true,"href":"https:\/\/arantv.az\/index.php?rest_route=\/wp\/v2\/users\/2"}],"replies":[{"embeddable":true,"href":"https:\/\/arantv.az\/index.php?rest_route=%2Fwp%2Fv2%2Fcomments&post=640266"}],"version-history":[{"count":0,"href":"https:\/\/arantv.az\/index.php?rest_route=\/wp\/v2\/posts\/640266\/revisions"}],"wp:featuredmedia":[{"embeddable":true,"href":"https:\/\/arantv.az\/index.php?rest_route=\/wp\/v2\/media\/640267"}],"wp:attachment":[{"href":"https:\/\/arantv.az\/index.php?rest_route=%2Fwp%2Fv2%2Fmedia&parent=640266"}],"wp:term":[{"taxonomy":"category","embeddable":true,"href":"https:\/\/arantv.az\/index.php?rest_route=%2Fwp%2Fv2%2Fcategories&post=640266"},{"taxonomy":"post_tag","embeddable":true,"href":"https:\/\/arantv.az\/index.php?rest_route=%2Fwp%2Fv2%2Ftags&post=640266"}],"curies":[{"name":"wp","href":"https:\/\/api.w.org\/{rel}","templated":true}]}}