{"id":640357,"date":"2023-10-02T12:46:31","date_gmt":"2023-10-02T08:46:31","guid":{"rendered":"https:\/\/arantv.az\/?p=640357"},"modified":"2023-10-02T12:46:31","modified_gmt":"2023-10-02T08:46:31","slug":"prezident-ilham-%c9%99liyev-biz-s%c9%99hidl%c9%99r-ver%c9%99r%c9%99k-bmt-nin-q%c9%99tnam%c9%99l%c9%99rinin-icrasini-t%c9%99min-etdik","status":"publish","type":"post","link":"https:\/\/arantv.az\/?p=640357","title":{"rendered":"Prezident \u0130lham \u018fliyev: \u201cBiz \u015f\u0259hidl\u0259r ver\u0259r\u0259k BMT-nin q\u0259tnam\u0259l\u0259rinin icras\u0131n\u0131 t\u0259min etdik\u201d"},"content":{"rendered":"<p>\u201c\u00dc\u00e7 il \u0259vv\u0259l biz \u0259sas h\u0259d\u0259fimiz\u0259 nail olduq, 30 il \u0259rzind\u0259 pozulmu\u015f \u0259razi b\u00fct\u00f6vl\u00fcy\u00fcm\u00fcz\u00fc b\u0259rpa etdik. Biz i\u015f\u011fal\u0131n, etnik t\u0259mizl\u0259m\u0259nin qurban\u0131 olmu\u015fuq. Bu, bizim xalq\u0131m\u0131z \u00fc\u00e7\u00fcn b\u00f6y\u00fck faci\u0259 idi v\u0259 b\u00f6y\u00fck humanitar f\u0259lak\u0259t idi. Biz uzun ill\u0259r \u0259rzind\u0259 \u00e7al\u0131\u015f\u0131rd\u0131q ki, m\u00fcnaqi\u015f\u0259ni dinc yolla h\u0259ll ed\u0259k v\u0259 i\u015f\u011fala dinc yolla son qoyaq\u201d.<\/p>\n<p><a href=\"https:\/\/azertag.az\/xeber\/prezident_ilham_eliyev_biz_sehidler_vererek_bmt_nin_qetnamelerinin_icrasini_temin_etdik-2770927\" target=\"_blank\" rel=\"noopener\">AZ\u018fRTAC<\/a>\u00a0x\u0259b\u0259r verir ki, bu s\u00f6zl\u0259ri Prezident\u00a0<strong>\u0130lham \u018fliyev<\/strong>\u00a0Bak\u0131da ke\u00e7iril\u0259n 74-c\u00fc Beyn\u0259lxalq Astronavtika Konqresinin a\u00e7\u0131l\u0131\u015f m\u0259rasimind\u0259 \u00e7\u0131x\u0131\u015f\u0131nda s\u00f6yl\u0259yib.<\/p>\n<p>28 il \u0259rzind\u0259 dan\u0131\u015f\u0131qlar prosesin\u0259 g\u00fccl\u00fc sadiqliyimizi n\u00fcmayi\u015f etdirdiyimizi, lakin \u00fc\u00e7 il \u0259vv\u0259l BMT-nin Nizamnam\u0259sin\u0259 uyun olaraq \u00f6z\u00fcn\u00fcm\u00fcdafi\u0259 h\u00fcququndan istifad\u0259 etdiyimizi vur\u011fulayan d\u00f6vl\u0259timizin ba\u015f\u00e7\u0131s\u0131 bildirib:<\/p>\n<p>\u201cBiz \u00fc\u00e7 il bundan \u0259vv\u0259l \u0259razil\u0259rimizi i\u015f\u011faldan azad etdik, i\u015f\u011fala son qoyduq. \u00d6t\u0259n ay is\u0259 b\u00fct\u00fcn \u00f6lk\u0259 \u0259razisind\u0259 suverenliyimizi tam b\u0259rpa etdik\u201d.<\/p>\n<p>Prezident \u0130lham \u018fliyev t\u0259\u0259ss\u00fcfl\u0259 vur\u011fulay\u0131b ki, m\u00fcnaqi\u015f\u0259y\u0259 son qoymal\u0131 olan o beyn\u0259lxalq t\u0259\u015fkilatlar bu istiqam\u0259td\u0259 he\u00e7 bir n\u0259tic\u0259 \u0259ld\u0259 etm\u0259dil\u0259r.<\/p>\n<p>\u201cBMT-nin d\u00f6rd q\u0259tnam\u0259si Erm\u0259nistan qo\u015funlar\u0131n\u0131n \u0259razimizd\u0259n tam, d\u0259rhal v\u0259 qeyd-\u015f\u0259rtsiz \u00e7\u0131xar\u0131lmas\u0131n\u0131 t\u0259l\u0259b edirdi. Lakin bu q\u0259tnam\u0259l\u0259r 27 il ka\u011f\u0131z \u00fcz\u0259rind\u0259 qald\u0131. Biz \u015f\u0259hidl\u0259r ver\u0259r\u0259k bu q\u0259tnam\u0259l\u0259rin icras\u0131n\u0131 t\u0259min etdik\u201d, &#8211; dey\u0259 d\u00f6vl\u0259timizin ba\u015f\u00e7\u0131s\u0131 bildirib.<\/p>\n","protected":false},"excerpt":{"rendered":"<p>\u201c\u00dc\u00e7 il \u0259vv\u0259l biz \u0259sas h\u0259d\u0259fimiz\u0259 nail olduq, 30 il \u0259rzind\u0259 pozulmu\u015f \u0259razi b\u00fct\u00f6vl\u00fcy\u00fcm\u00fcz\u00fc b\u0259rpa etdik. Biz i\u015f\u011fal\u0131n, etnik t\u0259mizl\u0259m\u0259nin qurban\u0131 olmu\u015fuq. Bu, bizim xalq\u0131m\u0131z \u00fc\u00e7\u00fcn b\u00f6y\u00fck faci\u0259 idi v\u0259 b\u00f6y\u00fck humanitar f\u0259lak\u0259t idi. Biz uzun ill\u0259r \u0259rzind\u0259 \u00e7al\u0131\u015f\u0131rd\u0131q ki, m\u00fcnaqi\u015f\u0259ni dinc yolla h\u0259ll ed\u0259k v\u0259 i\u015f\u011fala dinc yolla son qoyaq\u201d. AZ\u018fRTAC\u00a0x\u0259b\u0259r verir ki, bu s\u00f6zl\u0259ri Prezident\u00a0\u0130lham \u018fliyev\u00a0Bak\u0131da ke\u00e7iril\u0259n 74-c\u00fc Beyn\u0259lxalq Astronavtika Konqresinin a\u00e7\u0131l\u0131\u015f m\u0259rasimind\u0259 \u00e7\u0131x\u0131\u015f\u0131nda s\u00f6yl\u0259yib. 28 il \u0259rzind\u0259 dan\u0131\u015f\u0131qlar prosesin\u0259 g\u00fccl\u00fc sadiqliyimizi n\u00fcmayi\u015f etdirdiyimizi, lakin \u00fc\u00e7 il \u0259vv\u0259l BMT-nin Nizamnam\u0259sin\u0259 uyun olaraq \u00f6z\u00fcn\u00fcm\u00fcdafi\u0259 h\u00fcququndan istifad\u0259 etdiyimizi vur\u011fulayan d\u00f6vl\u0259timizin&hellip;<\/p>\n","protected":false},"author":2,"featured_media":640359,"comment_status":"closed","ping_status":"closed","sticky":false,"template":"","format":"standard","meta":{"om_disable_all_campaigns":false,"_monsterinsights_skip_tracking":false,"_monsterinsights_sitenote_active":false,"_monsterinsights_sitenote_note":"","_monsterinsights_sitenote_category":0},"categories":[4],"tags":[],"aioseo_notices":[],"gutentor_comment":0,"rttpg_featured_image_url":{"full":["https:\/\/arantv.az\/wp-content\/uploads\/2023\/10\/002.jpg",620,413,false],"landscape":["https:\/\/arantv.az\/wp-content\/uploads\/2023\/10\/002.jpg",620,413,false],"portraits":["https:\/\/arantv.az\/wp-content\/uploads\/2023\/10\/002.jpg",620,413,false],"thumbnail":["https:\/\/arantv.az\/wp-content\/uploads\/2023\/10\/002-500x280.jpg",500,280,true],"medium":["https:\/\/arantv.az\/wp-content\/uploads\/2023\/10\/002-548x365.jpg",548,365,true],"large":["https:\/\/arantv.az\/wp-content\/uploads\/2023\/10\/002.jpg",620,413,false],"1536x1536":["https:\/\/arantv.az\/wp-content\/uploads\/2023\/10\/002.jpg",620,413,false],"2048x2048":["https:\/\/arantv.az\/wp-content\/uploads\/2023\/10\/002.jpg",620,413,false],"post-thumbnail":["https:\/\/arantv.az\/wp-content\/uploads\/2023\/10\/002-240x172.jpg",240,172,true],"advps-thumb-one":["https:\/\/arantv.az\/wp-content\/uploads\/2023\/10\/002.jpg",620,413,false]},"rttpg_author":{"display_name":"V\u00fcsal Rafiqo\u011flu","author_link":"https:\/\/arantv.az\/?author=2"},"rttpg_comment":0,"rttpg_category":"<a href=\"https:\/\/arantv.az\/?cat=4\" rel=\"category\">Siyas\u0259t<\/a>","rttpg_excerpt":"\u201c\u00dc\u00e7 il \u0259vv\u0259l biz \u0259sas h\u0259d\u0259fimiz\u0259 nail olduq, 30 il \u0259rzind\u0259 pozulmu\u015f \u0259razi b\u00fct\u00f6vl\u00fcy\u00fcm\u00fcz\u00fc b\u0259rpa etdik. Biz i\u015f\u011fal\u0131n, etnik t\u0259mizl\u0259m\u0259nin qurban\u0131 olmu\u015fuq. Bu, bizim xalq\u0131m\u0131z \u00fc\u00e7\u00fcn b\u00f6y\u00fck faci\u0259 idi v\u0259 b\u00f6y\u00fck humanitar f\u0259lak\u0259t idi. Biz uzun ill\u0259r \u0259rzind\u0259 \u00e7al\u0131\u015f\u0131rd\u0131q ki, m\u00fcnaqi\u015f\u0259ni dinc yolla h\u0259ll ed\u0259k v\u0259 i\u015f\u011fala dinc yolla son qoyaq\u201d. AZ\u018fRTAC\u00a0x\u0259b\u0259r verir ki, bu&hellip;","_links":{"self":[{"href":"https:\/\/arantv.az\/index.php?rest_route=\/wp\/v2\/posts\/640357"}],"collection":[{"href":"https:\/\/arantv.az\/index.php?rest_route=\/wp\/v2\/posts"}],"about":[{"href":"https:\/\/arantv.az\/index.php?rest_route=\/wp\/v2\/types\/post"}],"author":[{"embeddable":true,"href":"https:\/\/arantv.az\/index.php?rest_route=\/wp\/v2\/users\/2"}],"replies":[{"embeddable":true,"href":"https:\/\/arantv.az\/index.php?rest_route=%2Fwp%2Fv2%2Fcomments&post=640357"}],"version-history":[{"count":0,"href":"https:\/\/arantv.az\/index.php?rest_route=\/wp\/v2\/posts\/640357\/revisions"}],"wp:featuredmedia":[{"embeddable":true,"href":"https:\/\/arantv.az\/index.php?rest_route=\/wp\/v2\/media\/640359"}],"wp:attachment":[{"href":"https:\/\/arantv.az\/index.php?rest_route=%2Fwp%2Fv2%2Fmedia&parent=640357"}],"wp:term":[{"taxonomy":"category","embeddable":true,"href":"https:\/\/arantv.az\/index.php?rest_route=%2Fwp%2Fv2%2Fcategories&post=640357"},{"taxonomy":"post_tag","embeddable":true,"href":"https:\/\/arantv.az\/index.php?rest_route=%2Fwp%2Fv2%2Ftags&post=640357"}],"curies":[{"name":"wp","href":"https:\/\/api.w.org\/{rel}","templated":true}]}}