{"id":640360,"date":"2023-10-02T12:47:20","date_gmt":"2023-10-02T08:47:20","guid":{"rendered":"https:\/\/arantv.az\/?p=640360"},"modified":"2023-10-02T12:47:20","modified_gmt":"2023-10-02T08:47:20","slug":"s%c9%99hid-olan-az%c9%99rbaycan-cempionunun-anim-gunudur","status":"publish","type":"post","link":"https:\/\/arantv.az\/?p=640360","title":{"rendered":"\u015e\u0259hid olan Az\u0259rbaycan \u00e7empionunun an\u0131m g\u00fcn\u00fcd\u00fcr"},"content":{"rendered":"<p>Bu g\u00fcn 44 g\u00fcnl\u00fck V\u0259t\u0259n m\u00fcharib\u0259sind\u0259 \u015f\u0259hid olan Muxtar \u018fli o\u011flu Qas\u0131ml\u0131n\u0131n an\u0131m g\u00fcn\u00fcd\u00fcr.<\/p>\n<p><strong>ARANTV.AZ <\/strong>\u00a0xat\u0131rlad\u0131r ki, \u015f\u0259hidimiz 1993-c\u00fc il\u00a0fevral\u0131n 23-d\u0259 Bak\u0131 \u015f\u0259h\u0259rind\u0259 anadan olub.<\/p>\n<p>O, 1999-cu ild\u0259 Bak\u0131 \u015f\u0259h\u0259ri 318 n\u00f6mr\u0259li tam orta m\u0259kt\u0259b\u0259 daxil olub v\u0259 2009-cu ild\u0259 m\u0259kt\u0259bi bitirib. 2009-2013-c\u00fc ill\u0259rd\u0259 Az\u0259rbaycan D\u00f6vl\u0259t B\u0259d\u0259n T\u0259rbiy\u0259si v\u0259 \u0130dman Akademiyas\u0131n\u0131n kikboksinq fak\u00fclt\u0259si \u00fczr\u0259 bakalavr t\u0259hsili al\u0131b.<\/p>\n<p>Erk\u0259n ya\u015flar\u0131ndan idmana mara\u011f\u0131 olub. D\u0259f\u0259l\u0259rl\u0259 yar\u0131\u015flarda i\u015ftirak edib v\u0259 m\u00fckafatlara layiq g\u00f6r\u00fcl\u00fcb.<\/p>\n<p>M.Qas\u0131ml\u0131 2019-cu ild\u0259 fitnes \u00fczr\u0259 Az\u0259rbaycan \u00e7empionu ad\u0131na layiq g\u00f6r\u00fcl\u00fcb.<\/p>\n<p>Muxtar Qas\u0131ml\u0131 2020-ci il sentyabr\u0131n 27-d\u0259 Az\u0259rbaycan v\u0259 Erm\u0259nistan aras\u0131nda ba\u015flanan V\u0259t\u0259n m\u00fcharib\u0259si zaman\u0131 F\u00fczuli u\u011frunda ged\u0259n d\u00f6y\u00fc\u015fl\u0259rd\u0259 \u015f\u00fcca\u0259t g\u00f6st\u0259rib. Oktyabr\u0131n 2-d\u0259 F\u00fczuli u\u011frunda ged\u0259n d\u00f6y\u00fc\u015fl\u0259rd\u0259 q\u0259hr\u0259mancas\u0131na \u015f\u0259hid olub.<\/p>\n<p>Bak\u0131 \u015f\u0259h\u0259ri Qala q\u0259biristanl\u0131\u011f\u0131nda d\u0259fn olunub.<\/p>\n<p>O, \u201cV\u0259t\u0259n u\u011frunda\u201d v\u0259 \u201cF\u00fczulinin azad olunmas\u0131na g\u00f6r\u0259\u201d\u00a0medallar\u0131 il\u0259 t\u0259ltif olunub.\u00a03-c\u00fc d\u0259r\u0259c\u0259li \u201cV\u0259t\u0259n\u0259 xidm\u0259t\u0259 g\u00f6r\u0259\u201d ordenin\u0259\u00a0layiq g\u00f6r\u00fcl\u00fcb.<\/p>\n","protected":false},"excerpt":{"rendered":"<p>Bu g\u00fcn 44 g\u00fcnl\u00fck V\u0259t\u0259n m\u00fcharib\u0259sind\u0259 \u015f\u0259hid olan Muxtar \u018fli o\u011flu Qas\u0131ml\u0131n\u0131n an\u0131m g\u00fcn\u00fcd\u00fcr. ARANTV.AZ \u00a0xat\u0131rlad\u0131r ki, \u015f\u0259hidimiz 1993-c\u00fc il\u00a0fevral\u0131n 23-d\u0259 Bak\u0131 \u015f\u0259h\u0259rind\u0259 anadan olub. O, 1999-cu ild\u0259 Bak\u0131 \u015f\u0259h\u0259ri 318 n\u00f6mr\u0259li tam orta m\u0259kt\u0259b\u0259 daxil olub v\u0259 2009-cu ild\u0259 m\u0259kt\u0259bi bitirib. 2009-2013-c\u00fc ill\u0259rd\u0259 Az\u0259rbaycan D\u00f6vl\u0259t B\u0259d\u0259n T\u0259rbiy\u0259si v\u0259 \u0130dman Akademiyas\u0131n\u0131n kikboksinq fak\u00fclt\u0259si \u00fczr\u0259 bakalavr t\u0259hsili al\u0131b. Erk\u0259n ya\u015flar\u0131ndan idmana mara\u011f\u0131 olub. D\u0259f\u0259l\u0259rl\u0259 yar\u0131\u015flarda i\u015ftirak edib v\u0259 m\u00fckafatlara layiq g\u00f6r\u00fcl\u00fcb. M.Qas\u0131ml\u0131 2019-cu ild\u0259 fitnes \u00fczr\u0259 Az\u0259rbaycan \u00e7empionu ad\u0131na layiq g\u00f6r\u00fcl\u00fcb. Muxtar Qas\u0131ml\u0131 2020-ci il sentyabr\u0131n 27-d\u0259 Az\u0259rbaycan v\u0259 Erm\u0259nistan aras\u0131nda&hellip;<\/p>\n","protected":false},"author":2,"featured_media":568615,"comment_status":"closed","ping_status":"closed","sticky":false,"template":"","format":"standard","meta":{"om_disable_all_campaigns":false,"_monsterinsights_skip_tracking":false,"_monsterinsights_sitenote_active":false,"_monsterinsights_sitenote_note":"","_monsterinsights_sitenote_category":0},"categories":[1],"tags":[],"aioseo_notices":[],"gutentor_comment":0,"rttpg_featured_image_url":{"full":["https:\/\/arantv.az\/wp-content\/uploads\/2023\/02\/Muxtar_QasA\u00b1mlA\u00b1.jpg",474,526,false],"landscape":["https:\/\/arantv.az\/wp-content\/uploads\/2023\/02\/Muxtar_QasA\u00b1mlA\u00b1.jpg",474,526,false],"portraits":["https:\/\/arantv.az\/wp-content\/uploads\/2023\/02\/Muxtar_QasA\u00b1mlA\u00b1.jpg",474,526,false],"thumbnail":["https:\/\/arantv.az\/wp-content\/uploads\/2023\/02\/Muxtar_QasA\u00b1mlA\u00b1-474x280.jpg",474,280,true],"medium":["https:\/\/arantv.az\/wp-content\/uploads\/2023\/02\/Muxtar_QasA\u00b1mlA\u00b1-329x365.jpg",329,365,true],"large":["https:\/\/arantv.az\/wp-content\/uploads\/2023\/02\/Muxtar_QasA\u00b1mlA\u00b1.jpg",474,526,false],"1536x1536":["https:\/\/arantv.az\/wp-content\/uploads\/2023\/02\/Muxtar_QasA\u00b1mlA\u00b1.jpg",474,526,false],"2048x2048":["https:\/\/arantv.az\/wp-content\/uploads\/2023\/02\/Muxtar_QasA\u00b1mlA\u00b1.jpg",474,526,false],"post-thumbnail":["https:\/\/arantv.az\/wp-content\/uploads\/2023\/02\/Muxtar_QasA\u00b1mlA\u00b1-240x172.jpg",240,172,true],"advps-thumb-one":["https:\/\/arantv.az\/wp-content\/uploads\/2023\/02\/Muxtar_QasA\u00b1mlA\u00b1.jpg",474,526,false]},"rttpg_author":{"display_name":"V\u00fcsal Rafiqo\u011flu","author_link":"https:\/\/arantv.az\/?author=2"},"rttpg_comment":0,"rttpg_category":"<a href=\"https:\/\/arantv.az\/?cat=1\" rel=\"category\">C\u0259miyy\u0259t<\/a>","rttpg_excerpt":"Bu g\u00fcn 44 g\u00fcnl\u00fck V\u0259t\u0259n m\u00fcharib\u0259sind\u0259 \u015f\u0259hid olan Muxtar \u018fli o\u011flu Qas\u0131ml\u0131n\u0131n an\u0131m g\u00fcn\u00fcd\u00fcr. ARANTV.AZ \u00a0xat\u0131rlad\u0131r ki, \u015f\u0259hidimiz 1993-c\u00fc il\u00a0fevral\u0131n 23-d\u0259 Bak\u0131 \u015f\u0259h\u0259rind\u0259 anadan olub. O, 1999-cu ild\u0259 Bak\u0131 \u015f\u0259h\u0259ri 318 n\u00f6mr\u0259li tam orta m\u0259kt\u0259b\u0259 daxil olub v\u0259 2009-cu ild\u0259 m\u0259kt\u0259bi bitirib. 2009-2013-c\u00fc ill\u0259rd\u0259 Az\u0259rbaycan D\u00f6vl\u0259t B\u0259d\u0259n T\u0259rbiy\u0259si v\u0259 \u0130dman Akademiyas\u0131n\u0131n kikboksinq fak\u00fclt\u0259si \u00fczr\u0259 bakalavr&hellip;","_links":{"self":[{"href":"https:\/\/arantv.az\/index.php?rest_route=\/wp\/v2\/posts\/640360"}],"collection":[{"href":"https:\/\/arantv.az\/index.php?rest_route=\/wp\/v2\/posts"}],"about":[{"href":"https:\/\/arantv.az\/index.php?rest_route=\/wp\/v2\/types\/post"}],"author":[{"embeddable":true,"href":"https:\/\/arantv.az\/index.php?rest_route=\/wp\/v2\/users\/2"}],"replies":[{"embeddable":true,"href":"https:\/\/arantv.az\/index.php?rest_route=%2Fwp%2Fv2%2Fcomments&post=640360"}],"version-history":[{"count":0,"href":"https:\/\/arantv.az\/index.php?rest_route=\/wp\/v2\/posts\/640360\/revisions"}],"wp:featuredmedia":[{"embeddable":true,"href":"https:\/\/arantv.az\/index.php?rest_route=\/wp\/v2\/media\/568615"}],"wp:attachment":[{"href":"https:\/\/arantv.az\/index.php?rest_route=%2Fwp%2Fv2%2Fmedia&parent=640360"}],"wp:term":[{"taxonomy":"category","embeddable":true,"href":"https:\/\/arantv.az\/index.php?rest_route=%2Fwp%2Fv2%2Fcategories&post=640360"},{"taxonomy":"post_tag","embeddable":true,"href":"https:\/\/arantv.az\/index.php?rest_route=%2Fwp%2Fv2%2Ftags&post=640360"}],"curies":[{"name":"wp","href":"https:\/\/api.w.org\/{rel}","templated":true}]}}