{"id":640362,"date":"2023-10-02T12:48:07","date_gmt":"2023-10-02T08:48:07","guid":{"rendered":"https:\/\/arantv.az\/?p=640362"},"modified":"2023-10-02T12:48:07","modified_gmt":"2023-10-02T08:48:07","slug":"baki-muh%c9%99ndislik-universitetinin-prorektoru-isd%c9%99n-cixarilib","status":"publish","type":"post","link":"https:\/\/arantv.az\/?p=640362","title":{"rendered":"Bak\u0131 M\u00fch\u0259ndislik Universitetinin prorektoru i\u015fd\u0259n \u00e7\u0131xar\u0131l\u0131b"},"content":{"rendered":"<p>Bak\u0131 M\u00fch\u0259ndislik Universitetinin (BMU) beyn\u0259lxalq \u0259laq\u0259l\u0259r \u00fczr\u0259 prorektoru Manaf\u0259ddin Namazov v\u0259zif\u0259sind\u0259n azad olunub.<\/p>\n<p>\u201cReport\u201dun \u0259ld\u0259 etdiyi m\u0259lumata g\u00f6r\u0259, h\u0259l\u0259lik onun yerin\u0259 t\u0259yinat yoxdur.<\/p>\n<p>Qeyd ed\u0259k ki, bu yax\u0131nlarda universitetin ke\u00e7mi\u015f rektoru Havar M\u0259mm\u0259dov Prezidentin m\u00fcvafiq s\u0259r\u0259ncam\u0131 il\u0259 v\u0259zif\u0259sind\u0259n azad edilib. Onun yerin\u0259 Elm v\u0259 T\u0259hsil Nazirliyinin Aparat r\u0259hb\u0259rinin m\u00fcavini, nazirliyin Elm, Ali v\u0259 Orta \u0130xtisas T\u0259hsili \u015e\u00f6b\u0259sinin m\u00fcdiri v\u0259zif\u0259sini icra ed\u0259n Yaqub Piriyev t\u0259yin edilib.<\/p>\n","protected":false},"excerpt":{"rendered":"<p>Bak\u0131 M\u00fch\u0259ndislik Universitetinin (BMU) beyn\u0259lxalq \u0259laq\u0259l\u0259r \u00fczr\u0259 prorektoru Manaf\u0259ddin Namazov v\u0259zif\u0259sind\u0259n azad olunub. \u201cReport\u201dun \u0259ld\u0259 etdiyi m\u0259lumata g\u00f6r\u0259, h\u0259l\u0259lik onun yerin\u0259 t\u0259yinat yoxdur. Qeyd ed\u0259k ki, bu yax\u0131nlarda universitetin ke\u00e7mi\u015f rektoru Havar M\u0259mm\u0259dov Prezidentin m\u00fcvafiq s\u0259r\u0259ncam\u0131 il\u0259 v\u0259zif\u0259sind\u0259n azad edilib. Onun yerin\u0259 Elm v\u0259 T\u0259hsil Nazirliyinin Aparat r\u0259hb\u0259rinin m\u00fcavini, nazirliyin Elm, Ali v\u0259 Orta \u0130xtisas T\u0259hsili \u015e\u00f6b\u0259sinin m\u00fcdiri v\u0259zif\u0259sini icra ed\u0259n Yaqub Piriyev t\u0259yin edilib.<\/p>\n","protected":false},"author":2,"featured_media":640364,"comment_status":"closed","ping_status":"closed","sticky":false,"template":"","format":"standard","meta":{"om_disable_all_campaigns":false,"_monsterinsights_skip_tracking":false,"_monsterinsights_sitenote_active":false,"_monsterinsights_sitenote_note":"","_monsterinsights_sitenote_category":0},"categories":[1],"tags":[],"aioseo_notices":[],"gutentor_comment":0,"rttpg_featured_image_url":{"full":["https:\/\/arantv.az\/wp-content\/uploads\/2023\/10\/f1e52849-41ad-3565-a09e-f7928bc60a11_850.jpg",620,413,false],"landscape":["https:\/\/arantv.az\/wp-content\/uploads\/2023\/10\/f1e52849-41ad-3565-a09e-f7928bc60a11_850.jpg",620,413,false],"portraits":["https:\/\/arantv.az\/wp-content\/uploads\/2023\/10\/f1e52849-41ad-3565-a09e-f7928bc60a11_850.jpg",620,413,false],"thumbnail":["https:\/\/arantv.az\/wp-content\/uploads\/2023\/10\/f1e52849-41ad-3565-a09e-f7928bc60a11_850-500x280.jpg",500,280,true],"medium":["https:\/\/arantv.az\/wp-content\/uploads\/2023\/10\/f1e52849-41ad-3565-a09e-f7928bc60a11_850-548x365.jpg",548,365,true],"large":["https:\/\/arantv.az\/wp-content\/uploads\/2023\/10\/f1e52849-41ad-3565-a09e-f7928bc60a11_850.jpg",620,413,false],"1536x1536":["https:\/\/arantv.az\/wp-content\/uploads\/2023\/10\/f1e52849-41ad-3565-a09e-f7928bc60a11_850.jpg",620,413,false],"2048x2048":["https:\/\/arantv.az\/wp-content\/uploads\/2023\/10\/f1e52849-41ad-3565-a09e-f7928bc60a11_850.jpg",620,413,false],"post-thumbnail":["https:\/\/arantv.az\/wp-content\/uploads\/2023\/10\/f1e52849-41ad-3565-a09e-f7928bc60a11_850-240x172.jpg",240,172,true],"advps-thumb-one":["https:\/\/arantv.az\/wp-content\/uploads\/2023\/10\/f1e52849-41ad-3565-a09e-f7928bc60a11_850.jpg",620,413,false]},"rttpg_author":{"display_name":"V\u00fcsal Rafiqo\u011flu","author_link":"https:\/\/arantv.az\/?author=2"},"rttpg_comment":0,"rttpg_category":"<a href=\"https:\/\/arantv.az\/?cat=1\" rel=\"category\">C\u0259miyy\u0259t<\/a>","rttpg_excerpt":"Bak\u0131 M\u00fch\u0259ndislik Universitetinin (BMU) beyn\u0259lxalq \u0259laq\u0259l\u0259r \u00fczr\u0259 prorektoru Manaf\u0259ddin Namazov v\u0259zif\u0259sind\u0259n azad olunub. \u201cReport\u201dun \u0259ld\u0259 etdiyi m\u0259lumata g\u00f6r\u0259, h\u0259l\u0259lik onun yerin\u0259 t\u0259yinat yoxdur. Qeyd ed\u0259k ki, bu yax\u0131nlarda universitetin ke\u00e7mi\u015f rektoru Havar M\u0259mm\u0259dov Prezidentin m\u00fcvafiq s\u0259r\u0259ncam\u0131 il\u0259 v\u0259zif\u0259sind\u0259n azad edilib. Onun yerin\u0259 Elm v\u0259 T\u0259hsil Nazirliyinin Aparat r\u0259hb\u0259rinin m\u00fcavini, nazirliyin Elm, Ali v\u0259 Orta \u0130xtisas&hellip;","_links":{"self":[{"href":"https:\/\/arantv.az\/index.php?rest_route=\/wp\/v2\/posts\/640362"}],"collection":[{"href":"https:\/\/arantv.az\/index.php?rest_route=\/wp\/v2\/posts"}],"about":[{"href":"https:\/\/arantv.az\/index.php?rest_route=\/wp\/v2\/types\/post"}],"author":[{"embeddable":true,"href":"https:\/\/arantv.az\/index.php?rest_route=\/wp\/v2\/users\/2"}],"replies":[{"embeddable":true,"href":"https:\/\/arantv.az\/index.php?rest_route=%2Fwp%2Fv2%2Fcomments&post=640362"}],"version-history":[{"count":0,"href":"https:\/\/arantv.az\/index.php?rest_route=\/wp\/v2\/posts\/640362\/revisions"}],"wp:featuredmedia":[{"embeddable":true,"href":"https:\/\/arantv.az\/index.php?rest_route=\/wp\/v2\/media\/640364"}],"wp:attachment":[{"href":"https:\/\/arantv.az\/index.php?rest_route=%2Fwp%2Fv2%2Fmedia&parent=640362"}],"wp:term":[{"taxonomy":"category","embeddable":true,"href":"https:\/\/arantv.az\/index.php?rest_route=%2Fwp%2Fv2%2Fcategories&post=640362"},{"taxonomy":"post_tag","embeddable":true,"href":"https:\/\/arantv.az\/index.php?rest_route=%2Fwp%2Fv2%2Ftags&post=640362"}],"curies":[{"name":"wp","href":"https:\/\/api.w.org\/{rel}","templated":true}]}}