{"id":640365,"date":"2023-10-02T12:49:16","date_gmt":"2023-10-02T08:49:16","guid":{"rendered":"https:\/\/arantv.az\/?p=640365"},"modified":"2023-10-02T12:49:16","modified_gmt":"2023-10-02T08:49:16","slug":"olk%c9%99nin-g%c9%99l%c9%99c%c9%99k-muq%c9%99dd%c9%99ratini-mu%c9%99yy%c9%99n-etmis-seckil%c9%99r-2","status":"publish","type":"post","link":"https:\/\/arantv.az\/?p=640365","title":{"rendered":"\u00d6lk\u0259nin g\u0259l\u0259c\u0259k m\u00fcq\u0259dd\u0259rat\u0131n\u0131 m\u00fc\u0259yy\u0259n etmi\u015f se\u00e7kil\u0259r"},"content":{"rendered":"<p>30 il bundan \u0259vv\u0259l, oktyabr\u0131n\u00a0 3-d\u0259 \u00f6lk\u0259d\u0259 ke\u00e7iril\u0259n Prezident se\u00e7kil\u0259rind\u0259 Az\u0259rbaycan xalq\u0131\u00a0 b\u00f6y\u00fck s\u0259s \u00e7oxlu\u011fu il\u0259 \u00f6z se\u00e7imini etdi v\u0259 Ulu \u00d6nd\u0259r Heyd\u0259r \u018fliyevi Prezident se\u00e7di. \u00d6lk\u0259mizin tarixi \u00fc\u00e7\u00fcn \u00e7ox m\u00fch\u00fcm hadis\u0259 olan bu se\u00e7kil\u0259r m\u00fcst\u0259qil Az\u0259rbaycan d\u00f6vl\u0259ti \u00fc\u00e7\u00fcn is\u0259 qurtulu\u015fa ged\u0259n yolun ilk pill\u0259si oldu. 1991-1993-c\u00fc ill\u0259r \u00f6lk\u0259mizin m\u00fcasir tarixind\u0259 h\u0259rc-m\u0259rclik, \u00f6zba\u015f\u0131nal\u0131q v\u0259 qeyri-pe\u015f\u0259kar idar\u0259etm\u0259 d\u00f6vr\u00fc kimi xat\u0131rlan\u0131r. Hadis\u0259l\u0259ri d\u00fczg\u00fcn qiym\u0259tl\u0259ndir\u0259 bilm\u0259y\u0259n h\u0259min d\u00f6vr\u00fcn iqtidar\u0131 xalq qar\u015f\u0131s\u0131nda g\u00fcnd\u0259n-g\u00fcn\u0259 n\u00fcfuzunu itirir, ba\u015f vermi\u015f prosesl\u0259rd\u0259n d\u00fczg\u00fcn n\u0259tic\u0259 \u00e7\u0131xara bilmirdi. Bel\u0259 bir v\u0259ziyy\u0259td\u0259n \u00e7\u0131x\u0131\u015f yolunu axtaran Az\u0259rbaycan xalq\u0131 xilas\u0131n\u0131 yaln\u0131z Heyd\u0259r \u018fliyevin simas\u0131nda g\u00f6r\u00fcrd\u00fc. D\u00f6vl\u0259t\u00e7ilik anlay\u0131\u015f\u0131ndan bix\u0259b\u0259r olan v\u0259 h\u0259rbi birl\u0259\u015fm\u0259l\u0259ri \u0259slind\u0259 \u00f6z m\u0259qs\u0259dl\u0259ri \u00fc\u00e7\u00fcn istifad\u0259 ed\u0259n ayr\u0131-ayr\u0131 \u015f\u0259xsl\u0259rin h\u0259d\u0259l\u0259rind\u0259n qorxub gizl\u0259nmi\u015f v\u0259 bu t\u0259hl\u00fck\u0259li prosesl\u0259rin qar\u015f\u0131s\u0131n\u0131 ala bilm\u0259diyini d\u0259rk ed\u0259n AXC-M\u00fcsavat iqtidar\u0131n\u0131n \u00f6z\u00fc d\u0259 xilas \u00fc\u00e7\u00fcn sonda Heyd\u0259r \u018fliyevd\u0259n imdad ist\u0259di.<\/p>\n<p>Xalq\u0131n t\u0259l\u0259bi v\u0259 t\u0259kidi il\u0259 yenid\u0259n hakimiyy\u0259t\u0259 qay\u0131dan \u00dcmummilli Lider m\u00fctl\u0259q \u0259ks\u0259riyy\u0259tinin s\u0259sini qazanaraq Az\u0259rbaycan Respublikas\u0131n\u0131n Prezidenti se\u00e7ildi.\u00a0 Ulu \u00d6nd\u0259r 1993-c\u00fc il oktyabr\u0131n 10-da d\u00f6vl\u0259t\u0259 v\u0259 xalqa s\u0259daq\u0259t and\u0131 i\u00e7\u0259r\u0259k Az\u0259rbaycan\u0131 b\u00f6y\u00fck b\u0259lalardan, faci\u0259l\u0259rd\u0259n hifz edib, \u00f6lk\u0259ni sabitlik, iqtisadi inki\u015faf v\u0259 t\u0259r\u0259qqi yoluna \u00e7\u0131xar\u0131b, qlobal enerji-kommunikasiya layih\u0259l\u0259rini realla\u015fd\u0131rmaqla V\u0259t\u0259n\u0259 s\u0259daq\u0259tl\u0259 xidm\u0259tin \u0259yani n\u00fcmun\u0259sini yaratd\u0131. Bu h\u0259m d\u0259 xilaskarl\u0131q missiyas\u0131 idi.<\/p>\n<p>\u00dcmummilli Lider ilk n\u00f6vb\u0259d\u0259, \u00f6lk\u0259d\u0259 ictimai-siyasi sabitliyin b\u0259rpas\u0131 istiqam\u0259tind\u0259 g\u0259rgin i\u015f aparm\u0131\u015f, \u00f6lk\u0259d\u0259ki qeyri-qanuni silahl\u0131 d\u0259st\u0259l\u0259r z\u0259r\u0259rsizl\u0259\u015fdirilmi\u015f, respublikam\u0131z\u0131n sosial-iqtisadi y\u00fcks\u0259li\u015fin\u0259 yol a\u00e7an \u0259n m\u00fch\u00fcm amil kimi c\u0259miyy\u0259td\u0259 ictimai-siyasi sabitlik b\u0259rq\u0259rar edilmi\u015fdir. D\u00f6vl\u0259t \u00e7evrili\u015fl\u0259rinin qar\u015f\u0131s\u0131 al\u0131nm\u0131\u015f, Az\u0259rbaycan v\u0259t\u0259nda\u015f m\u00fcharib\u0259si t\u0259hl\u00fck\u0259sind\u0259n xilas olmu\u015fdur. M\u00fcst\u0259qil d\u00f6vl\u0259timizin \u0259razi b\u00fct\u00f6vl\u00fcy\u00fcn\u00fcn b\u0259rpas\u0131 v\u0259 Erm\u0259nistan silahl\u0131 q\u00fcvv\u0259l\u0259rinin h\u00fccumlar\u0131n\u0131n qar\u015f\u0131s\u0131n\u0131n al\u0131nmas\u0131, \u00f6lk\u0259nin m\u00fcst\u0259qilliyinin qorunub saxlanmas\u0131 \u00fc\u00e7\u00fcn ordu quruculu\u011fu istiqam\u0259tind\u0259 kompleks t\u0259dbirl\u0259r h\u0259yata ke\u00e7irilmi\u015fdir. Onun prezident se\u00e7ilm\u0259si il\u0259 \u00f6lk\u0259miz \u00f6z\u00fcn\u00fcn yeni inki\u015faf m\u0259rh\u0259l\u0259sin\u0259 q\u0259d\u0259m qoyaraq, d\u00f6vl\u0259t quruculu\u011fu, iqtisadi, sosial v\u0259 m\u0259d\u0259ni h\u0259yatda\u00a0 demokratiyan\u0131n, qanunvericiliyin\u00a0 formala\u015fmas\u0131\u00a0 \u00fc\u00e7\u00fcn geni\u015f imkanlar yarand\u0131. M\u00fcst\u0259qillik ill\u0259rind\u0259 Az\u0259rbaycan d\u00fcnyan\u0131n n\u00fcfuzlu\u00a0 beyn\u0259lxalq t\u0259\u015fkilatlar\u0131na \u00fczv q\u0259bul edildi, faydal\u0131 \u0259m\u0259kda\u015fl\u0131qlar quruldu. H\u0259yata ke\u00e7iril\u0259n regional v\u0259 qlobal layih\u0259l\u0259r Az\u0259rbaycan\u0131n\u00a0 \u00a0beyn\u0259lxalq\u00a0 n\u00fcfuzunu daha da art\u0131rd\u0131. M\u00fcxt\u0259lif sah\u0259l\u0259rd\u0259\u00a0 ba\u015f ver\u0259n yenilikl\u0259r, xarici d\u00f6vl\u0259tl\u0259rl\u0259 yarad\u0131lan dostluq v\u0259 \u0259m\u0259kda\u015fl\u0131q m\u00fcnasib\u0259tl\u0259ri, iqtisadi g\u00f6st\u0259ricil\u0259r m\u00fcst\u0259qillik ill\u0259rinin u\u011furlar\u0131d\u0131r.<\/p>\n<p>\u00dcmummilli Lider Az\u0259rbaycan d\u00f6vl\u0259t\u00e7iliyinin b\u00fct\u00fcn vacib sferalarda m\u00f6hk\u0259ml\u0259ndirilm\u0259si il\u0259 yana\u015f\u0131,\u00a0 g\u00fccl\u00fc v\u0259t\u0259nda\u015f c\u0259miyy\u0259tinin formala\u015fmas\u0131 m\u0259s\u0259l\u0259sini d\u0259 prioritet istiqam\u0259t kimi diqq\u0259tind\u0259 saxlay\u0131rd\u0131.\u00a0 Bunun \u00fc\u00e7\u00fcn ilk n\u00f6vb\u0259d\u0259 \u00f6lk\u0259d\u0259 h\u00fcququn aliliyi t\u0259min edilm\u0259li, sabit ictimai m\u00fcnasib\u0259tl\u0259r z\u0259mini formala\u015fd\u0131r\u0131lmal\u0131, beyn\u0259lxalq t\u0259cr\u00fcb\u0259 \u00f6yr\u0259nilm\u0259li,\u00a0 Qeyri H\u00f6kum\u0259t T\u0259\u015fkilatlar\u0131 yaranmal\u0131 v\u0259 bir s\u0131ra dig\u0259r m\u00fch\u00fcm m\u0259rh\u0259l\u0259l\u0259r ke\u00e7ilm\u0259li idi. Ulu \u00d6nd\u0259r Heyd\u0259r \u018fliyevin bu sah\u0259d\u0259 atd\u0131\u011f\u0131 add\u0131mlar tezlikl\u0259 \u00f6z konkret n\u0259tic\u0259l\u0259rini g\u00f6st\u0259rm\u0259y\u0259 ba\u015flad\u0131.<\/p>\n<p>Ulu \u00d6nd\u0259r Heyd\u0259r \u018fliyev m\u00fcst\u0259qil Az\u0259rbaycan d\u00f6vl\u0259tini yaratm\u0131\u015fd\u0131r v\u0259 onun b\u00fct\u00fcn sah\u0259l\u0259rd\u0259 sars\u0131lmaz t\u0259m\u0259ll\u0259rini m\u00fc\u0259yy\u0259n etmi\u015fdir. Q\u0259rb\u0259 inteqrasiya yolunu tutan Ulu \u00d6nd\u0259r Heyd\u0259r \u018fliyev \u0259n \u00e7\u0259tin anlarda bel\u0259 yenilm\u0259z siyasi irad\u0259 n\u00fcmayi\u015f etdirdi, Bak\u0131-Tbilisi-Ceyhan neft, Bak\u0131-Tbilisi-\u018frzurum qaz k\u0259m\u0259rinin \u00e7\u0259kili\u015fi m\u0259hz bu b\u00f6y\u00fck insan\u0131n irad\u0259si v\u0259 q\u0259tiyy\u0259tli m\u00f6vqeyinin, uzaqg\u00f6r\u0259nliyinin n\u0259tic\u0259si kimi reall\u0131\u011fa \u00e7evrildi. M\u0259hz Heyd\u0259r \u018fliyevin neft strategiyas\u0131n\u0131n t\u0259c\u0259ss\u00fcm\u00fc olan \u201c\u018fsrin m\u00fcqavil\u0259si\u201d Az\u0259rbaycan\u0131n d\u00fcnya iqtisadi sistemind\u0259ki yerini m\u00fc\u0259yy\u0259nl\u0259\u015fdirmi\u015fdir. D\u00fcnyan\u0131n 8 \u00f6lk\u0259sinin 13 neft \u015firk\u0259ti il\u0259 ba\u011flanm\u0131\u015f \u201c\u018fsrin m\u00fcqavil\u0259si\u201d sonrak\u0131 ill\u0259rd\u0259 daha 19 \u00f6lk\u0259nin 41 neft \u015firk\u0259ti il\u0259 26 m\u00fcqavil\u0259nin imzalanmas\u0131na yol a\u00e7m\u0131\u015f, 1997-ci ild\u0259 Az\u0259rbaycan nefti Bak\u0131-Novorossiysk neft k\u0259m\u0259ri il\u0259, 1999-cu ild\u0259 is\u0259 Bak\u0131-Supsa neft k\u0259m\u0259ri il\u0259 d\u00fcnya bazar\u0131na \u00e7\u0131xar\u0131lm\u0131\u015fd\u0131r<\/p>\n<p>Ulu \u00d6nd\u0259r b\u00f6lg\u0259d\u0259 v\u0259 d\u00fcnyada ba\u015f ver\u0259n hadis\u0259l\u0259r\u0259 praqmatik yana\u015f\u0131rd\u0131, tarixi \u015f\u0259raitd\u0259n d\u00fczg\u00fcn qiym\u0259tl\u0259ndir\u0259r\u0259k\u00a0 \u00f6lk\u0259nin taleyi \u00fc\u00e7\u00fcn u\u011furlu q\u0259rarlar q\u0259bul edirdi. Bunun \u00f6z\u00fc is\u0259 x\u00fcsusi m\u0259har\u0259t, istedad, bilik t\u0259l\u0259b edirdi. D\u00f6vr\u00fcn \u0259n tan\u0131nm\u0131\u015f siyas\u0259t\u00e7il\u0259ri, prezidentl\u0259ri, diplomatlar\u0131, aliml\u0259ri onu\u00a0 \u201csiyas\u0259t n\u0259h\u0259ngi\u201d, \u201csiyas\u0259t qrosmeysteri\u201d, \u201csiyas\u0259t patriarx\u0131\u201d\u00a0 adland\u0131r\u0131rd\u0131lar. T\u00fcrkiy\u0259 Respublikas\u0131n\u0131n Prezidenti R\u0259c\u0259b Tayyib \u018frdo\u011fan onun f\u0259aliyy\u0259tini bel\u0259 qiym\u0259tl\u0259ndirirdi: \u201cM\u0259rhum Heyd\u0259r \u018fliyev Az\u0259rbaycan\u0131n xo\u015fb\u0259xtliyi v\u0259 firavanl\u0131\u011f\u0131, b\u00f6lg\u0259d\u0259 v\u0259 d\u00fcnyada s\u00fclh namin\u0259 g\u00f6st\u0259rdiyi f\u00f6vq\u0259lad\u0259 xidm\u0259tl\u0259rl\u0259 t\u00fcrk v\u0259 d\u00fcnya tarixind\u0259 \u015f\u0259r\u0259fli yer tutmu\u015fdur\u201d.<\/p>\n<p>B\u00fct\u00fcn \u00f6mr\u00fcn\u00fc Az\u0259rbaycan\u0131n inki\u015faf\u0131na h\u0259sr ed\u0259n\u00a0 \u00dcmummilli Liderin bu g\u00fcn ruhu \u015fadd\u0131r. \u00c7\u00fcnki, bu g\u00fcn\u00a0 onun arzulad\u0131\u011f\u0131 Az\u0259rbaycan var!\u00a0 Tor\u00f6aqlar\u0131m\u0131z i\u015f\u011faldan azad olunub, iqtisadi v\u0259 siyasi g\u00fcc\u00fc\u00a0 art\u0131r, h\u00fcquqi v\u0259 siyasi islahatlar \u00f6lk\u0259nin daha da yekdil olmas\u0131na imkan yarad\u0131r. V\u0259 bu \u00f6lk\u0259 daha da inki\u015faf ed\u0259c\u0259k, n\u00fcfuzu daha da artacaqd\u0131r. Bizim h\u0259r birimiz f\u0259xr edir v\u0259\u00a0 q\u00fcrur duyuruq ki,\u00a0 onun yolunu v\u0259 ideyalar\u0131n\u0131 d\u00fcnya siyas\u0259t\u00e7il\u0259ri aras\u0131nda say\u0131l\u0131b-se\u00e7il\u0259n b\u00f6y\u00fck d\u00f6vl\u0259t xadimi \u0130lham \u018fliyevl\u0259 yana\u015f\u0131,\u00a0 Heyd\u0259r \u018fliyev Fondunun prezidenti, respublikan\u0131n Birinci vitse-prezidenti\u00a0 Mehriban xan\u0131m \u018fliyeva, ulu \u00f6nd\u0259r Heyd\u0259r \u018fliyevin sevimli n\u0259v\u0259l\u0259ri l\u0259yaq\u0259tl\u0259 davam etdirir, \u00f6z xeyirxah v\u0259 n\u0259cib \u0259m\u0259ll\u0259ri il\u0259 ham\u0131ya n\u00fcmun\u0259 g\u00f6st\u0259rirl\u0259r. Xalq\u0131m\u0131z\u0131n sonsuz m\u0259h\u0259bb\u0259tini qazanm\u0131\u015f \u00dcmummilli Lider Heyd\u0259r \u018fliyev Az\u0259rbaycan xalq\u0131n\u0131n yadda\u015f\u0131nda qurucu v\u0259 xilaskar d\u00f6vl\u0259t xadimi kimi \u0259b\u0259di ya\u015fayacaqd\u0131r.<\/p>\n<p><img src=\"https:\/\/ikisahil.az\/upload\/\/2022\/11\/04\/\/-df0e09d6166753660685957461710761132.jpeg\" alt=\"\" \/><\/p>\n<p><strong>\u0130srafil K\u0259rimov,<\/strong><br \/>\n<em>Az\u0259rbaycan Jurnalistl\u0259r Birliyinin \u00fczv\u00fc<\/em><\/p>\n","protected":false},"excerpt":{"rendered":"<p>30 il bundan \u0259vv\u0259l, oktyabr\u0131n\u00a0 3-d\u0259 \u00f6lk\u0259d\u0259 ke\u00e7iril\u0259n Prezident se\u00e7kil\u0259rind\u0259 Az\u0259rbaycan xalq\u0131\u00a0 b\u00f6y\u00fck s\u0259s \u00e7oxlu\u011fu il\u0259 \u00f6z se\u00e7imini etdi v\u0259 Ulu \u00d6nd\u0259r Heyd\u0259r \u018fliyevi Prezident se\u00e7di. \u00d6lk\u0259mizin tarixi \u00fc\u00e7\u00fcn \u00e7ox m\u00fch\u00fcm hadis\u0259 olan bu se\u00e7kil\u0259r m\u00fcst\u0259qil Az\u0259rbaycan d\u00f6vl\u0259ti \u00fc\u00e7\u00fcn is\u0259 qurtulu\u015fa ged\u0259n yolun ilk pill\u0259si oldu. 1991-1993-c\u00fc ill\u0259r \u00f6lk\u0259mizin m\u00fcasir tarixind\u0259 h\u0259rc-m\u0259rclik, \u00f6zba\u015f\u0131nal\u0131q v\u0259 qeyri-pe\u015f\u0259kar idar\u0259etm\u0259 d\u00f6vr\u00fc kimi xat\u0131rlan\u0131r. Hadis\u0259l\u0259ri d\u00fczg\u00fcn qiym\u0259tl\u0259ndir\u0259 bilm\u0259y\u0259n h\u0259min d\u00f6vr\u00fcn iqtidar\u0131 xalq qar\u015f\u0131s\u0131nda g\u00fcnd\u0259n-g\u00fcn\u0259 n\u00fcfuzunu itirir, ba\u015f vermi\u015f prosesl\u0259rd\u0259n d\u00fczg\u00fcn n\u0259tic\u0259 \u00e7\u0131xara bilmirdi. Bel\u0259 bir v\u0259ziyy\u0259td\u0259n \u00e7\u0131x\u0131\u015f yolunu axtaran Az\u0259rbaycan xalq\u0131 xilas\u0131n\u0131 yaln\u0131z Heyd\u0259r \u018fliyevin&hellip;<\/p>\n","protected":false},"author":2,"featured_media":640369,"comment_status":"closed","ping_status":"closed","sticky":false,"template":"","format":"standard","meta":{"om_disable_all_campaigns":false,"_monsterinsights_skip_tracking":false,"_monsterinsights_sitenote_active":false,"_monsterinsights_sitenote_note":"","_monsterinsights_sitenote_category":0},"categories":[19],"tags":[],"aioseo_notices":[],"gutentor_comment":0,"rttpg_featured_image_url":{"full":["https:\/\/arantv.az\/wp-content\/uploads\/2023\/10\/b11b7e34169623584684516216310519489.jpg",975,540,false],"landscape":["https:\/\/arantv.az\/wp-content\/uploads\/2023\/10\/b11b7e34169623584684516216310519489.jpg",975,540,false],"portraits":["https:\/\/arantv.az\/wp-content\/uploads\/2023\/10\/b11b7e34169623584684516216310519489.jpg",975,540,false],"thumbnail":["https:\/\/arantv.az\/wp-content\/uploads\/2023\/10\/b11b7e34169623584684516216310519489-500x280.jpg",500,280,true],"medium":["https:\/\/arantv.az\/wp-content\/uploads\/2023\/10\/b11b7e34169623584684516216310519489-660x365.jpg",660,365,true],"large":["https:\/\/arantv.az\/wp-content\/uploads\/2023\/10\/b11b7e34169623584684516216310519489-840x465.jpg",640,354,true],"1536x1536":["https:\/\/arantv.az\/wp-content\/uploads\/2023\/10\/b11b7e34169623584684516216310519489.jpg",975,540,false],"2048x2048":["https:\/\/arantv.az\/wp-content\/uploads\/2023\/10\/b11b7e34169623584684516216310519489.jpg",975,540,false],"post-thumbnail":["https:\/\/arantv.az\/wp-content\/uploads\/2023\/10\/b11b7e34169623584684516216310519489-240x172.jpg",240,172,true],"advps-thumb-one":["https:\/\/arantv.az\/wp-content\/uploads\/2023\/10\/b11b7e34169623584684516216310519489.jpg",975,540,false]},"rttpg_author":{"display_name":"V\u00fcsal Rafiqo\u011flu","author_link":"https:\/\/arantv.az\/?author=2"},"rttpg_comment":0,"rttpg_category":"<a href=\"https:\/\/arantv.az\/?cat=19\" rel=\"category\">G\u00fcnd\u0259m<\/a>","rttpg_excerpt":"30 il bundan \u0259vv\u0259l, oktyabr\u0131n\u00a0 3-d\u0259 \u00f6lk\u0259d\u0259 ke\u00e7iril\u0259n Prezident se\u00e7kil\u0259rind\u0259 Az\u0259rbaycan xalq\u0131\u00a0 b\u00f6y\u00fck s\u0259s \u00e7oxlu\u011fu il\u0259 \u00f6z se\u00e7imini etdi v\u0259 Ulu \u00d6nd\u0259r Heyd\u0259r \u018fliyevi Prezident se\u00e7di. \u00d6lk\u0259mizin tarixi \u00fc\u00e7\u00fcn \u00e7ox m\u00fch\u00fcm hadis\u0259 olan bu se\u00e7kil\u0259r m\u00fcst\u0259qil Az\u0259rbaycan d\u00f6vl\u0259ti \u00fc\u00e7\u00fcn is\u0259 qurtulu\u015fa ged\u0259n yolun ilk pill\u0259si oldu. 1991-1993-c\u00fc ill\u0259r \u00f6lk\u0259mizin m\u00fcasir tarixind\u0259 h\u0259rc-m\u0259rclik, \u00f6zba\u015f\u0131nal\u0131q v\u0259 qeyri-pe\u015f\u0259kar&hellip;","_links":{"self":[{"href":"https:\/\/arantv.az\/index.php?rest_route=\/wp\/v2\/posts\/640365"}],"collection":[{"href":"https:\/\/arantv.az\/index.php?rest_route=\/wp\/v2\/posts"}],"about":[{"href":"https:\/\/arantv.az\/index.php?rest_route=\/wp\/v2\/types\/post"}],"author":[{"embeddable":true,"href":"https:\/\/arantv.az\/index.php?rest_route=\/wp\/v2\/users\/2"}],"replies":[{"embeddable":true,"href":"https:\/\/arantv.az\/index.php?rest_route=%2Fwp%2Fv2%2Fcomments&post=640365"}],"version-history":[{"count":0,"href":"https:\/\/arantv.az\/index.php?rest_route=\/wp\/v2\/posts\/640365\/revisions"}],"wp:featuredmedia":[{"embeddable":true,"href":"https:\/\/arantv.az\/index.php?rest_route=\/wp\/v2\/media\/640369"}],"wp:attachment":[{"href":"https:\/\/arantv.az\/index.php?rest_route=%2Fwp%2Fv2%2Fmedia&parent=640365"}],"wp:term":[{"taxonomy":"category","embeddable":true,"href":"https:\/\/arantv.az\/index.php?rest_route=%2Fwp%2Fv2%2Fcategories&post=640365"},{"taxonomy":"post_tag","embeddable":true,"href":"https:\/\/arantv.az\/index.php?rest_route=%2Fwp%2Fv2%2Ftags&post=640365"}],"curies":[{"name":"wp","href":"https:\/\/api.w.org\/{rel}","templated":true}]}}