{"id":640368,"date":"2023-10-02T12:51:38","date_gmt":"2023-10-02T08:51:38","guid":{"rendered":"https:\/\/arantv.az\/?p=640368"},"modified":"2023-10-02T12:51:38","modified_gmt":"2023-10-02T08:51:38","slug":"etnik-t%c9%99mizl%c9%99m%c9%99-yoxsa-novb%c9%99ti-erm%c9%99ni-yalani","status":"publish","type":"post","link":"https:\/\/arantv.az\/?p=640368","title":{"rendered":"Etnik t\u0259mizl\u0259m\u0259, yoxsa n\u00f6vb\u0259ti erm\u0259ni yalan\u0131?"},"content":{"rendered":"<div class=\"text-content\" data-id=\"\" data-url=\"\">\n<p>Az\u0259rbaycan Ordusu t\u0259r\u0259find\u0259n beyn\u0259lxalq h\u00fcququn \u0259sas prinsipl\u0259rin\u0259 uy\u011fun olaraq \u00f6lk\u0259 \u0259razisind\u0259 Az\u0259rbaycan Respublikas\u0131n\u0131n suverenliyinin tam olaraq b\u0259rpa edilm\u0259si, Qaraba\u011f iqtisadi rayonunda ya\u015fayanlar\u0131n Az\u0259rbaycan Respublikas\u0131n\u0131n Konstitusiyas\u0131n\u0131 v\u0259 qanunlar\u0131n\u0131 q\u0259bul edib, ona tabe olmas\u0131 m\u0259qs\u0259di il\u0259 ke\u00e7irilmi\u015f bir g\u00fcnl\u00fck anti-terror \u0259m\u0259liyyat\u0131 n\u0259tic\u0259sind\u0259 erm\u0259ni sakinl\u0259rinin Erm\u0259nistana k\u00fctl\u0259vi \u015f\u0259kild\u0259 k\u00f6\u00e7\u00fc ba\u015flay\u0131b.<\/p>\n<p>Erm\u0259nistan m\u0259nb\u0259l\u0259ri t\u0259r\u0259find\u0259n veril\u0259n \u0259n son m\u0259lumatlara \u0259sas\u0259n, Qaraba\u011f \u0259razisind\u0259n Erm\u0259nistana ged\u0259n erm\u0259nil\u0259rin say\u0131 100 mini ke\u00e7ib.<\/p>\n<p>Qaraba\u011f iqtisadi rayonunun erm\u0259ni sakinl\u0259rinin Erm\u0259nistana bu \u015f\u0259kild\u0259 k\u00fctl\u0259vi k\u00f6\u00e7\u00fc bir s\u0131ra suallar yarad\u0131r. Erm\u0259nil\u0259r b\u00fct\u00fcn d\u00fcnyaya car \u00e7\u0259kirl\u0259r ki, \u201cAz\u0259rbaycan b\u00f6lg\u0259d\u0259 etnik t\u0259mizl\u0259m\u0259 h\u0259yata ke\u00e7irir, erm\u0259nil\u0259ri \u201ctarixi torpaqlar\u0131ndan\u201d deportasiya edir, onlar\u0131n m\u0259d\u0259ni-dini irsini m\u0259nims\u0259yir\u201d.<\/p>\n<p>D\u00fcnyan\u0131n m\u0259\u015fhur &#8220;The New York Times&#8221;, BBC, &#8220;ALJAZEERA&#8221;, &#8220;Reuters&#8221; kimi m\u0259tbuat orqanlar\u0131 is\u0259 bu m\u0259s\u0259l\u0259ni i\u015f\u0131qland\u0131rmaqdad\u0131rlar, g\u00fcnd\u0259md\u0259 saxlay\u0131rlar.<\/p>\n<p>Sentyabr\u0131n 28-d\u0259 Erm\u0259nistan h\u00f6kum\u0259tinin iclas\u0131nda Ba\u015f naziri Nikol Pa\u015finyan Az\u0259rbaycan\u0131 etnik t\u0259mizl\u0259m\u0259d\u0259 su\u00e7layaraq, buna qar\u015f\u0131 beyn\u0259lxalq ictimaiyy\u0259ti konkret add\u0131mlar atma\u011fa s\u0259sl\u0259yib: \u201cAz\u0259rbaycan\u0131n apard\u0131\u011f\u0131 etnik t\u0259mizl\u0259m\u0259 siyas\u0259ti n\u0259tic\u0259sind\u0259 erm\u0259nil\u0259rin Da\u011fl\u0131q Qaraba\u011fdan k\u00f6\u00e7\u00fcr\u00fclm\u0259si davam edir. T\u0259hlill\u0259r g\u00f6st\u0259rir ki, yax\u0131n g\u00fcnl\u0259rd\u0259 Da\u011fl\u0131q Qaraba\u011fda erm\u0259ni qalmayacaq. Bu, uzun m\u00fcdd\u0259tdir ki, beyn\u0259lxalq ictimaiyy\u0259t\u0259 b\u0259yan etdiyimiz birba\u015fa etnik t\u0259mizl\u0259m\u0259 v\u0259 v\u0259t\u0259nd\u0259n m\u0259hrumetm\u0259 akt\u0131d\u0131r. M\u00fcxt\u0259lif beyn\u0259lxalq oyun\u00e7ular\u0131n Da\u011fl\u0131q Qaraba\u011fda ba\u015f ver\u0259n etnik t\u0259mizl\u0259m\u0259ni pisl\u0259y\u0259n b\u0259yanatlar\u0131 \u00f6n\u0259mlidir, lakin onlar\u0131n ard\u0131nca konkret add\u0131mlar at\u0131lmasa, o zaman bunlar yaln\u0131z tarix \u00fc\u00e7\u00fcn m\u0259n\u0259vi statistikan\u0131n yarad\u0131lmas\u0131n\u0131n t\u0259rkib hiss\u0259si kimi qiym\u0259tl\u0259ndiril\u0259c\u0259k\u201d.<\/p>\n<p>G\u00f6r\u00fcn\u0259n odur ki, Qaraba\u011f iqtisadi rayonundan erm\u0259ni \u0259halisinin k\u00f6n\u00fcll\u00fc \u015f\u0259kild\u0259 k\u00f6\u00e7\u00fcb getm\u0259sin\u0259 g\u00f6r\u0259 Az\u0259rbaycan\u0131 etnik t\u0259mizl\u0259m\u0259d\u0259 t\u0259qsirl\u0259ndirm\u0259k, m\u0259qs\u0259dli xarakter da\u015f\u0131y\u0131r.<\/p>\n<p>Hesab edir\u0259m ki, bunun he\u00e7 bir h\u00fcquqi \u0259sas\u0131 yoxdur v\u0259 he\u00e7 bir siyasi v\u0259 h\u00fcquqi n\u0259tic\u0259l\u0259ri olmayacaq.<\/p>\n<p>Bel\u0259 ki:<\/p>\n<p>\u018fvv\u0259la etnik t\u0259mizl\u0259m\u0259 regionu etnik c\u0259h\u0259td\u0259n yekcins (homogen) etm\u0259k m\u0259qs\u0259di il\u0259 \u0259razid\u0259n etnik, irqi v\u0259 dini qruplar\u0131n sistematik \u015f\u0259kild\u0259 m\u0259cburi \u00e7\u0131xar\u0131lmas\u0131d\u0131r.<\/p>\n<p>\u018fhalinin k\u00f6\u00e7\u00fcn\u00fcn sistematik \u015f\u0259kild\u0259 m\u0259cburi \u00e7\u0131xar\u0131lma adlanmas\u0131 \u00fc\u00e7\u00fcn a\u015fa\u011f\u0131dak\u0131 m\u0259cburiyy\u0259t h\u0259r\u0259k\u0259tl\u0259ri olmal\u0131d\u0131r:<\/p>\n<p>Ya\u015fad\u0131\u011f\u0131 yerd\u0259n zorla qovma, insanlar\u0131 m\u0259hv etm\u0259, deportasiya, ya\u015fay\u0131\u015f yerl\u0259rini d\u0259yi\u015fm\u0259<br \/>\n\u0130nsanlar\u0131n qa\u00e7\u0131b getm\u0259y\u0259 m\u0259cbur etm\u0259k v\u0259 geri qay\u0131tmas\u0131n\u0131n qar\u015f\u0131s\u0131n\u0131 almaq m\u0259qs\u0259din\u0259 y\u00f6n\u0259lmi\u015f q\u0259tll\u0259r, zorlamalar, m\u00fclki \u015f\u0259xsl\u0259rin k\u00fctl\u0259vi h\u0259bsi, m\u0259hk\u0259m\u0259siz \u00f6l\u00fcm c\u0259zalar\u0131, \u0259mlak\u0131n he\u00e7 bir legitim \u0259sas olmadan m\u0259hv edilm\u0259si.<\/p>\n<p>Etnik t\u0259mizl\u0259m\u0259 il\u0259 m\u00fc\u0259yy\u0259n bir \u0259razinin homogen etnik t\u0259rkibinin yarad\u0131lmas\u0131 c\u0259hdi kimi t\u00f6vsif edilir. Burada \u0259n \u0259sas m\u00fc\u0259yy\u0259nl\u0259\u015fdirici g\u00f6st\u0259rici kimi zorak\u0131l\u0131q, m\u0259cbur etm\u0259 elementi qabard\u0131l\u0131r. Az\u0259rbaycan is\u0259 Qaraba\u011f iqtisadi rayonunun erm\u0259ni \u0259halisinin qalmas\u0131 v\u0259 ya getm\u0259si \u00fc\u00e7\u00fcn m\u0259cburiyy\u0259t v\u0259 zorak\u0131l\u0131q t\u0259tbiq etmir. Bu, onlar\u0131n \u00f6z \u015f\u0259xsi q\u0259rarlar\u0131d\u0131r, bunun m\u0259cburi yerd\u0259yi\u015fm\u0259 il\u0259 he\u00e7 bir \u0259laq\u0259si yoxdur. \u018fg\u0259r erm\u0259ni sakinl\u0259rinin m\u00fc\u0259yy\u0259n bir hiss\u0259si Az\u0259rbaycan bayra\u011f\u0131 alt\u0131nda, Az\u0259rbaycan qanunvericiliyi \u00e7\u0259r\u00e7iv\u0259sind\u0259 ya\u015famaq v\u0259 ona tabe olmaq ist\u0259mirl\u0259rs\u0259, onlar buna m\u0259cbur edil\u0259 bilm\u0259z.<\/p>\n<p>Qaraba\u011f b\u00f6lg\u0259sind\u0259ki erm\u0259ni sakinl\u0259rinin Az\u0259rbaycan\u0131 t\u0259rk etm\u0259k v\u0259 ya qalmaqda s\u0259rb\u0259stdirl\u0259r. Az\u0259rbaycan Respublikas\u0131n\u0131n \u0259razisind\u0259n k\u0259nara ged\u0259 bilm\u0259k onlar\u0131n m\u00fcst\u0259sna h\u00fcquqlar\u0131d\u0131r.<\/p>\n<p>Az\u0259rbaycan Respublikas\u0131n\u0131n Konstitusiyas\u0131n\u0131n 28.3-c\u00fc madd\u0259sin\u0259 \u0259sas\u0259n qanuni sur\u0259td\u0259 Az\u0259rbaycan Respublikas\u0131n\u0131n \u0259razisind\u0259 olan h\u0259r k\u0259s s\u0259rb\u0259st h\u0259r\u0259k\u0259t ed\u0259 bil\u0259r, \u00f6z\u00fcn\u0259 ya\u015fay\u0131\u015f yeri se\u00e7\u0259 bil\u0259r v\u0259 Az\u0259rbaycan Respublikas\u0131n\u0131n \u0259razisind\u0259n k\u0259nara ged\u0259 bil\u0259r.<\/p>\n<p>Lakin Az\u0259rbaycan t\u0259r\u0259find\u0259n erm\u0259nil\u0259rin Qaraba\u011f iqtisadi rayonunda \u00f6z ya\u015fay\u0131\u015f yerl\u0259rini t\u0259rk etm\u0259m\u0259y\u0259r\u0259k orada qal\u0131b ya\u015famalar\u0131 \u00fc\u00e7\u00fcn \u0259n y\u00fcks\u0259k s\u0259viyy\u0259d\u0259 \u00e7a\u011f\u0131r\u0131\u015flar edilib, t\u0259minatlar verilib. \u0130nsan v\u0259 v\u0259t\u0259nda\u015f h\u00fcquqlar\u0131n\u0131n v\u0259 azadl\u0131qlar\u0131n\u0131n t\u0259min edilm\u0259si Az\u0259rbaycan d\u00f6vl\u0259tinin ali m\u0259qs\u0259didir.<\/p>\n<p>Az\u0259rbaycan b\u00f6lg\u0259d\u0259 dayan\u0131ql\u0131 s\u00fclh\u00fcn \u0259ld\u0259 edilm\u0259sind\u0259 maraql\u0131d\u0131r. Bunun \u00fc\u00e7\u00fcn Qaraba\u011f iqtisadi rayonunda etnik erm\u0259nil\u0259rin intensiv re-inteqrasiyas\u0131n\u0131 d\u0259st\u0259kl\u0259yir v\u0259 t\u0259\u015fviq edir.<\/p>\n<p>Az\u0259rbaycan Respublikas\u0131n\u0131n Prezidenti c\u0259nab \u0130lham \u018fliyev \u00e7\u0131x\u0131\u015f\u0131nda bildirmi\u015fdi:<\/p>\n<p>\u201cM\u0259n \u0259min\u0259m ki, Qaraba\u011fda ya\u015fayan erm\u0259ni \u0259halisi tezlikl\u0259 yax\u015f\u0131l\u0131\u011fa do\u011fru d\u00f6n\u00fc\u015f g\u00f6r\u0259c\u0259k. \u00c7\u00fcnki bizim niyy\u0259timiz s\u00fclh qar\u015f\u0131l\u0131ql\u0131 anla\u015fma, qar\u015f\u0131l\u0131ql\u0131 h\u00f6rm\u0259t \u0259sas\u0131nda birg\u0259 h\u0259yat qurmaqd\u0131r. Bizim erm\u0259ni xalq\u0131 il\u0259 he\u00e7 bir problemimiz yoxdur, \u0259dav\u0259timiz d\u0259 yoxdur\u201d.<\/p>\n<p>Az\u0259rbaycan Prezidentinin k\u00f6m\u0259k\u00e7isi &#8211; Prezident Administrasiyas\u0131n\u0131n Xarici siyas\u0259t m\u0259s\u0259l\u0259l\u0259ri \u015f\u00f6b\u0259sinin m\u00fcdiri Hikm\u0259t Hac\u0131yev &#8220;France 24&#8243;\u0259 m\u00fcsahib\u0259sind\u0259 bildirmi\u015fdir ki, \u201c\u0259g\u0259r erm\u0259ni sakinl\u0259r Az\u0259rbaycan v\u0259t\u0259nda\u015fl\u0131\u011f\u0131n\u0131 q\u0259bul ets\u0259l\u0259r, biz onlar\u0131n h\u00fcquq v\u0259 t\u0259hl\u00fck\u0259sizliyini qoruyacaq, el\u0259c\u0259 d\u0259 b\u0259l\u0259diyy\u0259 sistemi yaradacay\u0131q ki, yerli-yerind\u0259 \u00f6z i\u015fl\u0259rini idar\u0259 ed\u0259 bilsinl\u0259r, h\u0259m\u00e7inin dini v\u0259 m\u0259d\u0259ni h\u00fcquqlar\u0131 t\u0259min olunsun\u201d.<\/p>\n<p>G\u00f6r\u00fcnd\u00fcy\u00fc kimi, etnik t\u0259mizl\u0259m\u0259 iddialar\u0131ndan s\u00f6hb\u0259t bel\u0259 ged\u0259 bilm\u0259z. Az\u0259rbaycan multietnik bir c\u0259miyy\u0259tdir. Az\u0259rbaycanda m\u00fcxt\u0259lif etnik qruplar ya\u015fay\u0131r. X\u00fcsusil\u0259 vur\u011fulamaq laz\u0131md\u0131r ki, I Qaraba\u011f m\u00fcharib\u0259sind\u0259n sonra Bak\u0131 v\u0259 dig\u0259r Az\u0259rbaycan \u015f\u0259h\u0259rl\u0259rind\u0259 30 mind\u0259n art\u0131q erm\u0259ni ya\u015fam\u0131\u015fd\u0131r v\u0259 ya\u015famaqdad\u0131r. \u00d6t\u0259n d\u00f6vr \u0259rzind\u0259 onlara qar\u015f\u0131 he\u00e7 bir zorak\u0131l\u0131q h\u0259r\u0259k\u0259tl\u0259ri edilm\u0259mi\u015fdir. \u00dcmumiyy\u0259tl\u0259 Az\u0259rbaycanda tarixinin he\u00e7 bir d\u00f6vr\u00fcnd\u0259 etnik t\u0259mizl\u0259m\u0259, irqi ayr\u0131-se\u00e7kilik v\u0259 diskriminasiya siyas\u0259ti olmam\u0131\u015fd\u0131r.<\/p>\n<p>\u018fksin\u0259 \u0259sl etnik t\u0259mizl\u0259m\u0259 erm\u0259nil\u0259r t\u0259r\u0259find\u0259n son 30 ild\u0259 az\u0259rbaycanl\u0131lara qar\u015f\u0131 edil\u0259nl\u0259rdir.<\/p>\n<p>1989-cu ild\u0259 Erm\u0259nistanda ya\u015fayan 160 mind\u0259n \u00e7ox az\u0259rbaycanl\u0131 \u00f6z ya\u015fad\u0131qlar\u0131 yerd\u0259n m\u0259cburi qaydada, zorla k\u00f6\u00e7\u00fcr\u00fclm\u00fc\u015fd\u00fcr.<\/p>\n<p>1989-1993-ci ill\u0259rd\u0259 Qaraba\u011fda ya\u015fayan 40 mind\u0259n \u00e7ox az\u0259rbaycanl\u0131 bir ba\u015fa etnik t\u0259mizl\u0259m\u0259y\u0259 m\u0259ruz qalaraq zorla ya\u015fad\u0131qlar\u0131 yerd\u0259n qa\u00e7\u0131b getm\u0259y\u0259 m\u0259cbur edilmi\u015f v\u0259 geri qay\u0131tmalar\u0131n\u0131n qar\u015f\u0131s\u0131 alm\u0131\u015fd\u0131r.<\/p>\n<p>Dig\u0259r t\u0259r\u0259fd\u0259n beyn\u0259lxalq cinay\u0259t h\u00fcququnda etnik t\u0259mizl\u0259m\u0259 m\u00fcst\u0259qil v\u0259 ya ayr\u0131ca cinay\u0259t kimi tan\u0131nmay\u0131b v\u0259 ya kodla\u015fd\u0131r\u0131lmay\u0131b. M\u00fcbahis\u0259li v\u0259 amorf anlay\u0131\u015fd\u0131r. Bundan f\u0259rqli olaraq, beyn\u0259lxalq cinay\u0259t h\u00fcququnda t\u0259cav\u00fcz, genosid, insanl\u0131q \u0259leyhin\u0259 cinay\u0259tl\u0259r, m\u00fcharib\u0259 cinay\u0259tl\u0259ri ayr\u0131ca cinay\u0259t kimi q\u0259bul edilir v\u0259 tan\u0131n\u0131r. Hans\u0131 ki, Beyn\u0259lxalq cinay\u0259t h\u00fcququ il\u0259 tan\u0131nan bu cinay\u0259tl\u0259rin ham\u0131s\u0131n\u0131 \u00f6t\u0259n d\u00f6vr \u0259rzind\u0259 Erm\u0259nistan d\u00f6vl\u0259ti, erm\u0259ni qo\u015funlar\u0131 t\u0259r\u0259find\u0259n Az\u0259rbaycana qar\u015f\u0131 t\u00f6r\u0259dilmi\u015fdir.<\/p>\n<p><img loading=\"lazy\" src=\"https:\/\/cdn.musavat.com\/news\/thumbnails\/b75bfa0b095ce2bcbf646934270738a0.jpg\" alt=\"eas.jpg (115 KB)\" width=\"460\" height=\"341\" \/><\/p>\n<p><strong>Polad Mehdi,<\/strong><br \/>\n<strong>V\u0259kill\u0259r Kollegiyas\u0131n\u0131n \u00fczv\u00fc<\/strong><\/p>\n<\/div>\n<div><\/div>\n<div>\n<div class=\"banner banner-6cdd60ea0045eb7a6ec44c54d29ed402\" data-banner=\"MTg0\"><\/div>\n<\/div>\n","protected":false},"excerpt":{"rendered":"<p>Az\u0259rbaycan Ordusu t\u0259r\u0259find\u0259n beyn\u0259lxalq h\u00fcququn \u0259sas prinsipl\u0259rin\u0259 uy\u011fun olaraq \u00f6lk\u0259 \u0259razisind\u0259 Az\u0259rbaycan Respublikas\u0131n\u0131n suverenliyinin tam olaraq b\u0259rpa edilm\u0259si, Qaraba\u011f iqtisadi rayonunda ya\u015fayanlar\u0131n Az\u0259rbaycan Respublikas\u0131n\u0131n Konstitusiyas\u0131n\u0131 v\u0259 qanunlar\u0131n\u0131 q\u0259bul edib, ona tabe olmas\u0131 m\u0259qs\u0259di il\u0259 ke\u00e7irilmi\u015f bir g\u00fcnl\u00fck anti-terror \u0259m\u0259liyyat\u0131 n\u0259tic\u0259sind\u0259 erm\u0259ni sakinl\u0259rinin Erm\u0259nistana k\u00fctl\u0259vi \u015f\u0259kild\u0259 k\u00f6\u00e7\u00fc ba\u015flay\u0131b. Erm\u0259nistan m\u0259nb\u0259l\u0259ri t\u0259r\u0259find\u0259n veril\u0259n \u0259n son m\u0259lumatlara \u0259sas\u0259n, Qaraba\u011f \u0259razisind\u0259n Erm\u0259nistana ged\u0259n erm\u0259nil\u0259rin say\u0131 100 mini ke\u00e7ib. Qaraba\u011f iqtisadi rayonunun erm\u0259ni sakinl\u0259rinin Erm\u0259nistana bu \u015f\u0259kild\u0259 k\u00fctl\u0259vi k\u00f6\u00e7\u00fc bir s\u0131ra suallar yarad\u0131r. Erm\u0259nil\u0259r b\u00fct\u00fcn d\u00fcnyaya car \u00e7\u0259kirl\u0259r ki, \u201cAz\u0259rbaycan b\u00f6lg\u0259d\u0259 etnik t\u0259mizl\u0259m\u0259 h\u0259yata ke\u00e7irir,&hellip;<\/p>\n","protected":false},"author":2,"featured_media":640375,"comment_status":"closed","ping_status":"closed","sticky":false,"template":"","format":"standard","meta":{"om_disable_all_campaigns":false,"_monsterinsights_skip_tracking":false,"_monsterinsights_sitenote_active":false,"_monsterinsights_sitenote_note":"","_monsterinsights_sitenote_category":0},"categories":[1],"tags":[],"aioseo_notices":[],"gutentor_comment":0,"rttpg_featured_image_url":{"full":["https:\/\/arantv.az\/wp-content\/uploads\/2023\/10\/88eabbd0fbaf2e5e38cc510bf66c8e0a.jpg",750,421,false],"landscape":["https:\/\/arantv.az\/wp-content\/uploads\/2023\/10\/88eabbd0fbaf2e5e38cc510bf66c8e0a.jpg",750,421,false],"portraits":["https:\/\/arantv.az\/wp-content\/uploads\/2023\/10\/88eabbd0fbaf2e5e38cc510bf66c8e0a.jpg",750,421,false],"thumbnail":["https:\/\/arantv.az\/wp-content\/uploads\/2023\/10\/88eabbd0fbaf2e5e38cc510bf66c8e0a-500x280.jpg",500,280,true],"medium":["https:\/\/arantv.az\/wp-content\/uploads\/2023\/10\/88eabbd0fbaf2e5e38cc510bf66c8e0a-650x365.jpg",650,365,true],"large":["https:\/\/arantv.az\/wp-content\/uploads\/2023\/10\/88eabbd0fbaf2e5e38cc510bf66c8e0a.jpg",640,359,false],"1536x1536":["https:\/\/arantv.az\/wp-content\/uploads\/2023\/10\/88eabbd0fbaf2e5e38cc510bf66c8e0a.jpg",750,421,false],"2048x2048":["https:\/\/arantv.az\/wp-content\/uploads\/2023\/10\/88eabbd0fbaf2e5e38cc510bf66c8e0a.jpg",750,421,false],"post-thumbnail":["https:\/\/arantv.az\/wp-content\/uploads\/2023\/10\/88eabbd0fbaf2e5e38cc510bf66c8e0a-240x172.jpg",240,172,true],"advps-thumb-one":["https:\/\/arantv.az\/wp-content\/uploads\/2023\/10\/88eabbd0fbaf2e5e38cc510bf66c8e0a.jpg",750,421,false]},"rttpg_author":{"display_name":"V\u00fcsal Rafiqo\u011flu","author_link":"https:\/\/arantv.az\/?author=2"},"rttpg_comment":0,"rttpg_category":"<a href=\"https:\/\/arantv.az\/?cat=1\" rel=\"category\">C\u0259miyy\u0259t<\/a>","rttpg_excerpt":"Az\u0259rbaycan Ordusu t\u0259r\u0259find\u0259n beyn\u0259lxalq h\u00fcququn \u0259sas prinsipl\u0259rin\u0259 uy\u011fun olaraq \u00f6lk\u0259 \u0259razisind\u0259 Az\u0259rbaycan Respublikas\u0131n\u0131n suverenliyinin tam olaraq b\u0259rpa edilm\u0259si, Qaraba\u011f iqtisadi rayonunda ya\u015fayanlar\u0131n Az\u0259rbaycan Respublikas\u0131n\u0131n Konstitusiyas\u0131n\u0131 v\u0259 qanunlar\u0131n\u0131 q\u0259bul edib, ona tabe olmas\u0131 m\u0259qs\u0259di il\u0259 ke\u00e7irilmi\u015f bir g\u00fcnl\u00fck anti-terror \u0259m\u0259liyyat\u0131 n\u0259tic\u0259sind\u0259 erm\u0259ni sakinl\u0259rinin Erm\u0259nistana k\u00fctl\u0259vi \u015f\u0259kild\u0259 k\u00f6\u00e7\u00fc ba\u015flay\u0131b. Erm\u0259nistan m\u0259nb\u0259l\u0259ri t\u0259r\u0259find\u0259n veril\u0259n \u0259n son m\u0259lumatlara \u0259sas\u0259n,&hellip;","_links":{"self":[{"href":"https:\/\/arantv.az\/index.php?rest_route=\/wp\/v2\/posts\/640368"}],"collection":[{"href":"https:\/\/arantv.az\/index.php?rest_route=\/wp\/v2\/posts"}],"about":[{"href":"https:\/\/arantv.az\/index.php?rest_route=\/wp\/v2\/types\/post"}],"author":[{"embeddable":true,"href":"https:\/\/arantv.az\/index.php?rest_route=\/wp\/v2\/users\/2"}],"replies":[{"embeddable":true,"href":"https:\/\/arantv.az\/index.php?rest_route=%2Fwp%2Fv2%2Fcomments&post=640368"}],"version-history":[{"count":0,"href":"https:\/\/arantv.az\/index.php?rest_route=\/wp\/v2\/posts\/640368\/revisions"}],"wp:featuredmedia":[{"embeddable":true,"href":"https:\/\/arantv.az\/index.php?rest_route=\/wp\/v2\/media\/640375"}],"wp:attachment":[{"href":"https:\/\/arantv.az\/index.php?rest_route=%2Fwp%2Fv2%2Fmedia&parent=640368"}],"wp:term":[{"taxonomy":"category","embeddable":true,"href":"https:\/\/arantv.az\/index.php?rest_route=%2Fwp%2Fv2%2Fcategories&post=640368"},{"taxonomy":"post_tag","embeddable":true,"href":"https:\/\/arantv.az\/index.php?rest_route=%2Fwp%2Fv2%2Ftags&post=640368"}],"curies":[{"name":"wp","href":"https:\/\/api.w.org\/{rel}","templated":true}]}}