{"id":640371,"date":"2023-10-02T12:50:53","date_gmt":"2023-10-02T08:50:53","guid":{"rendered":"https:\/\/arantv.az\/?p=640371"},"modified":"2023-10-02T12:50:53","modified_gmt":"2023-10-02T08:50:53","slug":"s%c9%99hid-anasi-v%c9%99fat-etdi-foto","status":"publish","type":"post","link":"https:\/\/arantv.az\/?p=640371","title":{"rendered":"\u015e\u0259hid anas\u0131 v\u0259fat etdi &#8211; FOTO"},"content":{"rendered":"<p><strong>V\u0259t\u0259n m\u00fcharib\u0259si \u015f\u0259hidi Niftal\u0131 Mehdilinin anas\u0131 v\u0259fat edib.<\/strong><\/p>\n<p>M\u0259lumata g\u00f6r\u0259, \u015f\u0259hidin anas\u0131 \u015eirmay\u0259 Mehdiyeva ya\u015fad\u0131\u011f\u0131 Ucar rayonu B\u0259rg\u00fc\u015fad k\u0259ndind\u0259 d\u00fcnyas\u0131n\u0131 d\u0259yi\u015fib.<\/p>\n<p>Qeyd ed\u0259k ki, 1996-c\u0131 il t\u0259v\u0259ll\u00fcdl\u00fc Mehdili Niftal\u0131 Qnyaz o\u011flu 2020-ci il sentyabr\u0131n 27-d\u0259 ba\u015flanan V\u0259t\u0259n m\u00fcharib\u0259sin\u0259 k\u00f6n\u00fcll\u00fc \u015f\u0259kild\u0259 qat\u0131l\u0131b. Ona Suqovu\u015fan q\u0259s\u0259b\u0259sinin azad edilm\u0259sind\u0259 g\u00f6st\u0259rdiyi \u015f\u00fcca\u0259t\u0259 g\u00f6r\u0259 gizir r\u00fctb\u0259si verilib. Oktyabr\u0131n 13-d\u0259 A\u011fd\u0259r\u0259 u\u011frunda ged\u0259n d\u00f6y\u00fc\u015fl\u0259rd\u0259 \u015f\u0259hid olub v\u0259 \u00f6l\u00fcm\u00fcnd\u0259n sonra &#8220;Suqovu\u015fan\u0131n azad olunmas\u0131na g\u00f6r\u0259&#8221; medal\u0131 il\u0259 t\u0259ltif edilib.\/\/Qafqazinfo<\/p>\n<p><img loading=\"lazy\" src=\"https:\/\/cdn.musavat.com\/news\/thumbnails\/128858db899b482ec559879c195049af.jpg\" alt=\"2023-10-02-10-37-30eoc8sppof6Hcv.jpg (9 KB)\" width=\"198\" height=\"157\" \/><\/p>\n<div><img class=\"img-responsive\" title=\"\" src=\"https:\/\/qafqazinfo.az\/uploads\/1696225641\/1608202940_733.jpg\" alt=\"\" \/><\/div>\n","protected":false},"excerpt":{"rendered":"<p>V\u0259t\u0259n m\u00fcharib\u0259si \u015f\u0259hidi Niftal\u0131 Mehdilinin anas\u0131 v\u0259fat edib. M\u0259lumata g\u00f6r\u0259, \u015f\u0259hidin anas\u0131 \u015eirmay\u0259 Mehdiyeva ya\u015fad\u0131\u011f\u0131 Ucar rayonu B\u0259rg\u00fc\u015fad k\u0259ndind\u0259 d\u00fcnyas\u0131n\u0131 d\u0259yi\u015fib. Qeyd ed\u0259k ki, 1996-c\u0131 il t\u0259v\u0259ll\u00fcdl\u00fc Mehdili Niftal\u0131 Qnyaz o\u011flu 2020-ci il sentyabr\u0131n 27-d\u0259 ba\u015flanan V\u0259t\u0259n m\u00fcharib\u0259sin\u0259 k\u00f6n\u00fcll\u00fc \u015f\u0259kild\u0259 qat\u0131l\u0131b. Ona Suqovu\u015fan q\u0259s\u0259b\u0259sinin azad edilm\u0259sind\u0259 g\u00f6st\u0259rdiyi \u015f\u00fcca\u0259t\u0259 g\u00f6r\u0259 gizir r\u00fctb\u0259si verilib. Oktyabr\u0131n 13-d\u0259 A\u011fd\u0259r\u0259 u\u011frunda ged\u0259n d\u00f6y\u00fc\u015fl\u0259rd\u0259 \u015f\u0259hid olub v\u0259 \u00f6l\u00fcm\u00fcnd\u0259n sonra &#8220;Suqovu\u015fan\u0131n azad olunmas\u0131na g\u00f6r\u0259&#8221; medal\u0131 il\u0259 t\u0259ltif edilib.\/\/Qafqazinfo<\/p>\n","protected":false},"author":2,"featured_media":640372,"comment_status":"closed","ping_status":"closed","sticky":false,"template":"","format":"standard","meta":{"om_disable_all_campaigns":false,"_monsterinsights_skip_tracking":false,"_monsterinsights_sitenote_active":false,"_monsterinsights_sitenote_note":"","_monsterinsights_sitenote_category":0},"categories":[5],"tags":[],"aioseo_notices":[],"gutentor_comment":0,"rttpg_featured_image_url":{"full":["https:\/\/arantv.az\/wp-content\/uploads\/2023\/10\/6fa47fab73cfcef5901366b190ddc8c9.jpg",637,400,false],"landscape":["https:\/\/arantv.az\/wp-content\/uploads\/2023\/10\/6fa47fab73cfcef5901366b190ddc8c9.jpg",637,400,false],"portraits":["https:\/\/arantv.az\/wp-content\/uploads\/2023\/10\/6fa47fab73cfcef5901366b190ddc8c9.jpg",637,400,false],"thumbnail":["https:\/\/arantv.az\/wp-content\/uploads\/2023\/10\/6fa47fab73cfcef5901366b190ddc8c9-500x280.jpg",500,280,true],"medium":["https:\/\/arantv.az\/wp-content\/uploads\/2023\/10\/6fa47fab73cfcef5901366b190ddc8c9-581x365.jpg",581,365,true],"large":["https:\/\/arantv.az\/wp-content\/uploads\/2023\/10\/6fa47fab73cfcef5901366b190ddc8c9.jpg",637,400,false],"1536x1536":["https:\/\/arantv.az\/wp-content\/uploads\/2023\/10\/6fa47fab73cfcef5901366b190ddc8c9.jpg",637,400,false],"2048x2048":["https:\/\/arantv.az\/wp-content\/uploads\/2023\/10\/6fa47fab73cfcef5901366b190ddc8c9.jpg",637,400,false],"post-thumbnail":["https:\/\/arantv.az\/wp-content\/uploads\/2023\/10\/6fa47fab73cfcef5901366b190ddc8c9-240x172.jpg",240,172,true],"advps-thumb-one":["https:\/\/arantv.az\/wp-content\/uploads\/2023\/10\/6fa47fab73cfcef5901366b190ddc8c9.jpg",637,400,false]},"rttpg_author":{"display_name":"V\u00fcsal Rafiqo\u011flu","author_link":"https:\/\/arantv.az\/?author=2"},"rttpg_comment":0,"rttpg_category":"<a href=\"https:\/\/arantv.az\/?cat=5\" rel=\"category\">Hadis\u0259<\/a>","rttpg_excerpt":"V\u0259t\u0259n m\u00fcharib\u0259si \u015f\u0259hidi Niftal\u0131 Mehdilinin anas\u0131 v\u0259fat edib. M\u0259lumata g\u00f6r\u0259, \u015f\u0259hidin anas\u0131 \u015eirmay\u0259 Mehdiyeva ya\u015fad\u0131\u011f\u0131 Ucar rayonu B\u0259rg\u00fc\u015fad k\u0259ndind\u0259 d\u00fcnyas\u0131n\u0131 d\u0259yi\u015fib. Qeyd ed\u0259k ki, 1996-c\u0131 il t\u0259v\u0259ll\u00fcdl\u00fc Mehdili Niftal\u0131 Qnyaz o\u011flu 2020-ci il sentyabr\u0131n 27-d\u0259 ba\u015flanan V\u0259t\u0259n m\u00fcharib\u0259sin\u0259 k\u00f6n\u00fcll\u00fc \u015f\u0259kild\u0259 qat\u0131l\u0131b. Ona Suqovu\u015fan q\u0259s\u0259b\u0259sinin azad edilm\u0259sind\u0259 g\u00f6st\u0259rdiyi \u015f\u00fcca\u0259t\u0259 g\u00f6r\u0259 gizir r\u00fctb\u0259si verilib. Oktyabr\u0131n 13-d\u0259 A\u011fd\u0259r\u0259&hellip;","_links":{"self":[{"href":"https:\/\/arantv.az\/index.php?rest_route=\/wp\/v2\/posts\/640371"}],"collection":[{"href":"https:\/\/arantv.az\/index.php?rest_route=\/wp\/v2\/posts"}],"about":[{"href":"https:\/\/arantv.az\/index.php?rest_route=\/wp\/v2\/types\/post"}],"author":[{"embeddable":true,"href":"https:\/\/arantv.az\/index.php?rest_route=\/wp\/v2\/users\/2"}],"replies":[{"embeddable":true,"href":"https:\/\/arantv.az\/index.php?rest_route=%2Fwp%2Fv2%2Fcomments&post=640371"}],"version-history":[{"count":0,"href":"https:\/\/arantv.az\/index.php?rest_route=\/wp\/v2\/posts\/640371\/revisions"}],"wp:featuredmedia":[{"embeddable":true,"href":"https:\/\/arantv.az\/index.php?rest_route=\/wp\/v2\/media\/640372"}],"wp:attachment":[{"href":"https:\/\/arantv.az\/index.php?rest_route=%2Fwp%2Fv2%2Fmedia&parent=640371"}],"wp:term":[{"taxonomy":"category","embeddable":true,"href":"https:\/\/arantv.az\/index.php?rest_route=%2Fwp%2Fv2%2Fcategories&post=640371"},{"taxonomy":"post_tag","embeddable":true,"href":"https:\/\/arantv.az\/index.php?rest_route=%2Fwp%2Fv2%2Ftags&post=640371"}],"curies":[{"name":"wp","href":"https:\/\/api.w.org\/{rel}","templated":true}]}}