{"id":640374,"date":"2023-10-02T12:52:08","date_gmt":"2023-10-02T08:52:08","guid":{"rendered":"https:\/\/arantv.az\/?p=640374"},"modified":"2023-10-02T12:52:08","modified_gmt":"2023-10-02T08:52:08","slug":"pensiyalarla-bagli-sad-x%c9%99b%c9%99r-n%c9%99-q%c9%99d%c9%99r-artacagi-aciqlandi-video","status":"publish","type":"post","link":"https:\/\/arantv.az\/?p=640374","title":{"rendered":"Pensiyalarla ba\u011fl\u0131 \u015eAD X\u018fB\u018fR &#8211; N\u0259 q\u0259d\u0259r artaca\u011f\u0131 A\u00c7IQLANDI &#8211; V\u0130DEO"},"content":{"rendered":"<div class=\"text-content\" data-id=\"\" data-url=\"\">\n<p><strong>&#8220;2024-c\u00fc ilin yanvar ay\u0131ndan etibar\u0259n b\u00fct\u00fcn \u0259m\u0259k pensiyalar\u0131 indeksasiya olunaraq art\u0131r\u0131lacaq&#8221;.<\/strong><\/p>\n<p>Bu bar\u0259d\u0259\u00a0<strong>mill\u0259t v\u0259kili, iqtisad\u00e7\u0131 V\u00fcqar Bayramov<\/strong>\u00a0&#8220;ATV X\u0259b\u0259r&#8221;\u0259 a\u00e7\u0131qlamas\u0131nda bildirib:<\/p>\n<p>&#8220;\u0130lkin g\u00f6zl\u0259nti ondan ibar\u0259tdir ki, pensiyalar t\u0259xmin\u0259n 11 faiz \u0259traf\u0131nda indeksasiya olunaraq art\u0131mlar realla\u015facaq. \u00c7\u00fcnki bu ilin gerid\u0259 qalan aylar\u0131nda orta ayl\u0131q \u0259m\u0259khaqq\u0131 11.3 faiz art\u0131b. Buna uy\u011fun olaraq art\u0131mlar ba\u015f ver\u0259c\u0259k. \u018fvv\u0259lki ill\u0259rd\u0259 pensiyas\u0131 indeksasiya olunmayan 100 min v\u0259t\u0259nda\u015f\u0131m\u0131z\u0131n da 2024-c\u00fc ild\u0259 pensiyalar\u0131 indeksasiya olunaraq art\u0131r\u0131lacaq. Ayl\u0131q 425 AZN alan v\u0259t\u0259nda\u015f\u0131n pensiyas\u0131 50 AZN artacaq&#8221;.<\/p>\n<p><strong>V\u00fcqar Bayramov onu da bildirib ki, pensiya m\u0259bl\u0259\u011find\u0259n as\u0131l\u0131 olaraq bu r\u0259q\u0259m d\u0259yi\u015f\u0259c\u0259k.<\/strong><\/p>\n<p>Daha \u00e7ox pensiya alanlarda bu r\u0259q\u0259m y\u00fcks\u0259k olacaq.<\/p>\n<p><strong>\u018ftrafl\u0131 videoda:<\/strong><\/p>\n<p><strong><iframe title=\"YouTube video player\" src=\"https:\/\/www.youtube.com\/embed\/Z-jPJ6H091s?si=3u3xeoid8aqSjrbk\" frameborder=\"0\" allowfullscreen=\"allowfullscreen\" data-mce-fragment=\"1\"><\/iframe><\/strong><\/p>\n<\/div>\n<div><\/div>\n<div>\n<div class=\"banner banner-6cdd60ea0045eb7a6ec44c54d29ed402\" data-banner=\"MTg0\">\n<div><ins id=\"revive-0-0\" data-revive-zoneid=\"134\" data-revive-id=\"144e1bb6fa796840b2323709bbb2f595\" data-revive-seq=\"0\" data-revive-loaded=\"1\"><iframe width=\"0\" height=\"0\" frameborder=\"0\" scrolling=\"no\" data-mce-fragment=\"1\"><\/iframe><\/ins><\/div>\n<\/div>\n<\/div>\n","protected":false},"excerpt":{"rendered":"<p>&#8220;2024-c\u00fc ilin yanvar ay\u0131ndan etibar\u0259n b\u00fct\u00fcn \u0259m\u0259k pensiyalar\u0131 indeksasiya olunaraq art\u0131r\u0131lacaq&#8221;. Bu bar\u0259d\u0259\u00a0mill\u0259t v\u0259kili, iqtisad\u00e7\u0131 V\u00fcqar Bayramov\u00a0&#8220;ATV X\u0259b\u0259r&#8221;\u0259 a\u00e7\u0131qlamas\u0131nda bildirib: &#8220;\u0130lkin g\u00f6zl\u0259nti ondan ibar\u0259tdir ki, pensiyalar t\u0259xmin\u0259n 11 faiz \u0259traf\u0131nda indeksasiya olunaraq art\u0131mlar realla\u015facaq. \u00c7\u00fcnki bu ilin gerid\u0259 qalan aylar\u0131nda orta ayl\u0131q \u0259m\u0259khaqq\u0131 11.3 faiz art\u0131b. Buna uy\u011fun olaraq art\u0131mlar ba\u015f ver\u0259c\u0259k. \u018fvv\u0259lki ill\u0259rd\u0259 pensiyas\u0131 indeksasiya olunmayan 100 min v\u0259t\u0259nda\u015f\u0131m\u0131z\u0131n da 2024-c\u00fc ild\u0259 pensiyalar\u0131 indeksasiya olunaraq art\u0131r\u0131lacaq. Ayl\u0131q 425 AZN alan v\u0259t\u0259nda\u015f\u0131n pensiyas\u0131 50 AZN artacaq&#8221;. V\u00fcqar Bayramov onu da bildirib ki, pensiya m\u0259bl\u0259\u011find\u0259n as\u0131l\u0131 olaraq bu r\u0259q\u0259m d\u0259yi\u015f\u0259c\u0259k. Daha&hellip;<\/p>\n","protected":false},"author":2,"featured_media":640378,"comment_status":"closed","ping_status":"closed","sticky":false,"template":"","format":"standard","meta":{"om_disable_all_campaigns":false,"_monsterinsights_skip_tracking":false,"_monsterinsights_sitenote_active":false,"_monsterinsights_sitenote_note":"","_monsterinsights_sitenote_category":0},"categories":[26],"tags":[],"aioseo_notices":[],"gutentor_comment":0,"rttpg_featured_image_url":{"full":["https:\/\/arantv.az\/wp-content\/uploads\/2023\/10\/9b06b8ee066b90e7cb62a10c404bb1e1.jpg",850,500,false],"landscape":["https:\/\/arantv.az\/wp-content\/uploads\/2023\/10\/9b06b8ee066b90e7cb62a10c404bb1e1.jpg",850,500,false],"portraits":["https:\/\/arantv.az\/wp-content\/uploads\/2023\/10\/9b06b8ee066b90e7cb62a10c404bb1e1.jpg",850,500,false],"thumbnail":["https:\/\/arantv.az\/wp-content\/uploads\/2023\/10\/9b06b8ee066b90e7cb62a10c404bb1e1-500x280.jpg",500,280,true],"medium":["https:\/\/arantv.az\/wp-content\/uploads\/2023\/10\/9b06b8ee066b90e7cb62a10c404bb1e1-621x365.jpg",621,365,true],"large":["https:\/\/arantv.az\/wp-content\/uploads\/2023\/10\/9b06b8ee066b90e7cb62a10c404bb1e1-840x494.jpg",640,376,true],"1536x1536":["https:\/\/arantv.az\/wp-content\/uploads\/2023\/10\/9b06b8ee066b90e7cb62a10c404bb1e1.jpg",850,500,false],"2048x2048":["https:\/\/arantv.az\/wp-content\/uploads\/2023\/10\/9b06b8ee066b90e7cb62a10c404bb1e1.jpg",850,500,false],"post-thumbnail":["https:\/\/arantv.az\/wp-content\/uploads\/2023\/10\/9b06b8ee066b90e7cb62a10c404bb1e1-240x172.jpg",240,172,true],"advps-thumb-one":["https:\/\/arantv.az\/wp-content\/uploads\/2023\/10\/9b06b8ee066b90e7cb62a10c404bb1e1.jpg",850,500,false]},"rttpg_author":{"display_name":"V\u00fcsal Rafiqo\u011flu","author_link":"https:\/\/arantv.az\/?author=2"},"rttpg_comment":0,"rttpg_category":"<a href=\"https:\/\/arantv.az\/?cat=26\" rel=\"category\">Sosial<\/a>","rttpg_excerpt":"&#8220;2024-c\u00fc ilin yanvar ay\u0131ndan etibar\u0259n b\u00fct\u00fcn \u0259m\u0259k pensiyalar\u0131 indeksasiya olunaraq art\u0131r\u0131lacaq&#8221;. Bu bar\u0259d\u0259\u00a0mill\u0259t v\u0259kili, iqtisad\u00e7\u0131 V\u00fcqar Bayramov\u00a0&#8220;ATV X\u0259b\u0259r&#8221;\u0259 a\u00e7\u0131qlamas\u0131nda bildirib: &#8220;\u0130lkin g\u00f6zl\u0259nti ondan ibar\u0259tdir ki, pensiyalar t\u0259xmin\u0259n 11 faiz \u0259traf\u0131nda indeksasiya olunaraq art\u0131mlar realla\u015facaq. \u00c7\u00fcnki bu ilin gerid\u0259 qalan aylar\u0131nda orta ayl\u0131q \u0259m\u0259khaqq\u0131 11.3 faiz art\u0131b. Buna uy\u011fun olaraq art\u0131mlar ba\u015f ver\u0259c\u0259k. \u018fvv\u0259lki ill\u0259rd\u0259 pensiyas\u0131&hellip;","_links":{"self":[{"href":"https:\/\/arantv.az\/index.php?rest_route=\/wp\/v2\/posts\/640374"}],"collection":[{"href":"https:\/\/arantv.az\/index.php?rest_route=\/wp\/v2\/posts"}],"about":[{"href":"https:\/\/arantv.az\/index.php?rest_route=\/wp\/v2\/types\/post"}],"author":[{"embeddable":true,"href":"https:\/\/arantv.az\/index.php?rest_route=\/wp\/v2\/users\/2"}],"replies":[{"embeddable":true,"href":"https:\/\/arantv.az\/index.php?rest_route=%2Fwp%2Fv2%2Fcomments&post=640374"}],"version-history":[{"count":0,"href":"https:\/\/arantv.az\/index.php?rest_route=\/wp\/v2\/posts\/640374\/revisions"}],"wp:featuredmedia":[{"embeddable":true,"href":"https:\/\/arantv.az\/index.php?rest_route=\/wp\/v2\/media\/640378"}],"wp:attachment":[{"href":"https:\/\/arantv.az\/index.php?rest_route=%2Fwp%2Fv2%2Fmedia&parent=640374"}],"wp:term":[{"taxonomy":"category","embeddable":true,"href":"https:\/\/arantv.az\/index.php?rest_route=%2Fwp%2Fv2%2Fcategories&post=640374"},{"taxonomy":"post_tag","embeddable":true,"href":"https:\/\/arantv.az\/index.php?rest_route=%2Fwp%2Fv2%2Ftags&post=640374"}],"curies":[{"name":"wp","href":"https:\/\/api.w.org\/{rel}","templated":true}]}}