{"id":640381,"date":"2023-10-02T14:03:45","date_gmt":"2023-10-02T10:03:45","guid":{"rendered":"https:\/\/arantv.az\/?p=640381"},"modified":"2023-10-02T14:03:45","modified_gmt":"2023-10-02T10:03:45","slug":"az%c9%99rbaycan-slovakiya-g%c9%99lirl%c9%99r%c9%99-gor%c9%99-ikiqat-vergitutma-aradan-qaldirildi","status":"publish","type":"post","link":"https:\/\/arantv.az\/?p=640381","title":{"rendered":"Az\u0259rbaycan-Slovakiya: G\u0259lirl\u0259r\u0259 g\u00f6r\u0259 ikiqat vergitutma aradan qald\u0131r\u0131ld\u0131"},"content":{"rendered":"<p>Milli M\u0259clisin iclas\u0131nda Az\u0259rbaycanla Slovakiya aras\u0131nda ba\u011flanan sazi\u015f ratifikasiya edilib.<\/p>\n<p><b>ARANTV.AZ <\/b>bildirir ki, s\u0259n\u0259d \u201cAz\u0259rbaycan Respublikas\u0131 il\u0259 Slovakiya Respublikas\u0131 aras\u0131nda g\u0259lirl\u0259r\u0259 g\u00f6r\u0259 vergil\u0259r\u0259 m\u00fcnasib\u0259td\u0259 ikiqat vergitutman\u0131n aradan qald\u0131r\u0131lmas\u0131 v\u0259 vergid\u0259n yay\u0131nman\u0131n qar\u015f\u0131s\u0131n\u0131n al\u0131nmas\u0131 haqq\u0131nda\u201d sazi\u015fdir.<\/p>\n<p>Bununla da Az\u0259rbaycan v\u0259 Slovakiya aras\u0131nda g\u0259lirl\u0259r\u0259 g\u00f6r\u0259 vergil\u0259r\u0259 m\u00fcnasib\u0259td\u0259 ikiqat vergitutman\u0131n aradan qald\u0131r\u0131lmas\u0131 t\u0259sdiql\u0259nib.<\/p>\n","protected":false},"excerpt":{"rendered":"<p>Milli M\u0259clisin iclas\u0131nda Az\u0259rbaycanla Slovakiya aras\u0131nda ba\u011flanan sazi\u015f ratifikasiya edilib. ARANTV.AZ bildirir ki, s\u0259n\u0259d \u201cAz\u0259rbaycan Respublikas\u0131 il\u0259 Slovakiya Respublikas\u0131 aras\u0131nda g\u0259lirl\u0259r\u0259 g\u00f6r\u0259 vergil\u0259r\u0259 m\u00fcnasib\u0259td\u0259 ikiqat vergitutman\u0131n aradan qald\u0131r\u0131lmas\u0131 v\u0259 vergid\u0259n yay\u0131nman\u0131n qar\u015f\u0131s\u0131n\u0131n al\u0131nmas\u0131 haqq\u0131nda\u201d sazi\u015fdir. Bununla da Az\u0259rbaycan v\u0259 Slovakiya aras\u0131nda g\u0259lirl\u0259r\u0259 g\u00f6r\u0259 vergil\u0259r\u0259 m\u00fcnasib\u0259td\u0259 ikiqat vergitutman\u0131n aradan qald\u0131r\u0131lmas\u0131 t\u0259sdiql\u0259nib.<\/p>\n","protected":false},"author":2,"featured_media":640388,"comment_status":"closed","ping_status":"closed","sticky":false,"template":"","format":"standard","meta":{"om_disable_all_campaigns":false,"_monsterinsights_skip_tracking":false,"_monsterinsights_sitenote_active":false,"_monsterinsights_sitenote_note":"","_monsterinsights_sitenote_category":0},"categories":[4],"tags":[],"aioseo_notices":[],"gutentor_comment":0,"rttpg_featured_image_url":{"full":["https:\/\/arantv.az\/wp-content\/uploads\/2023\/10\/1-esas-WhatsApp-Image-2023-04-04-at-14.59.39_1680618775.jpg",620,413,false],"landscape":["https:\/\/arantv.az\/wp-content\/uploads\/2023\/10\/1-esas-WhatsApp-Image-2023-04-04-at-14.59.39_1680618775.jpg",620,413,false],"portraits":["https:\/\/arantv.az\/wp-content\/uploads\/2023\/10\/1-esas-WhatsApp-Image-2023-04-04-at-14.59.39_1680618775.jpg",620,413,false],"thumbnail":["https:\/\/arantv.az\/wp-content\/uploads\/2023\/10\/1-esas-WhatsApp-Image-2023-04-04-at-14.59.39_1680618775-500x280.jpg",500,280,true],"medium":["https:\/\/arantv.az\/wp-content\/uploads\/2023\/10\/1-esas-WhatsApp-Image-2023-04-04-at-14.59.39_1680618775-548x365.jpg",548,365,true],"large":["https:\/\/arantv.az\/wp-content\/uploads\/2023\/10\/1-esas-WhatsApp-Image-2023-04-04-at-14.59.39_1680618775.jpg",620,413,false],"1536x1536":["https:\/\/arantv.az\/wp-content\/uploads\/2023\/10\/1-esas-WhatsApp-Image-2023-04-04-at-14.59.39_1680618775.jpg",620,413,false],"2048x2048":["https:\/\/arantv.az\/wp-content\/uploads\/2023\/10\/1-esas-WhatsApp-Image-2023-04-04-at-14.59.39_1680618775.jpg",620,413,false],"post-thumbnail":["https:\/\/arantv.az\/wp-content\/uploads\/2023\/10\/1-esas-WhatsApp-Image-2023-04-04-at-14.59.39_1680618775-240x172.jpg",240,172,true],"advps-thumb-one":["https:\/\/arantv.az\/wp-content\/uploads\/2023\/10\/1-esas-WhatsApp-Image-2023-04-04-at-14.59.39_1680618775.jpg",620,413,false]},"rttpg_author":{"display_name":"V\u00fcsal Rafiqo\u011flu","author_link":"https:\/\/arantv.az\/?author=2"},"rttpg_comment":0,"rttpg_category":"<a href=\"https:\/\/arantv.az\/?cat=4\" rel=\"category\">Siyas\u0259t<\/a>","rttpg_excerpt":"Milli M\u0259clisin iclas\u0131nda Az\u0259rbaycanla Slovakiya aras\u0131nda ba\u011flanan sazi\u015f ratifikasiya edilib. ARANTV.AZ bildirir ki, s\u0259n\u0259d \u201cAz\u0259rbaycan Respublikas\u0131 il\u0259 Slovakiya Respublikas\u0131 aras\u0131nda g\u0259lirl\u0259r\u0259 g\u00f6r\u0259 vergil\u0259r\u0259 m\u00fcnasib\u0259td\u0259 ikiqat vergitutman\u0131n aradan qald\u0131r\u0131lmas\u0131 v\u0259 vergid\u0259n yay\u0131nman\u0131n qar\u015f\u0131s\u0131n\u0131n al\u0131nmas\u0131 haqq\u0131nda\u201d sazi\u015fdir. Bununla da Az\u0259rbaycan v\u0259 Slovakiya aras\u0131nda g\u0259lirl\u0259r\u0259 g\u00f6r\u0259 vergil\u0259r\u0259 m\u00fcnasib\u0259td\u0259 ikiqat vergitutman\u0131n aradan qald\u0131r\u0131lmas\u0131 t\u0259sdiql\u0259nib.","_links":{"self":[{"href":"https:\/\/arantv.az\/index.php?rest_route=\/wp\/v2\/posts\/640381"}],"collection":[{"href":"https:\/\/arantv.az\/index.php?rest_route=\/wp\/v2\/posts"}],"about":[{"href":"https:\/\/arantv.az\/index.php?rest_route=\/wp\/v2\/types\/post"}],"author":[{"embeddable":true,"href":"https:\/\/arantv.az\/index.php?rest_route=\/wp\/v2\/users\/2"}],"replies":[{"embeddable":true,"href":"https:\/\/arantv.az\/index.php?rest_route=%2Fwp%2Fv2%2Fcomments&post=640381"}],"version-history":[{"count":0,"href":"https:\/\/arantv.az\/index.php?rest_route=\/wp\/v2\/posts\/640381\/revisions"}],"wp:featuredmedia":[{"embeddable":true,"href":"https:\/\/arantv.az\/index.php?rest_route=\/wp\/v2\/media\/640388"}],"wp:attachment":[{"href":"https:\/\/arantv.az\/index.php?rest_route=%2Fwp%2Fv2%2Fmedia&parent=640381"}],"wp:term":[{"taxonomy":"category","embeddable":true,"href":"https:\/\/arantv.az\/index.php?rest_route=%2Fwp%2Fv2%2Fcategories&post=640381"},{"taxonomy":"post_tag","embeddable":true,"href":"https:\/\/arantv.az\/index.php?rest_route=%2Fwp%2Fv2%2Ftags&post=640381"}],"curies":[{"name":"wp","href":"https:\/\/api.w.org\/{rel}","templated":true}]}}